{"id":1030,"date":"2017-05-12T15:51:30","date_gmt":"2017-05-12T14:51:30","guid":{"rendered":"http:\/\/gaetanvangoidsenhoven.be\/?p=1030"},"modified":"2017-10-12T15:56:37","modified_gmt":"2017-10-12T14:56:37","slug":"question-orale-sur-lavenir-du-projet-au-cinema-palace","status":"publish","type":"post","link":"https:\/\/gaetanvangoidsenhoven.be\/index.php\/2017\/05\/12\/question-orale-sur-lavenir-du-projet-au-cinema-palace\/","title":{"rendered":"Question orale sur l&rsquo;avenir du projet au Cin\u00e9ma Palace"},"content":{"rendered":"<p><strong>Question orale&nbsp;de Monsieur Ga\u00ebtan VAN GOIDSENHOVEN, D\u00e9put\u00e9, adress\u00e9e \u00e0 Madame Fadila LAANAN, Ministre-Pr\u00e9sidente en charge de la Culture<\/strong><\/p>\n<p>concernant<strong>&nbsp;l&rsquo;avenir du projet culturel au Cin\u00e9ma Palace<\/strong><\/p>\n<p><strong>M. Ga\u00ebtan Van Goidsenhoven (MR).-<\/strong> Comme vous le savez, la Communaut\u00e9 fran\u00e7aise a acquis, en 2001, le complexe cin\u00e9matographique Path\u00e9 Palace, situ\u00e9 boulevard Anspach, pour seize millions d&rsquo;euros. En 2004 a \u00e9t\u00e9 approuv\u00e9 le projet de cin\u00e9ma d&rsquo;art et d&rsquo;essai Cin\u00e9ma Palace, port\u00e9 par l&rsquo;asbl Le Palace, dont sont notamment membres les fr\u00e8res Dardenne.<\/p>\n<p>Au cours des deux derni\u00e8res l\u00e9gislatures, la ministre de la Culture de l&rsquo;\u00e9poque, \u00e0 savoir vous-m\u00eame, n&rsquo;a pas h\u00e9sit\u00e9 \u00e0 injecter des fonds compl\u00e9mentaires pour concr\u00e9tiser cet important projet culturel, avec, en ligne de mire, une ouverture projet\u00e9e en 2013.<\/p>\n<p>Aujourd&rsquo;hui, on constate cependant que le Palace est toujours inaccessible au public. L&rsquo;actuelle ministre de la Culture a annonc\u00e9 sa r\u00e9ouverture \u00e0 l&rsquo;automne prochain et une enveloppe de 2,7 millions d&rsquo;euros a \u00e9t\u00e9 pr\u00e9vue pour terminer enfin les travaux. Cette somme ne serait, cependant, pas suffisante.<\/p>\n<p>De plus, il appara\u00eet que, sur les seize millions allou\u00e9s au rachat du b\u00e2timent, dix doivent encore \u00eatre rembours\u00e9s, \u00e0 concurrence de 550.000 euros par an d&rsquo;ici 2035. \u00c0 cela s&rsquo;ajoute le fait que le ministre du Budget de la F\u00e9d\u00e9ration Wallonie-Bruxelles juge le projet financi\u00e8rement insoutenable, mais peine \u00e0 trouver une solution pour offrir un avenir au Palace.<\/p>\n<p>Le ministre Andr\u00e9 Flahaut a signal\u00e9, \u00e0 cet \u00e9gard, que tant la R\u00e9gion Bruxelloise que la Commission communautaire fran\u00e7aise (Commission communautaire fran\u00e7aise) ont d\u00e9clin\u00e9 une proposition qu&rsquo;il avait pris soin de leur formuler. Suite \u00e0 quoi, le ministre s&rsquo;est tourn\u00e9 vers Beliris, tout en \u00e9voquant la possibilit\u00e9, assez floue \u00e0 ce stade, d&rsquo;un partenariat public-priv\u00e9 (PPP), et celle, d\u00e9sastreuse, d&rsquo;une remise du b\u00e2timent sur le march\u00e9.<\/p>\n<p>\u00c0 l&rsquo;approche des discussions budg\u00e9taires pour 2018, le ministre a signifi\u00e9 que cette question serait sur la table et que toutes les portes ne sont pas ferm\u00e9es.<\/p>\n<p>Vous comprendrez que cette nouvelle a de quoi nous inqui\u00e9ter quant \u00e0 l&rsquo;avenir d&rsquo;un projet majeur pour la culture dans notre R\u00e9gion, et singuli\u00e8rement pour le rayonnement du septi\u00e8me art \u00e0 Bruxelles.<\/p>\n<p>Le Coll\u00e8ge a-t-il \u00e9t\u00e9 contact\u00e9 par le ministre du Budget ou la ministre de la Culture de la F\u00e9d\u00e9ration Wallonie-Bruxelles en vue de soumettre une proposition visant \u00e0 p\u00e9renniser le projet de cin\u00e9ma Palace ? Dans l&rsquo;affirmative, quelle \u00e9tait la nature de la proposition qui vous a \u00e9t\u00e9 faite et quelles sont ses implications ? Avez-vous d\u00e9clin\u00e9 ladite proposition et, le cas \u00e9ch\u00e9ant, pour quelles raisons ?<\/p>\n<p>Des contacts avec vos homologues de la R\u00e9gion bruxelloise ont-ils \u00e9t\u00e9 pris en vue de sauvegarder le projet de cin\u00e9ma d&rsquo;art et d&rsquo;essai Path\u00e9 Palace ? De nouveaux contacts sont-ils ou seront-ils pris pour \u00e9viter la liquidation, par la F\u00e9d\u00e9ration Wallonie-Bruxelles, d&rsquo;un projet aussi avanc\u00e9, et dont l&rsquo;abandon aurait concr\u00e8tement et symboliquement des effets d\u00e9sastreux sur la culture dans notre R\u00e9gion ? De quelle marge de man\u0153uvre la Commission communautaire fran\u00e7aise dispose-t-elle pour favoriser l&rsquo;aboutissement de ce grand projet culturel au c\u0153ur de notre ville ?<\/p>\n<p><strong>Mme Fadila Laanan, ministre-pr\u00e9sidente.-<\/strong> Comme vous le signalez, le complexe cin\u00e9matographique Le Palace ouvrira ses portes \u00e0 l&rsquo;automne prochain. Il b\u00e9n\u00e9ficiera d&rsquo;ici l\u00e0 d&rsquo;une enveloppe de 2.700.000 euros de la F\u00e9d\u00e9ration Wallonie-Bruxelles pour terminer l&rsquo;ensemble des travaux n\u00e9cessaires \u00e0 son fonctionnement.<\/p>\n<p>J&rsquo;ai \u00e9t\u00e9 interrog\u00e9e de mani\u00e8re informelle par Andr\u00e9 Flahaut, ministre du Budget de la F\u00e9d\u00e9ration Wallonie-Bruxelles, sur la possibilit\u00e9, pour la Commission communautaire fran\u00e7aise, de reprendre le complexe cin\u00e9matographique Le Palace. Sa proposition \u00e9tait la suivante : la Commission communautaire fran\u00e7aise devait rembourser \u00e0 la F\u00e9d\u00e9ration Wallonie-Bruxelles l&rsquo;ensemble des frais que celle-ci a engag\u00e9s pour l&rsquo;ensemble de l&rsquo;infrastructure, soit plus de seize millions d&rsquo;euros, qui se r\u00e9partissent comme suit :<\/p>\n<p>&#8211; 5 millions d&rsquo;euros pour l&rsquo;achat du b\u00e2timent ;<\/p>\n<p>&#8211; 6,7 millions d&rsquo;euros pour la mise en \u0153uvre des travaux n\u00e9cessaires \u00e0 l&rsquo;exploitation du complexe cin\u00e9matographique, via un emprunt garanti \u00e0 l&rsquo;asbl Palace ;<\/p>\n<p>&#8211; 2,7 millions d&rsquo;euros pour l&rsquo;\u00e9quipement ;<\/p>\n<p>&#8211; 1,6 million d&rsquo;euros pour les travaux n\u00e9cessaires \u00e0 l&rsquo;h\u00e9bergement temporaire du Th\u00e9\u00e2tre national pendant les travaux du boulevard Jacqmain.<\/p>\n<p>La proposition pr\u00e9voyait, en outre, que la Commission communautaire fran\u00e7aise assure ensuite l&rsquo;exploitation du complexe cin\u00e9matographique.<\/p>\n<p>Au regard de ces montants, il ne m&rsquo;a pas sembl\u00e9 utile de revenir vers le Gouvernement, tant ils ne pouvaient \u00eatre raisonnablement support\u00e9s par la seule Commission communautaire fran\u00e7aise.<\/p>\n<p>Par ailleurs, l&rsquo;exploitation d&rsquo;un tel complexe ne cadre absolument pas avec les missions de la Commission communautaire fran\u00e7aise.<\/p>\n<p>Je m&rsquo;engage \u00e0 rester attentive \u00e0 ce dossier. Je le connais tr\u00e8s bien, puisque je l&rsquo;ai g\u00e9r\u00e9 \u00e0 la F\u00e9d\u00e9ration Wallonie-Bruxelles. Je n&rsquo;h\u00e9siterai pas \u00e0 agir, si je peux \u00eatre utile, afin d&rsquo;\u00e9viter que cet espace ne tombe dans la sph\u00e8re compl\u00e8tement priv\u00e9e. C&rsquo;est le risque, aujourd&rsquo;hui, face au refus des partenaires publics potentiels.<\/p>\n<p><strong>M. Ga\u00ebtan Van Goidsenhoven (MR).-<\/strong> Je prends acte de la nature de la proposition de M. Flahaut. Je n&rsquo;aurai pas le mauvais go\u00fbt de pr\u00e9tendre que j&rsquo;ignore l&rsquo;\u00e9tat des finances de notre institution. Telle que formul\u00e9e, cette proposition \u00e9tait en effet tout \u00e0 fait d\u00e9raisonnable. Pour le reste, je note que vous restez attentive \u00e0 ce dossier.<\/p>\n<p>J&rsquo;ignore par quel biais, et \u00e9ventuellement en concertation avec nos coll\u00e8gues de la R\u00e9gion, vous pourriez tenter d&rsquo;influencer les choix qui seront op\u00e9r\u00e9s par la F\u00e9d\u00e9ration Wallonie-Bruxelles pour permettre \u00e0 ce projet d&rsquo;exister et d&rsquo;\u00eatre p\u00e9rennis\u00e9.<\/p>\n<p>En effet, il serait symboliquement regrettable que ce b\u00e2timent soit purement et simplement liquid\u00e9, apr\u00e8s tout le travail qui a \u00e9t\u00e9 d\u00e9j\u00e0 accompli et toute l&rsquo;implication qu&rsquo;il a d\u00e9j\u00e0 n\u00e9cessit\u00e9.<\/p>\n<p>Je sais que la Commission communautaire fran\u00e7aise, vu les moyens dont elle dispose, ne peut pas jouer un r\u00f4le de premier plan dans ce dossier. N\u00e9anmoins, je pense qu&rsquo;elle a une capacit\u00e9 d&rsquo;implication politique et morale pour peser de tout son poids et \u00e9viter que le choix le plus funeste ne soit retenu par la F\u00e9d\u00e9ration Wallonie-Bruxelles quant \u00e0 l&rsquo;avenir du b\u00e2timent du Path\u00e9 Palace.<\/p>\n<p>&nbsp;<\/p>\n<p><em>Pour retrouver l\u2019intervention dans son int\u00e9gralit\u00e9, veuillez cliquer <a href=\"http:\/\/www.pfb.irisnet.be\/documents\/compte-rendu-de-la-seance-pleniere-du-12-mai-2017\/document\">ici<\/a>.<br \/>\n<\/em><em>CR n\u00b048 (2016-2017), Mai 2017, pp. 29-30<\/em><\/p>\n","protected":false},"excerpt":{"rendered":"<p>Question orale&nbsp;de Monsieur Ga\u00ebtan VAN GOIDSENHOVEN, D\u00e9put\u00e9, adress\u00e9e \u00e0 Madame Fadila LAANAN, Ministre-Pr\u00e9sidente [&hellip;]<\/p>\n","protected":false},"author":2,"featured_media":0,"comment_status":"closed","ping_status":"open","sticky":false,"template":"","format":"standard","meta":{"ngg_post_thumbnail":0,"footnotes":""},"categories":[30],"tags":[],"class_list":["post-1030","post","type-post","status-publish","format-standard","hentry","category-questions-orales-et-dactualite"],"aioseo_notices":[],"_links":{"self":[{"href":"https:\/\/gaetanvangoidsenhoven.be\/index.php\/wp-json\/wp\/v2\/posts\/1030","targetHints":{"allow":["GET"]}}],"collection":[{"href":"https:\/\/gaetanvangoidsenhoven.be\/index.php\/wp-json\/wp\/v2\/posts"}],"about":[{"href":"https:\/\/gaetanvangoidsenhoven.be\/index.php\/wp-json\/wp\/v2\/types\/post"}],"author":[{"embeddable":true,"href":"https:\/\/gaetanvangoidsenhoven.be\/index.php\/wp-json\/wp\/v2\/users\/2"}],"replies":[{"embeddable":true,"href":"https:\/\/gaetanvangoidsenhoven.be\/index.php\/wp-json\/wp\/v2\/comments?post=1030"}],"version-history":[{"count":1,"href":"https:\/\/gaetanvangoidsenhoven.be\/index.php\/wp-json\/wp\/v2\/posts\/1030\/revisions"}],"predecessor-version":[{"id":1031,"href":"https:\/\/gaetanvangoidsenhoven.be\/index.php\/wp-json\/wp\/v2\/posts\/1030\/revisions\/1031"}],"wp:attachment":[{"href":"https:\/\/gaetanvangoidsenhoven.be\/index.php\/wp-json\/wp\/v2\/media?parent=1030"}],"wp:term":[{"taxonomy":"category","embeddable":true,"href":"https:\/\/gaetanvangoidsenhoven.be\/index.php\/wp-json\/wp\/v2\/categories?post=1030"},{"taxonomy":"post_tag","embeddable":true,"href":"https:\/\/gaetanvangoidsenhoven.be\/index.php\/wp-json\/wp\/v2\/tags?post=1030"}],"curies":[{"name":"wp","href":"https:\/\/api.w.org\/{rel}","templated":true}]}}