{"id":1045,"date":"2016-01-11T12:53:28","date_gmt":"2016-01-11T11:53:28","guid":{"rendered":"http:\/\/gaetanvangoidsenhoven.be\/?p=1045"},"modified":"2017-10-16T13:03:19","modified_gmt":"2017-10-16T12:03:19","slug":"interpellation-concernant-les-retards-et-les-surcouts-en-lien-avec-le-reamenagement-de-la-place-rogier","status":"publish","type":"post","link":"https:\/\/gaetanvangoidsenhoven.be\/index.php\/2016\/01\/11\/interpellation-concernant-les-retards-et-les-surcouts-en-lien-avec-le-reamenagement-de-la-place-rogier\/","title":{"rendered":"Interpellation concernant les retards et les surco\u00fbts en lien avec le r\u00e9am\u00e9nagement de la place Rogier"},"content":{"rendered":"<p><strong><span style=\"font-family: 'Georgia',serif; color: #333333;\">Interpellation de Monsieur Ga\u00ebtan VAN GOIDSENHOVEN, D\u00e9put\u00e9, adress\u00e9e \u00e0 M. Pascal SMET, Ministre du Gouvernement de la R\u00e9gion de Bruxelles-Capitale, charg\u00e9 des Travaux publics et des Transports, <\/span><\/strong><b><\/b><\/p>\n<p><span style=\"font-family: 'Georgia',serif; color: #333333;\">concernant<strong>&nbsp;les retards et les surco\u00fbts en lien avec le r\u00e9am\u00e9nagement de la place Rogier.<\/strong><\/span><\/p>\n<p><strong>M. Ga\u00ebtan Van Goidsenhoven (MR).-<\/strong> Un article de presse du mois de d\u00e9cembre dernier se faisait l&rsquo;\u00e9cho de diverses informations relatives aux travaux de r\u00e9am\u00e9nagement de la place Rogier.<\/p>\n<p>En plus de retards importants qui ont men\u00e9 \u00e0 des reports successifs &#8211; pas moins de trois ann\u00e9es de retard jusqu&rsquo;\u00e0 pr\u00e9sent &#8211; de la fin des chantiers de la place Rogier, nous apprenons que d&rsquo;importants surco\u00fbts ont \u00e9t\u00e9 engendr\u00e9s \u00e0 l&rsquo;occasion desdits travaux.<\/p>\n<p>Tout d&rsquo;abord, pourriez-vous confirmer les \u00e9ch\u00e9ances relatives \u00e0 la fin des travaux, tant attendue ? Au mois de mai dernier, vous \u00e9voquiez votre \u00e9nervement quant \u00e0 ces retards, que vous jugiez inadmissibles. N\u00e9anmoins, vous affirmiez que la fin des travaux semblait annonc\u00e9e pour le printemps 2016, en fonction des conditions&nbsp;climatiques. Quelle est la date effective de fin des travaux ?<\/p>\n<p>Ensuite, pouvez-vous confirmer le chiffre du budget total du r\u00e9am\u00e9nagement complet de cette place ? La somme avanc\u00e9e de 42.348.982 euros &#8211; soit un surco\u00fbt de 13 millions d&rsquo;euros au regard des 29 millions d&rsquo;euros pr\u00e9vus en 2010 &#8211; est-elle correcte ? Pourriez-vous nous d\u00e9tailler la r\u00e9partition des principaux postes budg\u00e9taires et des \u00e9ventuels surco\u00fbts qu&rsquo;ils auront engendr\u00e9s ? Quelles raisons peuvent-elles \u00eatre avanc\u00e9es pour justifier une \u00e9volution aussi significative quant au co\u00fbt de cette infrastructure ?<\/p>\n<p>Enfin, pouvez-vous nous informer du co\u00fbt relatif \u00e0 l&rsquo;auvent m\u00e9tallique de 60m de diam\u00e8tre qui surplombe une partie de la place Rogier ? Le chiffre de 7.500.000 euros avanc\u00e9 par la presse est-il exact ? Quelles raisons justifient l&rsquo;investissement d&rsquo;une somme aussi consid\u00e9rable sur ce seul \u00e9l\u00e9ment du projet de r\u00e9am\u00e9nagement de la place Rogier ?&nbsp;<\/p>\n<p><strong>M. Pascal Smet, ministre.-<\/strong> La premi\u00e8re estimation du montant des travaux du projet Rogier date de la phase du concours remport\u00e9 par l\u2019association momentan\u00e9e XDGA-NEY-Boydens en 2006, soit il y a dix ans. Un tel d\u00e9lai en dit long sur notre R\u00e9gion. Je n&rsquo;ose pas trop raconter \u00e0 l&rsquo;\u00e9tranger qu&rsquo;il nous faut dix ans pour r\u00e9am\u00e9nager une place&#8230;<\/p>\n<p>L\u2019estimation \u00e9tait alors de 15,5 millions d&rsquo;euros hors TVA. Ce montant tenait essentiellement compte de la partie purement architecturale et urbanistique du projet.<\/p>\n<p>En 2010, l\u2019estimation du montant des travaux a \u00e9t\u00e9 sensiblement modifi\u00e9e par l\u2019ajout des \u00e9l\u00e9ments suivants :<\/p>\n<p>&#8211; modification des fondations et adaptation de la structure du m\u00e9tro pour la r\u00e9alisation de l\u2019auvent ;<\/p>\n<p>&#8211; r\u00e9novation importante de l&rsquo;\u00e9tanch\u00e9it\u00e9 du tunnel de m\u00e9tro, de la station Rogier et du parking Rogier. Il&nbsp;est heureux que nous ayons revu l&rsquo;\u00e9tanch\u00e9it\u00e9. \u00c0 l&rsquo;avenir, les probl\u00e8mes d&rsquo;\u00e9tanch\u00e9it\u00e9 des tunnels de m\u00e9tro ou autoroutiers nous causeront beaucoup de soucis ;<\/p>\n<p>&#8211; r\u00e9novation et adaptation techniques sp\u00e9ciales de la station ;<\/p>\n<p>&#8211; placement des ascenseurs et des escalators ;<\/p>\n<p>&#8211; d\u00e9placement d\u2019imp\u00e9trants ;<\/p>\n<p>&#8211; expropriation de l\u2019espace de l\u2019atrium de la commune de Saint-Josse (environ 3 millions d&rsquo;euros).<\/p>\n<p>Le projet a \u00e9galement \u00e9volu\u00e9 avec le permis d\u2019urbanisme et \u00e0 la suite d&rsquo;ajouts.<\/p>\n<p>Les \u00e9tudes techniques ont \u00e9galement permis de mieux d\u00e9finir l\u2019ensemble du projet.<\/p>\n<p>Une actualisation de l\u2019estimation du bureau d\u2019\u00e9tude et des diff\u00e9rents services de Bruxelles Mobilit\u00e9 donnait un montant de l\u2019ordre de 33 \u00e0 34 millions d&rsquo;euros TVAC pour les travaux.<\/p>\n<p>Beliris a aussi engag\u00e9 un montant de cinq millions d\u2019euros. Les montants sont \u00e9lev\u00e9s. Il s&rsquo;agit d&rsquo;un chantier compliqu\u00e9, avec l&rsquo;une des stations de m\u00e9tro les plus fr\u00e9quent\u00e9es de la R\u00e9gion et le souhait d&rsquo;un geste architectural fort.<\/p>\n<p>On peut estimer le co\u00fbt des travaux \u00e0 environ 39 millions d&rsquo;euros, ce montant n&rsquo;\u00e9tant pas d\u00e9finitif. Compar\u00e9 \u00e0 ce qui avait \u00e9t\u00e9 d\u00e9termin\u00e9 en 2010, nous sommes \u00e0 cinq millions d&rsquo;euros suppl\u00e9mentaires. Il faut \u00eatre prudent lorsqu&rsquo;on compare, puisque l&rsquo;objet du chantier a \u00e9t\u00e9 consid\u00e9rablement \u00e9largi depuis 2006. La plus grande partie de ce montant est \u00e0 la charge de la R\u00e9gion. Beliris prend en charge une petite partie, tout comme la commune de Saint-Josse.<\/p>\n<p>L&rsquo;auvent n&rsquo;est pas la cause principale de l&rsquo;augmentation de treize millions d&rsquo;euros du budget initial. Il est par contre vrai que l&rsquo;auvent entra\u00eene d&rsquo;autres travaux n\u00e9cessaires, notamment au niveau des fondations. La place Rogier est une grande cavit\u00e9 dont le pourtour constitue les fondations. Il faut veiller \u00e0 ne pas faire une mauvaise manipulation au risque de voir s&rsquo;effondrer l&rsquo;ensemble de la place dans un puits. L&rsquo;un des&nbsp;meilleurs ing\u00e9nieurs-architectes europ\u00e9ens voire mondiaux, Ney &amp; Partners, a supervis\u00e9 ces travaux.<\/p>\n<p>Pour le retard lors de l&rsquo;ex\u00e9cution de l&rsquo;auvent, l&rsquo;entrepreneur a donn\u00e9 une justification pour la prolongation du d\u00e9lai d&rsquo;\u00e9tude de la p\u00e9riode d&rsquo;ao\u00fbt 2013 \u00e0 septembre 2014. Celle-ci est en cours d&rsquo;analyse par l&rsquo;administration.<\/p>\n<p>Je propose de vous communiquer les chiffres d\u00e9finitifs relatifs au montant des travaux \u00e0 la fin du chantier. Continuer \u00e0 fournir des chiffres interm\u00e9diaires ne servirait \u00e0 rien.<\/p>\n<p>La fin du chantier est toujours pr\u00e9vue pour mai ou juin 2016. Si tout va bien, les travaux proprement dits sur la place seront termin\u00e9s fin janvier, d\u00e9but f\u00e9vrier 2016. La couverture et l&rsquo;\u00e9quipement du pied de l&rsquo;auvent, o\u00f9 s&rsquo;installera de l&rsquo;horeca, devront encore \u00eatre mis en place ; les finitions suivront. Certains points doivent encore \u00eatre examin\u00e9s, comme la question de la dalle pour les bus.<\/p>\n<p>La place Rogier est l&rsquo;une des rares places vraiment \u00ab\u00a0urbaines\u00a0\u00bb de la R\u00e9gion, au sens large du terme. M\u00eame si elle est importante, la place Flagey est plut\u00f4t interquartiers. La place Rogier a un potentiel diff\u00e9rent, ne serait-ce que parce qu&rsquo;elle est bord\u00e9e d&rsquo;h\u00f4tels internationaux : Sheraton, Hilton, Crowne Plaza&#8230; Sans compter la pr\u00e9sence de Belfius, de City 2, l&rsquo;entr\u00e9e de la rue Neuve&#8230;<\/p>\n<p>Cela m\u00e9ritait un geste architectural important, car cette place \u00e9tait catastrophique pour l&rsquo;image de Bruxelles, comme le rond-point Robert Schuman l&rsquo;est encore aujourd&rsquo;hui. On peut d\u00e9battre de l&rsquo;utilit\u00e9 de cet auvent, mais on trouve des structures semblables dans nombre d&rsquo;autres villes, avec un impact bien plus consid\u00e9rable que celui-ci. En attendant, m\u00eame si le chantier n&rsquo;est pas termin\u00e9, les touristes prennent d\u00e9j\u00e0 des photos !<\/p>\n<p>L&rsquo;illumination pour les f\u00eates de fin d&rsquo;ann\u00e9e \u00e9tait tr\u00e8s bien r\u00e9ussie. \u00c0 l&rsquo;avenir, l&rsquo;auvent sera illumin\u00e9 de fa\u00e7on permanente d&rsquo;une lumi\u00e8re tr\u00e8s blanche, depuis le puits. Cela donnera de l&rsquo;allure \u00e0 notre ville-r\u00e9gion.<\/p>\n<p><strong>M. Ga\u00ebtan Van Goidsenhoven (MR).-<\/strong> Certes, il ne faut peut-\u00eatre pas comparer les chiffres de 2006 \u00e0 ceux de 2016. Cependant, n&rsquo;a-t-on pas \u00e9valu\u00e9 trop l\u00e9g\u00e8rement un chantier que vous-m\u00eame qualifiez de complexe ? Quelle est la part de Beliris dans ce co\u00fbt ?<\/p>\n<p>Le surco\u00fbt de l&rsquo;auvent, que vous avez tent\u00e9 de justifier, n&rsquo;aurait pas fait l&rsquo;unanimit\u00e9 au sein du gouvernement. Ainsi, l&rsquo;article susmentionn\u00e9 pr\u00e9cise que, \u00ab\u00a0selon une source proche du gouvernement bruxellois, il s&rsquo;agit d&rsquo;une lubie du ministre des Travaux publics, Pascal Smet\u00a0\u00bb. Cette source anonyme aurait ajout\u00e9 : \u00ab\u00a0Contrairement \u00e0 la r\u00e9novation de la station de m\u00e9tro et de la place en surface, cet auvent n&rsquo;\u00e9tait pas une n\u00e9cessit\u00e9. Par exemple, des \u0153uvres d&rsquo;art moins on\u00e9reuses auraient pu \u00eatre install\u00e9es \u00e0 la place\u00a0\u00bb. Cet investissement est-il une lubie, comme d&rsquo;aucuns le pr\u00e9tendent ?<\/p>\n<p><strong>M. Pascal Smet, ministre.-<\/strong> Non. Nous n&rsquo;en avons d&rsquo;ailleurs pas parl\u00e9 au sein du gouvernement. De plus, que peut-on qualifier de source proche ? Je pourrais, moi aussi, affirmer qu'\u00a0\u00bbune source proche du gouvernement trouve ce projet g\u00e9nial pour le rayonnement de notre ville-r\u00e9gion. C&rsquo;est la meilleure chose qui soit arriv\u00e9e ces vingt derni\u00e8res ann\u00e9es\u00a0\u00bb.<\/p>\n<p><strong>M. Ga\u00ebtan Van Goidsenhoven (MR).-<\/strong> Combien cet auvent a-t-il co\u00fbt\u00e9 ?<\/p>\n<p><strong>M. Pascal Smet, ministre.-<\/strong> Quelque cinq millions d&rsquo;euros. Estimez-vous qu&rsquo;il s&rsquo;agit d&rsquo;une lubie ?<\/p>\n<p><em><span style=\"font-family: 'Georgia',serif; color: #333333;\">Pour retrouver le texte dans son int\u00e9gralit\u00e9, cliquez&nbsp;<\/span><a href=\"http:\/\/www.weblex.irisnet.be\/data\/crb\/biq\/2015-16\/00042\/images.pdf\"><span style=\"font-family: 'Georgia',serif;\">ici<\/span><\/a><span style=\"font-family: 'Georgia',serif; color: #333333;\">.<br \/>\nCRI n\u00b042 (2015-2016), Janvier 2016, p.11-15<\/span><\/em><\/p>\n","protected":false},"excerpt":{"rendered":"<p>Interpellation de Monsieur Ga\u00ebtan VAN GOIDSENHOVEN, D\u00e9put\u00e9, adress\u00e9e \u00e0 M. Pascal SMET, Ministre [&hellip;]<\/p>\n","protected":false},"author":2,"featured_media":0,"comment_status":"closed","ping_status":"open","sticky":false,"template":"","format":"standard","meta":{"ngg_post_thumbnail":0,"footnotes":""},"categories":[29],"tags":[],"class_list":["post-1045","post","type-post","status-publish","format-standard","hentry","category-interpel"],"aioseo_notices":[],"_links":{"self":[{"href":"https:\/\/gaetanvangoidsenhoven.be\/index.php\/wp-json\/wp\/v2\/posts\/1045","targetHints":{"allow":["GET"]}}],"collection":[{"href":"https:\/\/gaetanvangoidsenhoven.be\/index.php\/wp-json\/wp\/v2\/posts"}],"about":[{"href":"https:\/\/gaetanvangoidsenhoven.be\/index.php\/wp-json\/wp\/v2\/types\/post"}],"author":[{"embeddable":true,"href":"https:\/\/gaetanvangoidsenhoven.be\/index.php\/wp-json\/wp\/v2\/users\/2"}],"replies":[{"embeddable":true,"href":"https:\/\/gaetanvangoidsenhoven.be\/index.php\/wp-json\/wp\/v2\/comments?post=1045"}],"version-history":[{"count":1,"href":"https:\/\/gaetanvangoidsenhoven.be\/index.php\/wp-json\/wp\/v2\/posts\/1045\/revisions"}],"predecessor-version":[{"id":1046,"href":"https:\/\/gaetanvangoidsenhoven.be\/index.php\/wp-json\/wp\/v2\/posts\/1045\/revisions\/1046"}],"wp:attachment":[{"href":"https:\/\/gaetanvangoidsenhoven.be\/index.php\/wp-json\/wp\/v2\/media?parent=1045"}],"wp:term":[{"taxonomy":"category","embeddable":true,"href":"https:\/\/gaetanvangoidsenhoven.be\/index.php\/wp-json\/wp\/v2\/categories?post=1045"},{"taxonomy":"post_tag","embeddable":true,"href":"https:\/\/gaetanvangoidsenhoven.be\/index.php\/wp-json\/wp\/v2\/tags?post=1045"}],"curies":[{"name":"wp","href":"https:\/\/api.w.org\/{rel}","templated":true}]}}