{"id":1058,"date":"2014-12-05T13:39:39","date_gmt":"2014-12-05T12:39:39","guid":{"rendered":"http:\/\/gaetanvangoidsenhoven.be\/?p=1058"},"modified":"2017-10-24T13:46:43","modified_gmt":"2017-10-24T12:46:43","slug":"interpellation-sur-le-subside-accorde-au-theatre-royal-de-la-monnaie","status":"publish","type":"post","link":"https:\/\/gaetanvangoidsenhoven.be\/index.php\/2014\/12\/05\/interpellation-sur-le-subside-accorde-au-theatre-royal-de-la-monnaie\/","title":{"rendered":"Interpellation sur le subside accord\u00e9 au Th\u00e9\u00e2tre Royal de la Monnaie"},"content":{"rendered":"<p><strong>Interpellation de Monsieur Ga\u00ebtan VAN GOIDSENHOVEN, D\u00e9put\u00e9, adress\u00e9e \u00e0 Madame Fadila LAANAN, Ministre-Pr\u00e9sidente du Coll\u00e8ge de la Commission communautaire fran\u00e7aise, en charge du Budget, de l&rsquo;Enseignement, du Transport scolaire, de l&rsquo;Accueil de l&rsquo;enfance, du Sport et de la Culture<\/strong><\/p>\n<p>concernant&nbsp;<strong>le subside accord\u00e9 au Th\u00e9\u00e2tre Royal de la Monnaie<\/strong><\/p>\n<p><strong>M. Ga\u00ebtan Van Goidsenhoven (MR).-<\/strong> Le renforcement de la Culture pour tous fait partie de vos priorit\u00e9s. Vous avez r\u00e9cemment annonc\u00e9 que la Commission communautaire fran\u00e7aise prenait une mesure en ce sens en accordant un subside de 54.000 euros au Th\u00e9\u00e2tre royal de la Monnaie, cela dans le cadre des activit\u00e9s de son service p\u00e9dagogique notamment li\u00e9es \u00e0 la d\u00e9couverte de l&rsquo;op\u00e9ra.<\/p>\n<p>La plupart des \u00e9tablissements \u00e0 vocation culturelle au sens large, comme les th\u00e9\u00e2tres, les biblioth\u00e8ques ou les mus\u00e9es, ont mis en place des services au public dans le but d&rsquo;\u00e9veiller leur curiosit\u00e9 \u00e0 toutes les formes d&rsquo;art et de culture.<\/p>\n<p>Depuis de nombreuses ann\u00e9es, l&rsquo;\u00e9ducation artistique et culturelle fait l&rsquo;objet d&rsquo;une politique conjointe entre ces deux secteurs, l&rsquo;Enseignement et la Culture, et c&rsquo;est parier sur l&rsquo;avenir que d&rsquo;investir dans les actions de sensibilisation des jeunes publics. En effet, les services p\u00e9dagogiques contribuent \u00e0 \u00e9veiller leur curiosit\u00e9.<\/p>\n<p>Ces activit\u00e9s \u00e9ducatives permettent d&rsquo;\u00e9tudier dans un cadre tr\u00e8s concret &#8211; notion ch\u00e8re aux \u00e9l\u00e8ves &#8211; des sujets du programme scolaire, qui peuvent ensuite \u00eatre d\u00e9velopp\u00e9s en classe et abord\u00e9s dans une perspective de transversalit\u00e9 avec d&rsquo;autres formes d&rsquo;expressions artistiques. Les \u00e9l\u00e8ves y sont souvent sensibles, car la nouveaut\u00e9 est stimulante, c&rsquo;est humain.<\/p>\n<p>Les activit\u00e9s dont il est question ici sont l&rsquo;occasion d&rsquo;un contact avec un secteur souvent peu connu de la culture, \u00e0 savoir l&rsquo;op\u00e9ra. Une telle rencontre permet de le d\u00e9mystifier gr\u00e2ce aux interventions de professionnels, de cr\u00e9ateurs et d&rsquo;animateurs sp\u00e9cialis\u00e9s.<\/p>\n<p>Vous l&rsquo;avez compris, notre intention n&rsquo;est pas de remettre en question votre initiative, mais bien d&rsquo;en comprendre la logique, la programmation et les effets attendus. En effet, les moyens de la Commission communautaire fran\u00e7aise sont limit\u00e9s ; il faut veiller \u00e0 l&rsquo;\u00e9quilibre des subsides octroy\u00e9s et \u00e0 la bonne intelligence des mesures soutenues. C&rsquo;est pourquoi je souhaiterais vous poser quelques questions pr\u00e9cises.<\/p>\n<p>Comment avez-vous fix\u00e9 le montant du subside dont il est question et sur quel poste budg\u00e9taire est-il imput\u00e9 ? Cette allocation est-elle accord\u00e9e au d\u00e9triment de subsides auparavant vers\u00e9s \u00e0 d&rsquo;autres initiatives ?<\/p>\n<p>Quel a \u00e9t\u00e9 le soutien apport\u00e9 ces derni\u00e8res ann\u00e9es par notre institution au service p\u00e9dagogique du Th\u00e9\u00e2tre royal de la Monnaie, en termes de montants investis et de projets ?<\/p>\n<p>Je ne vois pas le logo de la Commission communautaire fran\u00e7aise sur le site internet du Th\u00e9\u00e2tre royal de la Monnaie. Dans l&rsquo;onglet \u00ab Nos partenaires \u00bb ; l&rsquo;institution remercie uniquement ses partenaires priv\u00e9s.<\/p>\n<p>L&rsquo;initiative que vous portez s&rsquo;adresse-t-elle prioritairement aux \u00e9l\u00e8ves issus des \u00e9tablissements de la Commission communautaire fran\u00e7aise ? Si oui, comment vous \u00eates-vous assur\u00e9e que ce sera bien le cas ? Comment les enseignants de ces \u00e9tablissements ont-ils \u00e9t\u00e9 inform\u00e9s de ce programme de sensibilisation des jeunes publics \u00e0 l&rsquo;op\u00e9ra ?<\/p>\n<p>Enfin, les activit\u00e9s du service p\u00e9dagogique proposent aussi des formations pour les enseignants. Ces formations font-elles aussi partie des objectifs vis\u00e9s par le subside attribu\u00e9 par la Commission communautaire fran\u00e7aise ? Si c&rsquo;est le cas, avez-vous orchestr\u00e9 une campagne \u00e0 destination des professeurs pour les informer de cette \u00e9ventuelle opportunit\u00e9 ?<\/p>\n<p><em>[Intervention de Madame Emmery]<\/em><\/p>\n<p><em>[Intervention de Madame Trachte]<\/em><\/p>\n<p><strong>Mme Fadila Laanan, ministre-pr\u00e9sidente.-<\/strong> Je me r\u00e9jouis de l&rsquo;int\u00e9r\u00eat des d\u00e9put\u00e9s pour le Th\u00e9\u00e2tre royal de la Monnaie et pour l&rsquo;intervention de la Commission communautaire fran\u00e7aise dans les institutions culturelles f\u00e9d\u00e9rales.<\/p>\n<p>Le montant de 54.000 euros accord\u00e9 au Th\u00e9\u00e2tre royal de la Monnaie pour ses activit\u00e9s p\u00e9dagogiques a \u00e9t\u00e9 \u00e9tabli en 1999. Ce subside n&rsquo;ampute en rien les montants accord\u00e9s \u00e0 d&rsquo;autres asbl, puisque les montants allou\u00e9s \u00e0 La Monnaie sont inscrits sur l&rsquo;allocation de base sp\u00e9cifique 11.11.43.01 dans les budgets.<\/p>\n<p>Concr\u00e8tement, depuis 1999, le service \u00e9ducatif de La Monnaie propose diff\u00e9rentes activit\u00e9s p\u00e9dagogiques, telles que des visites pour les classes allant de la troisi\u00e8me ann\u00e9e de l&rsquo;enseignement maternel \u00e0 l&rsquo;enseignement secondaire, des ateliers de r\u00e9p\u00e9titions, des spectacles et des formations, dont certaines \u00e0 l&rsquo;intention des enseignants.<\/p>\n<p>En ce qui concerne la formation \u00e0 destination des futurs professionnels de l&rsquo;\u00e9ducation, La Monnaie propose, dans le cadre de journ\u00e9es Sup&rsquo;Op\u00e9ra, non seulement de d\u00e9couvrir la r\u00e9alit\u00e9 d&rsquo;une maison d&rsquo;op\u00e9ra, mais aussi de travailler sur un argument plus cibl\u00e9, comme une production. Ainsi en 2015, la Commission communautaire fran\u00e7aise a soutenu la composition &lsquo;Med\u00falla&rsquo; dans le cadre du projet Ch\u0153urs d&rsquo;enfants.<\/p>\n<p>Le Th\u00e9\u00e2tre royal de la Monnaie propose \u00e9galement le travail de la voix et du corps de mani\u00e8re plus g\u00e9n\u00e9rale, en conviant les enfants \u00e0 toute une s\u00e9rie d&rsquo;activit\u00e9s qui pourront ensuite \u00eatre explor\u00e9es dans les classes. Quelle que soit la formation, la journ\u00e9e se termine chaque fois par un \u00e9change entre les collaborateurs du Th\u00e9\u00e2tre royal de la Monnaie et les jeunes.<\/p>\n<p>Concernant les enseignants en poste, La Monnaie fournit, pour l&rsquo;ensemble de ses activit\u00e9s, un dossier p\u00e9dagogique cibl\u00e9, \u00e9tay\u00e9 d&rsquo;extraits musicaux et d&rsquo;illustrations, dans lequel des prolongements de ses activit\u00e9s sont propos\u00e9s aux enseignants.<\/p>\n<p>Le logo de la Commission communautaire fran\u00e7aise appara\u00eet syst\u00e9matiquement sur tous les supports de communication li\u00e9s \u00e0 ces diff\u00e9rentes activit\u00e9s, \u00e0 l&rsquo;exception du site internet. Comme l&rsquo;arr\u00eat\u00e9 de subvention pr\u00e9cise la pr\u00e9sence du logo de la Commission communautaire fran\u00e7aise, j&rsquo;aborderai ce sujet avec la direction du Th\u00e9\u00e2tre royal de la Monnaie, m\u00eame si celle-ci justifie cet \u00e9tat de fait par sa ligne \u00e9ditoriale.<\/p>\n<p>En revanche, les diff\u00e9rents projets p\u00e9dagogiques dont nous parlons aujourd&rsquo;hui s&rsquo;adressent \u00e0 tous les \u00e9tablissements francophones du pays. La Commission communautaire fran\u00e7aise n&rsquo;en subventionne \u00e9videmment que la partie bruxelloise. Reprendre exclusivement les \u00e9tablissements relevant de la Commission communautaire fran\u00e7aise dans les activit\u00e9s aurait \u00e9t\u00e9 trop limit\u00e9.<\/p>\n<p>Concernant la fa\u00e7on de communiquer avec les enseignants, c&rsquo;est le Th\u00e9\u00e2tre royal de la Monnaie qui organise lui-m\u00eame la diffusion de l&rsquo;information. Celui-ci dispose d&rsquo;une base de donn\u00e9es de tous les \u00e9tablissements scolaires francophones du pays, \u00e9labor\u00e9e \u00e0 partir des informations trouv\u00e9es sur le site enseignement.be.<\/p>\n<p>En juin 2013, le Th\u00e9\u00e2tre royal de la Monnaie a envoy\u00e9 dans toutes les \u00e9coles et \u00e0 tous les enseignants inscrits dans la base de donn\u00e9es une documentation sur papier. Cette ann\u00e9e, cette communication s&rsquo;est effectu\u00e9e par courrier \u00e9lectronique, par souci \u00e9cologique et pour limiter les frais d&rsquo;envoi. Quelque 2.371 envois ont \u00e9t\u00e9 effectu\u00e9s en juin et en septembre 2014.<\/p>\n<p>Par ailleurs, les enseignants sont invit\u00e9s \u00e0 devenir membres du r\u00e9seau \u00c9cole-Op\u00e9ra, une plate-forme informelle de rencontres et d&rsquo;\u00e9changes de bonnes pratiques. \u00c0 l&rsquo;occasion des r\u00e9p\u00e9titions pr\u00e9g\u00e9n\u00e9rales et des activit\u00e9s satellites auxquelles les membres sont invit\u00e9s, les enseignants prennent connaissance des projets \u00e0 d\u00e9couvrir avec leurs \u00e9l\u00e8ves ou \u00e9tudiants. Ils font \u00e9galement part de leurs exp\u00e9riences et souhaits dans le cadre des activit\u00e9s qu&rsquo;ils m\u00e8nent avec le Th\u00e9\u00e2tre royal de la Monnaie.<\/p>\n<p>Il est tr\u00e8s important que la Commission communautaire fran\u00e7aise continue \u00e0 soutenir ce type de projets, afin de permettre l&rsquo;acc\u00e8s de tous, et notamment des plus jeunes, aux cr\u00e9ations culturelles de notre pays. C&rsquo;est aussi une fa\u00e7on d&rsquo;amener ces jeunes \u00e0 d\u00e9couvrir le plaisir de l&rsquo;offre culturelle, et de leur donner envie de poursuivre ce cheminement \u00e0 l&rsquo;\u00e2ge adulte. Nous continuerons donc \u00e0 le faire pour tous les publics cibl\u00e9s par la d\u00e9claration de politique g\u00e9n\u00e9rale : jeunes, enfants, personnes \u00e2g\u00e9es et handicap\u00e9es.<\/p>\n<p>Concernant les soutiens \u00e0 apporter dans le domaine culturel en raison de la sixi\u00e8me r\u00e9forme de l&rsquo;\u00c9tat, nous avons la volont\u00e9 de travailler en synergie avec le gouvernement bruxellois. Cela se fera notamment dans le cadre de la table ronde du groupe de travail qu&rsquo;initiera M. Vervoort sur la culture et l&rsquo;offre culturelle diss\u00e9min\u00e9e \u00e0 Bruxelles.<\/p>\n<p>Nombre de mes coll\u00e8gues ont d\u00e9clar\u00e9 avoir envie d&rsquo;agir et d&rsquo;offrir \u00e0 notre capitale plus d&rsquo;offre culturelle dans tous les domaines. C&rsquo;est une excellente chose pour nos concitoyens. Celui qui peut \u00eatre le levier de cette action, c&rsquo;est toutefois le ministre-pr\u00e9sident. Il devrait pouvoir y associer l&rsquo;ensemble des partenaires comp\u00e9tents dans le domaine culturel \u00e0 Bruxelles.<\/p>\n<p><strong>M. Ga\u00ebtan Van Goidsenhoven (MR).-<\/strong> Je ne pense pas que vous m&rsquo;ayez r\u00e9pondu au sujet des modalit\u00e9s qui vous ont permis de d\u00e9terminer le montant dont il est question. Sur quel poste budg\u00e9taire est-il imput\u00e9 ?<\/p>\n<p><strong>Mme Fadila Laanan, ministre-pr\u00e9sidente.-<\/strong> J&rsquo;ai donn\u00e9 le num\u00e9ro de l&rsquo;article budg\u00e9taire dans ma r\u00e9ponse. Quant aux motifs et \u00e0 l&rsquo;argumentation justifiant le subventionnement, ils font toujours l&rsquo;objet d&rsquo;un examen tr\u00e8s minutieux de la part de mon administration.<\/p>\n<p><strong>M. Ga\u00ebtan Van Goidsenhoven (MR).-<\/strong> Je n&rsquo;en doute pas.<\/p>\n<p>Autre chose : vous avez dit que vous aviez envoy\u00e9 un certain nombre de courriers \u00e9lectroniques \u00e0 partir d&rsquo;une base de donn\u00e9es en votre possession. Peut-on quantifier l&rsquo;\u00e9ventuel succ\u00e8s de cet appel \u00e0 candidatures ?<\/p>\n<p>Enfin, je me r\u00e9jouis que l&rsquo;on se soit \u00e9pargn\u00e9 des d\u00e9bats st\u00e9riles sur les politiques men\u00e9es par le gouvernement f\u00e9d\u00e9ral en mati\u00e8re de Culture. Nous avons d\u00e9j\u00e0 suffisamment d\u00e9battu de cela. J&rsquo;appr\u00e9cie l&rsquo;\u00e9tat d&rsquo;esprit de ce matin, qui nous permet de travailler dans le respect et l&rsquo;apaisement.<\/p>\n<p><strong>Mme Fadila Laanan, ministre-pr\u00e9sidente.-<\/strong> Je n&rsquo;ai pas parl\u00e9 d&rsquo;appel \u00e0 candidatures. J&rsquo;ai simplement rappel\u00e9 que le Th\u00e9\u00e2tre royal de la Monnaie avait envoy\u00e9 2.371 courriers \u00e9lectroniques&nbsp;aux enseignants pour leur faire d\u00e9couvrir les projets p\u00e9dagogiques disponibles \u00e0 son niveau.<\/p>\n<p>&nbsp;<\/p>\n<p><em>Pour retrouver le texte dans son int\u00e9gralit\u00e9, cliquez <a href=\"http:\/\/www.pfb.irisnet.be\/documents\/compte-rendu-de-la-seance-pleniere-du-5-decembre-2014\/document\">ici<\/a>.<\/em><br \/>\n<em>CR n\u00b07 (2014-2015), D\u00e9cembre 2014, pp. 9-11<\/em><\/p>\n","protected":false},"excerpt":{"rendered":"<p>Interpellation de Monsieur Ga\u00ebtan VAN GOIDSENHOVEN, D\u00e9put\u00e9, adress\u00e9e \u00e0 Madame Fadila LAANAN, Ministre-Pr\u00e9sidente [&hellip;]<\/p>\n","protected":false},"author":2,"featured_media":0,"comment_status":"closed","ping_status":"open","sticky":false,"template":"","format":"standard","meta":{"ngg_post_thumbnail":0,"footnotes":""},"categories":[27],"tags":[],"class_list":["post-1058","post","type-post","status-publish","format-standard","hentry","category-interpellations-cocof"],"aioseo_notices":[],"_links":{"self":[{"href":"https:\/\/gaetanvangoidsenhoven.be\/index.php\/wp-json\/wp\/v2\/posts\/1058","targetHints":{"allow":["GET"]}}],"collection":[{"href":"https:\/\/gaetanvangoidsenhoven.be\/index.php\/wp-json\/wp\/v2\/posts"}],"about":[{"href":"https:\/\/gaetanvangoidsenhoven.be\/index.php\/wp-json\/wp\/v2\/types\/post"}],"author":[{"embeddable":true,"href":"https:\/\/gaetanvangoidsenhoven.be\/index.php\/wp-json\/wp\/v2\/users\/2"}],"replies":[{"embeddable":true,"href":"https:\/\/gaetanvangoidsenhoven.be\/index.php\/wp-json\/wp\/v2\/comments?post=1058"}],"version-history":[{"count":1,"href":"https:\/\/gaetanvangoidsenhoven.be\/index.php\/wp-json\/wp\/v2\/posts\/1058\/revisions"}],"predecessor-version":[{"id":1059,"href":"https:\/\/gaetanvangoidsenhoven.be\/index.php\/wp-json\/wp\/v2\/posts\/1058\/revisions\/1059"}],"wp:attachment":[{"href":"https:\/\/gaetanvangoidsenhoven.be\/index.php\/wp-json\/wp\/v2\/media?parent=1058"}],"wp:term":[{"taxonomy":"category","embeddable":true,"href":"https:\/\/gaetanvangoidsenhoven.be\/index.php\/wp-json\/wp\/v2\/categories?post=1058"},{"taxonomy":"post_tag","embeddable":true,"href":"https:\/\/gaetanvangoidsenhoven.be\/index.php\/wp-json\/wp\/v2\/tags?post=1058"}],"curies":[{"name":"wp","href":"https:\/\/api.w.org\/{rel}","templated":true}]}}