{"id":1130,"date":"2016-01-08T16:39:58","date_gmt":"2016-01-08T15:39:58","guid":{"rendered":"http:\/\/gaetanvangoidsenhoven.be\/?p=1130"},"modified":"2017-11-06T16:49:02","modified_gmt":"2017-11-06T15:49:02","slug":"interpellation-sur-le-role-de-la-cocof-dans-le-cadre-de-la-prevention-de-la-radicalisation-pour-les-francophones","status":"publish","type":"post","link":"https:\/\/gaetanvangoidsenhoven.be\/index.php\/2016\/01\/08\/interpellation-sur-le-role-de-la-cocof-dans-le-cadre-de-la-prevention-de-la-radicalisation-pour-les-francophones\/","title":{"rendered":"Interpellation sur le r\u00f4le de la COCOF dans le cadre de la pr\u00e9vention de la radicalisation pour les francophones"},"content":{"rendered":"<p><strong>Interpellation de Monsieur Ga\u00ebtan VAN GOIDSENHOVEN, D\u00e9put\u00e9, adress\u00e9e \u00e0 Madame Fadila LAANAN, Ministre-Pr\u00e9sidente du Coll\u00e8ge de la Commission communautaire fran\u00e7aise, en charge du Budget, de l&rsquo;Enseignement, du Transport scolaire, de l&rsquo;Accueil de l&rsquo;enfance, du Sport et de la Culture<\/strong><\/p>\n<p>concernant<strong>&nbsp;le r\u00f4le de la COCOF dans le cadre de la pr\u00e9vention de la radicalisation pour les francophones<\/strong><\/p>\n<p>[Interpellation principale de Madame Teitelbaum]<\/p>\n<p><strong>M. Ga\u00ebtan Van Goidsenhoven (MR).-<\/strong> Les \u00e9v\u00e9nements tragiques qui ont frapp\u00e9 Paris au mois de novembre dernier mettent plus que jamais en lumi\u00e8re l&rsquo;indispensable travail de pr\u00e9vention, en amont, de la radicalisation d&rsquo;individus en perte de rep\u00e8res. Nous avons tous regrett\u00e9, quelques jours \u00e0 peine apr\u00e8s ces attentats, la stigmatisation dont notre R\u00e9gion et en particulier la commune de Molenbeek avaient fait l&rsquo;objet, notamment dans la presse internationale.<\/p>\n<p>Notre R\u00e9gion a vraiment souffert de cette situation. D\u00e9sormais, c&rsquo;est en faisant preuve de proactivit\u00e9 que nous pourrons rassurer la population, donner une meilleure image de la R\u00e9gion et, plus globalement, y assurer le vivre ensemble. J&rsquo;ai&nbsp;pu souligner lors de notre s\u00e9ance pl\u00e9ni\u00e8re du 20 novembre dernier, consacr\u00e9e aux attentats de Paris, la n\u00e9cessit\u00e9 de retourner sur le terrain et de se livrer \u00e0 une \u00e9valuation objective de l&rsquo;efficacit\u00e9 des politiques publiques en mati\u00e8re de pr\u00e9vention, de cohabitation et de coh\u00e9sion sociale.<\/p>\n<p>Mais cela ne veut pas dire que le travail d&rsquo;information consacr\u00e9 \u00e0 la pr\u00e9vention et \u00e0 la d\u00e9radicalisation ne doit pas \u00eatre effectu\u00e9 sans prendre en consid\u00e9ration des exemples d&rsquo;initiatives venues d&rsquo;ailleurs, tel le centre mis en place \u00e0 Montr\u00e9al, au Qu\u00e9bec, qui a, semble-t-il, inspir\u00e9 votre coll\u00e8gue de la F\u00e9d\u00e9ration Wallonie-Bruxelles en charge des maisons de justice. Cette structure, \u00e0 ce qu&rsquo;en dit votre coll\u00e8gue, engrange des r\u00e9sultats plut\u00f4t encourageants. Concr\u00e8tement, il s&rsquo;agit d&rsquo;une ligne t\u00e9l\u00e9phonique, accessible 24 heures sur 24 \u00e0 toute personne confront\u00e9e \u00e0 une situation li\u00e9e \u00e0 la radicalisation ou ayant des soup\u00e7ons ou des questions. Cet organisme est compos\u00e9 de personnes sp\u00e9cialis\u00e9es dans ce domaine &#8211; psychologues, assistants sociaux, universitaires&#8230; &#8211; \u00e0 m\u00eame de traiter les informations re\u00e7ues ou de r\u00e9pondre aux questions pos\u00e9es. L&rsquo;un des \u00e9l\u00e9ments importants de cette structure est qu&rsquo;elle s\u2019appuie sur une communication efficace, qui en aucun cas ne peut \u00eatre assimil\u00e9e \u00e0 de la d\u00e9lation. L&rsquo;id\u00e9e est bien entendu de fournir un travail en amont, de faire de la pr\u00e9vention.<\/p>\n<p>Lors de votre discours de d\u00e9claration de politique g\u00e9n\u00e9rale, le 30 octobre 2015, vous n&rsquo;aviez pas manqu\u00e9 de souligner l&rsquo;importance de la citoyennet\u00e9 dans notre R\u00e9gion. Vous aviez parl\u00e9 de dialogue, de solidarit\u00e9, d&rsquo;initiative, mais aussi de protection et d&rsquo;audace, autant de termes forts pour illustrer le mod\u00e8le bruxellois.<\/p>\n<p>Cette initiative men\u00e9e au Qu\u00e9bec est int\u00e9ressante et l&rsquo;on peut accueillir positivement la volont\u00e9 de la F\u00e9d\u00e9ration Wallonie-Bruxelles de l&rsquo;implanter chez nous. Il me semble toutefois important de souligner que la Commission communautaire fran\u00e7aise aurait int\u00e9r\u00eat \u00e0 \u00eatre partie prenante de ce projet et \u00e0 participer \u00e0 cet effort.<\/p>\n<p>Quels contacts ont-ils \u00e9t\u00e9 pris avec les responsables de la F\u00e9d\u00e9ration Wallonie-Bruxelles afin que notre institution soit impliqu\u00e9e directement dans cette r\u00e9flexion ? Dans de nombreux domaines, les actions que m\u00e8ne la Commission communautaire fran\u00e7aise &#8211; sensibilisation, pr\u00e9vention&#8230; &#8211; sont une n\u00e9cessit\u00e9 afin de tenir inform\u00e9s les Bruxellois. On peut donc ais\u00e9ment envisager, \u00e0 ce stade, des actions de communication visant \u00e0 pr\u00e9venir toute forme de radicalisation, que ce soit dans les \u00e9coles, les centres de formation, les institutions publiques&#8230;<\/p>\n<p>Il est indispensable de mener une politique volontaire, dynamique et proactive en la mati\u00e8re. Quelles actions avez-vous pu prendre en ce sens ?<\/p>\n<p>Avez-vous pu cibler, parmi les nombreux \u00e9tablissements de la Commission communautaire fran\u00e7aise , \u00e9coles, centres de formation, des possibilit\u00e9s d&rsquo;action, de contacts, afin de d\u00e9velopper cette pr\u00e9vention indispensable ?<\/p>\n<p>Un r\u00f4le actif que pourrait jouer la Commission communautaire fran\u00e7aise en synergie avec la F\u00e9d\u00e9ration Wallonie-Bruxelles pour mener des actions concr\u00e8tes de pr\u00e9vention contre la radicalisation constituerait une illustration concr\u00e8te de cette citoyennet\u00e9 \u00e0 laquelle nous tenons tous.&nbsp;<\/p>\n<p>[Intervention de Madame D\u00e9sir]<\/p>\n<p>[Intervention de Madame Maison]<\/p>\n<p>[Intervention de Monsieur Kompany]<\/p>\n<p><strong>Mme Fadila Laanan, ministre-pr\u00e9sidente.-<\/strong> Je remercie Mme Teitelbaum et M. Van Goidsenhoven pour leurs interpellation et interpellation jointe qui, apparemment, ont suscit\u00e9 un certain engouement, vu les interventions des uns et des autres.<\/p>\n<p>Madame Teitelbaum, les \u00e9quipes p\u00e9dagogiques des \u00e9coles de la Commission communautaire fran\u00e7aise ont bien entendu \u00e9t\u00e9 sensibilis\u00e9es \u00e0 la radicalisation via leurs directions. \u00c0 la suite des attentats de Paris, la Commission communautaire fran\u00e7aise a relay\u00e9 le courrier et la circulaire envoy\u00e9s par la F\u00e9d\u00e9ration Wallonie-Bruxelles, lesquels invitaient les \u00e9coles \u00e0 participer \u00e0 une minute de silence et \u00e0 organiser un espace de parole en classe ou en groupes de classes.<\/p>\n<p>En annexe de ces documents, les \u00e9quipes p\u00e9dagogiques ont re\u00e7u une s\u00e9rie d&rsquo;outils li\u00e9s \u00e0 l&rsquo;apprentissage de la citoyennet\u00e9 et du vivre ensemble. Les \u00e9coles de la Commission communautaire fran\u00e7aise, aussi bien primaires que secondaires, ont concr\u00e8tement particip\u00e9 \u00e0 la minute de silence et organis\u00e9, selon des modalit\u00e9s diff\u00e9rentes, des s\u00e9ances d&rsquo;information pour les \u00e9l\u00e8ves. Elles ont \u00e9galement mis \u00e0 disposition des professeurs des outils p\u00e9dagogiques pour organiser ces s\u00e9ances.<\/p>\n<p>Les professeurs charg\u00e9s d&rsquo;encadrer les groupes de parole et qui en ont exprim\u00e9 le souhait, ont pu \u00eatre \u00e9paul\u00e9s par des experts ou des m\u00e9diateurs pour pouvoir r\u00e9pondre aux interrogations des \u00e9l\u00e8ves.<\/p>\n<p>S&rsquo;agissant du nombre d&rsquo;\u00e9l\u00e8ves de l&rsquo;enseignement de la Commission communautaire fran\u00e7aise qui seraient partis en Syrie, mon administration ne dispose pas de cadastre pr\u00e9cis \u00e0 cet \u00e9gard. Ceci \u00e9tant, nos directions sont tr\u00e8s attentives aux \u00e9ventuels cas de radicalisation et n&rsquo;h\u00e9sitent pas, lorsqu&rsquo;il y a un besoin, d&rsquo;en informer les autorit\u00e9s comp\u00e9tentes.<\/p>\n<p>Actuellement, il n&rsquo;a pas \u00e9t\u00e9 n\u00e9cessaire d&rsquo;organiser une campagne d&rsquo;information en dehors des structures scolaires, mais je peux vous confirmer que mes services restent extr\u00eamement vigilants et qu&rsquo;ils travaillent en \u00e9troite collaboration avec les directions des diff\u00e9rents instituts qui d\u00e9pendent de la Commission communautaire fran\u00e7aise.<\/p>\n<p>Monsieur Van Goidsenhoven, je suis ravie que vous souhaitiez mettre en lumi\u00e8re les \u00e9changes des bonnes pratiques entre la F\u00e9d\u00e9ration Wallonie-Bruxelles et le Qu\u00e9bec. Cette coop\u00e9ration avec le Qu\u00e9bec a effectivement \u00e9t\u00e9 formalis\u00e9e au travers d&rsquo;une d\u00e9claration conjointe, qui vient traduire la volont\u00e9 de renforcer l&rsquo;\u00e9change des connaissances, des exp\u00e9riences, des expertises et des pratiques entre le Qu\u00e9bec et la F\u00e9d\u00e9ration Wallonie-Bruxelles. Il s&rsquo;agit effectivement de mieux outiller les intervenants de terrain en mati\u00e8re de pr\u00e9vention de la radicalisation violente.<\/p>\n<p>Cette coop\u00e9ration devrait, a priori, aboutir \u00e0 la mise en place d&rsquo;un Centre de pr\u00e9vention de la radicalisation menant \u00e0 la violence. Au sein de ce centre, il est pr\u00e9vu de d\u00e9ployer des travailleurs sociaux, psychologues, ou encore criminologues afin d&rsquo;intervenir aupr\u00e8s des personnes en demande.<\/p>\n<p>Ils sont \u00e9galement charg\u00e9s de r\u00e9pondre aux appels t\u00e9l\u00e9phoniques qui leur parviennent via une ligne gratuite et confidentielle, accessible 24 h\/24 et 7 j\/7 \u00e0 toute personne d\u00e9sirant \u00eatre inform\u00e9e, \u00e9cout\u00e9e et conseill\u00e9e.<\/p>\n<p>Ce dossier est pris en charge par mon coll\u00e8gue M. Madrane. Outre ce centre, il a aussi \u00e9t\u00e9 question de maisons de transition, relevant elles aussi des comp\u00e9tences respectives des ministres Th\u00e9riault et Madrane.<\/p>\n<p>Personnellement, je salue cette initiative propre \u00e0 mes coll\u00e8gues du Gouvernement francophone. Vous l&rsquo;aurez compris, face \u00e0 la mont\u00e9e des extr\u00e9mismes, aux acc\u00e8s de violences barbares et aveugles, il semble en effet n\u00e9cessaire que chaque gouvernement et niveau de pouvoir apporte, \u00e0 son \u00e9chelle, des r\u00e9ponses en mati\u00e8re de s\u00e9curit\u00e9, mais aussi en mati\u00e8re de pr\u00e9vention. C&rsquo;est un front politique uni et solidaire qu&rsquo;il nous faut mettre en place pour mener ces actions ensemble.<\/p>\n<p>Pour vous rassurer Monsieur Van Goidsenhoven, je me dois de vous dire que notre institution s&rsquo;est elle aussi inscrite dans une d\u00e9marche de lutte contre le radicalisme, avec notamment la F\u00e9d\u00e9ration Wallonie Bruxelles, mais aussi la R\u00e9gion bruxelloise et l&rsquo;ensemble des entit\u00e9s qui en d\u00e9pendent. Je pense aux Commissions communautaires flamande et commune.<\/p>\n<p>\u00c0 cet effet, le Gouvernement francophone bruxellois, la R\u00e9gion bruxelloise, en bonne intelligence avec la F\u00e9d\u00e9ration Wallonie Bruxelles, entendent proposer une approche int\u00e9grale de la probl\u00e9matique du radicalisme.<\/p>\n<p>L&rsquo;objectif de ce dispositif est de r\u00e9pondre au plus pr\u00e8s des besoins formul\u00e9s par les pouvoirs locaux et les habitants de Bruxelles sans discrimination ou stigmatisation. Mon coll\u00e8gue Rudi Vervoort, qui en a tout naturellement \u00e9t\u00e9 d\u00e9sign\u00e9 comme pilote, pourrait vous en dire bien plus que moi sur le sujet.<\/p>\n<p>Par ailleurs, afin de favoriser le vivre ensemble, je dirais m\u00eame plus le faire ensemble, la R\u00e9gion de Bruxelles-Capitale, la F\u00e9d\u00e9ration Wallonie-Bruxelles, la Communaut\u00e9 flamande, la Commission communautaire flamande et notre institution ont effectivement d\u00e9cid\u00e9 de s&rsquo;associer pour organiser en commun sur le territoire bruxellois une ann\u00e9e th\u00e9matique consacr\u00e9e \u00e0 la diversit\u00e9 pour 2016 et 2017. Ce dossier, men\u00e9 principalement par M. Rachid Madrane, a entra\u00een\u00e9 l&rsquo;engouement des gouvernements cit\u00e9s. Cette ann\u00e9e th\u00e9matique mettra un point d&rsquo;honneur \u00e0 faire conna\u00eetre, mais aussi \u00e0 renforcer les liens et les particularit\u00e9s qui unissent les Bruxellois.<\/p>\n<p>Les diff\u00e9rents gouvernements bruxellois ont r\u00e9cemment \u00e9t\u00e9 charg\u00e9s d&rsquo;affiner le programme pr\u00e9sent\u00e9 et le budget y aff\u00e9rent, lequel avoisine 3 millions d&rsquo;euros de 2015 \u00e0 2017 pour l&rsquo;ensemble des entit\u00e9s.<\/p>\n<p>Visit.brussels a \u00e9galement \u00e9t\u00e9 charg\u00e9 d&rsquo;une mission de coordination dans le cadre de la mise en \u0153uvre de cette ann\u00e9e \u00e0 th\u00e8me. Dans ce contexte, le Gouvernement francophone bruxellois s&rsquo;engage \u00e0 contribuer \u00e0 hauteur de 250.000 euros au financement de l&rsquo;ann\u00e9e th\u00e9matique.<\/p>\n<p>Tr\u00e8s peu de probl\u00e9matiques respectent les champs de comp\u00e9tences, les mandats de chaque ministre ou encore les limites entre entit\u00e9s. Pour bien comprendre le contexte et mobiliser ses partenaires, il faut, comme nous avons su le faire, disposer de larges r\u00e9seaux. Des r\u00e9seaux et des contacts \u00e9rig\u00e9s patiemment, au fil du temps, gr\u00e2ce \u00e0 un travail de terrain et \u00e0 des fonctionnaires attentifs.<\/p>\n<p>C&rsquo;est pourquoi vous comprendrez ais\u00e9ment que le Gouvernement francophone bruxellois encourage les projets associatifs, dont la port\u00e9e en mati\u00e8re de lutte contre le repli identitaire est significative et qualitativement int\u00e9ressante.<\/p>\n<p>Je suis d&rsquo;ailleurs tr\u00e8s meurtrie par ce qui arrive \u00e0 un artiste de grand talent, M. Isma\u00ebl Saidi. Ce dernier a fait l&rsquo;objet d&rsquo;attaques, tout \u00e0 fait scandaleuses, relatives \u00e0 un projet valid\u00e9 par le Gouvernement de la R\u00e9gion bruxelloise et qui mettait en place la r\u00e9alisation de capsules portant sur des questions de radicalisme. Ces capsules auraient \u00e9t\u00e9 r\u00e9alis\u00e9es par des personnalit\u00e9s de grande expertise en la mati\u00e8re. Comment peut-on saboter ce type de travail et pousser \u00e0 bout une personne qui a d\u00e9cid\u00e9 logiquement de jeter l&rsquo;\u00e9ponge. D\u00e9cision que l&rsquo;on peut comprendre, car il s&rsquo;agit de quelqu&rsquo;un qui n&rsquo;a pas l&rsquo;habitude de ramasser des coups, m\u00eame lorsqu&rsquo;ils sont injustes. Ce d\u00e9bat a compl\u00e8tement d\u00e9tourn\u00e9 notre \u00e9nergie et je tiens \u00e0 dire que c&rsquo;est du g\u00e2chis.<\/p>\n<p>Bien s\u00fbr, il s&rsquo;agira d&rsquo;intensifier les dispositifs visant le renforcement des politiques de coh\u00e9sion sociale et de lutte contre le repli identitaire au sein des pouvoirs locaux. La mesure phare, qui p\u00e8se le plus budg\u00e9tairement parlant, est l&rsquo;ouverture des bureaux d&rsquo;accueil pour primo-arrivants (BAPA). Monsieur Kompany, vous y avez fait allusion.<\/p>\n<p>Cependant, la question du radicalisme ne touche pas sp\u00e9cifiquement les primo-arrivants. Cela peut toucher tout le monde, comme on a pu le constater dans les \u00e9v\u00e9nements que nous connaissons. Des \u00ab Belges de souche \u00bb, issus de familles parfois ath\u00e9es, peuvent aussi \u00eatre attir\u00e9s par le chant des sir\u00e8nes du radicalisme violent. Je ne pense donc pas que la cible exclusive doit \u00eatre le public des primo-arrivants, m\u00eame si nous avons le devoir d&rsquo;accueillir dans le plus grand confort et de faire en sorte qu&rsquo;ils puissent s&rsquo;int\u00e9grer en leur offrant ce parcours d&rsquo;accueil et d&rsquo;int\u00e9gration.<\/p>\n<p>La responsabilit\u00e9 du gouvernement est donc de garantir l&rsquo;arrimage aux diff\u00e9rents dispositifs port\u00e9s par la R\u00e9gion bruxelloise et la F\u00e9d\u00e9ration Wallonie-Bruxelles. Ce sont \u00e9galement l&rsquo;ensemble des comp\u00e9tences de notre institution qui constituent des leviers pour les actions concr\u00e8tes \u00e0 mettre en \u0153uvre dans la poursuite de ce formidable acc\u00e9l\u00e9rateur qu&rsquo;est la coh\u00e9sion sociale. Nous devons n\u00e9anmoins le faire en bonne synergie avec les diff\u00e9rents niveaux de pouvoir.<\/p>\n<p>Madame D\u00e9sir, vous m&rsquo;avez interrog\u00e9e sur le sectarisme, le fondamentalisme et le radicalisme. Comme vous l&rsquo;avez vous-m\u00eame pr\u00e9cis\u00e9 dans votre question, il n&rsquo;y a pas de fronti\u00e8re \u00e0 cet \u00e9gard.<\/p>\n<p>Nous devons tous faire preuve de la plus grande vigilance pour contrer et combattre ceux qui, notamment au nom d&rsquo;une certaine vision de l&rsquo;islam, veulent mettre \u00e0 mal notre mod\u00e8le de soci\u00e9t\u00e9.<\/p>\n<p>Face \u00e0 la mont\u00e9e de ces extr\u00e9mismes, face aux actes de violence barbares et aveugles, il semble n\u00e9cessaire que nous apportions tous une r\u00e9ponse.<\/p>\n<p>Vous mettez en \u00e9vidence la mont\u00e9e des violences, la banalisation des discours racistes, l&rsquo;antis\u00e9mitisme et l&rsquo;islamophobie, autant de ph\u00e9nom\u00e8nes qui ont pris une ampleur extraordinaire. Tout le monde semble m\u00eame \u00e9viter de les d\u00e9noncer, de peur d&rsquo;\u00eatre mal compris. Nous vivons dans un monde incroyable ! Vous avez raison de dire que nous devons poursuivre notre lutte contre les discriminations, la misogynie ou l&rsquo;homophobie.<\/p>\n<p>Nous devons aussi r\u00e9fl\u00e9chir \u00e0 des questions comme la perte de rep\u00e8res, la pr\u00e9carit\u00e9, le d\u00e9senchantement, l&rsquo;impression d&rsquo;un avenir bouch\u00e9, les d\u00e9rapages malheureux de certains d&rsquo;entre nous.<\/p>\n<p>Madame D\u00e9sir, comme Rudi Vervoort et moi-m\u00eame avons d\u00e9j\u00e0 eu l&rsquo;occasion de le dire, nous devons, ensemble, prendre les mesures qui garantiront \u00e0 tous un parcours de vie heureux.<\/p>\n<p>Je me suis d\u00e9j\u00e0 exprim\u00e9e sur le projet p\u00e9dagogique d&rsquo;Isma\u00ebl Saidi. J&rsquo;esp\u00e8re qu&rsquo;il sera concr\u00e9tis\u00e9 et que nous pourrons nous rassembler autour de ce genre de d\u00e9marche d&rsquo;utilit\u00e9 publique. Je vous confirme que le Gouvernement francophone bruxellois travaille de concert avec toutes les entit\u00e9s bruxelloises actives dans ce domaine.<\/p>\n<p>Les politiques men\u00e9es par la Commission communautaire fran\u00e7aise dans des mati\u00e8res comme l&rsquo;enseignement, la formation, la culture, l&rsquo;aide \u00e0 la jeunesse, la formation et l&rsquo;acc\u00e8s \u00e0 l&#8217;emploi ou au logement doivent encourager le vivre ensemble, voire le faire ensemble. La compl\u00e9mentarit\u00e9 est une condition de r\u00e9ussite essentielle pour pr\u00e9venir les crispations ou les frustrations.<\/p>\n<p>Mon administration a communiqu\u00e9 aux \u00e9quipes p\u00e9dagogiques des outils de sensibilisation. Elle les accompagne \u00e9galement si n\u00e9cessaire.<\/p>\n<p>Monsieur Kompany, je voudrais pr\u00e9ciser un chiffre. Vous avez dit que le spectacle Djihad avaient \u00e9t\u00e9 vu par 12.000 personnes issues du milieu scolaire. Ce chiffre est d\u00e9pass\u00e9 et doit \u00eatre actualis\u00e9. Plus de 40.000 personnes ont pu assister et participer \u00e0 ce spectacle, avec une majorit\u00e9 du public issue du milieu scolaire.<\/p>\n<p>[R\u00e9plique de Madame Teitelbaum]<\/p>\n<p><strong>M. Ga\u00ebtan Van Goidsenhoven (MR).-<\/strong> Je m&rsquo;associe aux questions pos\u00e9es par ma coll\u00e8gue. J&rsquo;entends bien que nous travaillons en bonne synergie avec la F\u00e9d\u00e9ration WallonieBruxelles et avec le niveau r\u00e9gional, et c&rsquo;est \u00e9videmment tr\u00e8s souhaitable. Vous nous avez aussi fait part de votre volont\u00e9 de proposer un dispositif int\u00e9gr\u00e9 de lutte contre le radicalisme et, plus globalement, de lutte contre le repli identitaire.<\/p>\n<p>Il ne s&rsquo;agit \u00e9videmment pas d&#8217;empi\u00e9ter sur les comp\u00e9tences des autres niveaux de pouvoir, mais nous sommes \u00e0 Bruxelles, dans un contexte assez particulier. Nous repr\u00e9sentons les Bruxellois francophones et nous devons plus que jamais \u0153uvrer dans le concret si nous voulons r\u00e9soudre ces probl\u00e9matiques. Nous devons d\u00e8s lors nous interroger sur la valeur ajout\u00e9e que notre institution est susceptible d&rsquo;apporter dans ce combat devenu fondamental et prioritaire. En effet, il ne s&rsquo;agit pas d&rsquo;une politique \u00e0 mener parmi tant d&rsquo;autres, mais de la pr\u00e9servation des fondements m\u00eames de notre d\u00e9mocratie.<\/p>\n<p>Nous devons donc nous mobiliser concr\u00e8tement et apporter notre pierre \u00e0 l&rsquo;\u00e9difice, en respectant bien entendu les capacit\u00e9s et les comp\u00e9tences de la Commission communautaire fran\u00e7aise. Aujourd&rsquo;hui plus que jamais, vous devez nous \u00e9clairer sur notre plus-value et sur les projets concrets que nous pouvons porter. Vu notre statut de mandataires publics, notre responsabilit\u00e9 en la mati\u00e8re est en effet \u00e9crasante.<\/p>\n<p><strong>Mme Fadila Laanan, ministre-pr\u00e9sidente.-<\/strong> Je vais r\u00e9pondre \u00e0 Mme Teitelbaum quant aux actions \u00e0 mener au niveau des \u00e9coles et aux parents. Je ne veux pas faire le travail de Mme Milquet. Cette derni\u00e8re, avec ses services, r\u00e9alise un certain nombre d&rsquo;actions et met \u00e0 disposition des \u00e9quipes de m\u00e9diation lorsqu&rsquo;il y a des difficult\u00e9s dans des classes.<\/p>\n<p>Des projets comme le film de Mme Kessas sur les mamans de jeunes partis en Syrie sont des outils que nous pouvons utiliser et que nous pourrions valoriser dans le cadre de nos comp\u00e9tences, en esp\u00e9rant que tous les mandataires puissent se solidariser autour de ce type d&rsquo;actions. Comme je le disais tout \u00e0 l&rsquo;heure, j&rsquo;ai \u00e9t\u00e9 fort troubl\u00e9e du sort qui a \u00e9t\u00e9 r\u00e9serv\u00e9 au projet de M. Saidi. J&rsquo;esp\u00e8re que cela ne va pas se reproduire, car nous nous privons ainsi de projets qui pourraient soutenir et sensibiliser des jeunes qui sont en questionnement aujourd&rsquo;hui.<\/p>\n<p>Je partage votre analyse et je pense que ma coll\u00e8gue Mme Milquet, au niveau de la F\u00e9d\u00e9ration Wallonie-Bruxelles, fait bien son travail pour ce qui concerne les actions qui doivent&nbsp;\u00eatre men\u00e9es. Nous devons les renforcer et utiliser ces outils p\u00e9dagogiques.<\/p>\n<p><em>Pour retrouver le texte dans son int\u00e9gralit\u00e9, cliq<\/em><em>uez&nbsp;<a href=\"http:\/\/www.pfb.irisnet.be\/documents\/compte-rendu-de-la-seance-pleniere-du-8-janvier-2016\/document\">ici<\/a>.<\/em><br \/>\n<em>CR&nbsp;n\u00b026 (2015-2016), Janvier 2016, pp. 13-19<\/em><\/p>\n","protected":false},"excerpt":{"rendered":"<p>Interpellation de Monsieur Ga\u00ebtan VAN GOIDSENHOVEN, D\u00e9put\u00e9, adress\u00e9e \u00e0 Madame Fadila LAANAN, Ministre-Pr\u00e9sidente [&hellip;]<\/p>\n","protected":false},"author":2,"featured_media":0,"comment_status":"closed","ping_status":"open","sticky":false,"template":"","format":"standard","meta":{"ngg_post_thumbnail":0,"footnotes":""},"categories":[27],"tags":[],"class_list":["post-1130","post","type-post","status-publish","format-standard","hentry","category-interpellations-cocof"],"aioseo_notices":[],"_links":{"self":[{"href":"https:\/\/gaetanvangoidsenhoven.be\/index.php\/wp-json\/wp\/v2\/posts\/1130","targetHints":{"allow":["GET"]}}],"collection":[{"href":"https:\/\/gaetanvangoidsenhoven.be\/index.php\/wp-json\/wp\/v2\/posts"}],"about":[{"href":"https:\/\/gaetanvangoidsenhoven.be\/index.php\/wp-json\/wp\/v2\/types\/post"}],"author":[{"embeddable":true,"href":"https:\/\/gaetanvangoidsenhoven.be\/index.php\/wp-json\/wp\/v2\/users\/2"}],"replies":[{"embeddable":true,"href":"https:\/\/gaetanvangoidsenhoven.be\/index.php\/wp-json\/wp\/v2\/comments?post=1130"}],"version-history":[{"count":1,"href":"https:\/\/gaetanvangoidsenhoven.be\/index.php\/wp-json\/wp\/v2\/posts\/1130\/revisions"}],"predecessor-version":[{"id":1131,"href":"https:\/\/gaetanvangoidsenhoven.be\/index.php\/wp-json\/wp\/v2\/posts\/1130\/revisions\/1131"}],"wp:attachment":[{"href":"https:\/\/gaetanvangoidsenhoven.be\/index.php\/wp-json\/wp\/v2\/media?parent=1130"}],"wp:term":[{"taxonomy":"category","embeddable":true,"href":"https:\/\/gaetanvangoidsenhoven.be\/index.php\/wp-json\/wp\/v2\/categories?post=1130"},{"taxonomy":"post_tag","embeddable":true,"href":"https:\/\/gaetanvangoidsenhoven.be\/index.php\/wp-json\/wp\/v2\/tags?post=1130"}],"curies":[{"name":"wp","href":"https:\/\/api.w.org\/{rel}","templated":true}]}}