{"id":1200,"date":"2017-07-12T15:03:14","date_gmt":"2017-07-12T14:03:14","guid":{"rendered":"http:\/\/gaetanvangoidsenhoven.be\/?p=1200"},"modified":"2017-12-05T15:32:29","modified_gmt":"2017-12-05T14:32:29","slug":"question-orale-concernant-lagrement-des-creches-en-region-bruxelloise-et-la-sanction-des-irregularites","status":"publish","type":"post","link":"https:\/\/gaetanvangoidsenhoven.be\/index.php\/2017\/07\/12\/question-orale-concernant-lagrement-des-creches-en-region-bruxelloise-et-la-sanction-des-irregularites\/","title":{"rendered":"Question orale concernant l&rsquo;agr\u00e9ment des cr\u00e8ches en R\u00e9gion bruxelloise et la sanction des irr\u00e9gularit\u00e9s"},"content":{"rendered":"<p><strong>Question orale de Monsieur Ga\u00ebtan Van Goidsenhoven, D\u00e9put\u00e9 bruxellois, adress\u00e9e \u00e0 Monsieur Pascal Smet, Membre du Coll\u00e8ge r\u00e9uni, comp\u00e9tent pour la Politique d&rsquo;aide aux personnes, les, prestations familiales et le contr\u00f4le des films ainsi qu&rsquo;\u00e0 Madame C\u00e9line Fr\u00e9mault, Membre du Coll\u00e8ge r\u00e9uni, comp\u00e9tente pour la Politique d&rsquo;aide aux personnes, les prestations familiales et le contr\u00f4le des films<\/strong><\/p>\n<p>concernant <strong>\u00ab\u00a0l&rsquo;agr\u00e9ment des cr\u00e8ches en R\u00e9gion bruxelloise et la sanction des irr\u00e9gularit\u00e9s\u00a0\u00bb.<\/strong><\/p>\n<p><strong>M. Ga\u00ebtan Van Goidsenhoven (MR).-<\/strong> Nous apprenions par voie de presse le 8 juin dernier qu&rsquo;\u00e0 la suite d&rsquo;un contr\u00f4le de police r\u00e9alis\u00e9 \u00e0 la cr\u00e8che dite La Barboteuse, situ\u00e9e \u00e0 Ixelles, une fermeture imm\u00e9diate de l&rsquo;\u00e9tablissement avait \u00e9t\u00e9 ordonn\u00e9e.<\/p>\n<p>Cette fermeture a \u00e9t\u00e9 op\u00e9r\u00e9e le 31 mai, avec apposition de scell\u00e9s, obligeant les parents d&rsquo;une vingtaine d&rsquo;enfants \u00e0 venir les rechercher en urgence.<\/p>\n<p>C&rsquo;est la section jeunesse du Parquet de Bruxelles qui avait introduit la demande de contr\u00f4le aupr\u00e8s des autorit\u00e9s. Ce contr\u00f4le a donc \u00e9t\u00e9 r\u00e9alis\u00e9 en pr\u00e9sence de l&rsquo;auditorat du travail et de l&rsquo;autorit\u00e9 administrative.<\/p>\n<p>Selon les informations transmises par le Parquet de Bruxelles, les inspecteurs ont s\u00e9v\u00e8rement point\u00e9 du doigt la s\u00e9curit\u00e9 des enfants, l&rsquo;hygi\u00e8ne et le confort ainsi que diverses infractions administratives, au point d&rsquo;ordonner la fermeture imm\u00e9diate du lieu pour cause de mise en danger de mineurs.<\/p>\n<p>Depuis l&rsquo;\u00e9v\u00e9nement, un collectif compos\u00e9 de parents de ces enfants a \u00e9t\u00e9 constitu\u00e9. Ce collectif, destin\u00e9 \u00e0 pr\u00e9server et \u00e0 sauvegarder les int\u00e9r\u00eats des parties l\u00e9s\u00e9es, a soulign\u00e9 d&rsquo;autres manquements de la part de cr\u00e8che, dont l&rsquo;absence d&rsquo;agr\u00e9ment (contrairement aux d\u00e9clarations de la cr\u00e8che) de la part de Kind en Gezin, le pendant flamand de l&rsquo;Office de la naissance et de l\u2019enfance (ONE).<\/p>\n<p>Entre autres choses, la nourriture destin\u00e9e aux enfants posait probl\u00e8me, puisque l&rsquo;ensemble des collations ou desserts n&rsquo;\u00e9tait pas distribu\u00e9. Les d\u00e9tecteurs de fum\u00e9e avaient \u00e9t\u00e9 d\u00e9mont\u00e9s. La cr\u00e8che \u00e9tait constamment en sous-effectif et le personnel de surcro\u00eet trop peu qualifi\u00e9 pour la fonction.<\/p>\n<p>Enfin, le collectif suspecte un d\u00e9tournement de fonds de la part de la direction de la cr\u00e8che, op\u00e9r\u00e9 au moyen d&rsquo;un appel aux dons qui faisait apparemment suite \u00e0 une escroquerie d&rsquo;un entrepreneur de travaux dont la cr\u00e8che avait \u00e9t\u00e9 victime en 2014.<\/p>\n<p>Mme la ministre, en juillet 2015 d\u00e9j\u00e0, nous avions d\u00fb d\u00e9plorer la mort de la petite Mala\u00efka, un&nbsp;nourrisson de dix mois qui avait \u00e9t\u00e9 pris en charge par une cr\u00e8che \u00e0 Berchem-Sainte-Agathe. Son d\u00e9c\u00e8s \u00e9tait survenu \u00e0 la suite de coups et blessures volontaires inflig\u00e9s par une pu\u00e9ricultrice de la cr\u00e8che, laquelle a \u00e9t\u00e9 inculp\u00e9e pour ces faits.<\/p>\n<p>\u00c0 la suite de ce drame, vous aviez pris des mesures pour am\u00e9liorer le circuit des informations et lutter contre les irr\u00e9gularit\u00e9s constat\u00e9es dans les cr\u00e8ches. Ainsi, vous avez voulu mettre en place un protocole de collaboration entre les diff\u00e9rentes institutions charg\u00e9es de la d\u00e9livrance des agr\u00e9ments, \u00e0 savoir l&rsquo;ONE, la Cocom et Kind &amp; Gezin. In fine, ce dispositif devait permettre l&rsquo;int\u00e9gration des irr\u00e9gularit\u00e9s constat\u00e9es dans un circuit d&rsquo;informations commun \u00e0 ces institutions, de sorte qu&rsquo;un \u00e9tablissement qui se serait vu retirer son agr\u00e9ment ne puisse pas introduire de nouvelle demande d&rsquo;agr\u00e9ment aupr\u00e8s d&rsquo;une autre institution.<\/p>\n<p>De plus, il a \u00e9t\u00e9 annonc\u00e9 qu&rsquo;un projet d&rsquo;ordonnance verrait bient\u00f4t le jour afin de permettre \u00e0 la Cocom de contr\u00f4ler les cr\u00e8ches bi-communautaires.<\/p>\n<p>Vu ces informations et l&rsquo;urgence de proc\u00e9der \u00e0 un contr\u00f4le strict, r\u00e9gulier et syst\u00e9matique de l&rsquo;ensemble des cr\u00e8ches d\u00e9ploy\u00e9es sur le territoire bruxellois, j&rsquo;aimerais conna\u00eetre la proc\u00e9dure suivie lorsque des plaintes ou r\u00e9clamations sont communiqu\u00e9es par des tiers concernant certains manquements ou irr\u00e9gularit\u00e9s dans une cr\u00e8che. Par ailleurs, que pouvez-vous nous apprendre, depuis l&rsquo;installation du protocole de collaboration, sur les r\u00e9sultats engrang\u00e9s ou le fonctionnement qu&rsquo;il a permis de perfectionner ?<\/p>\n<p>Quels sont les moyens dont la Cocom dispose aujourd&rsquo;hui pour v\u00e9rifier l&rsquo;ensemble des crit\u00e8res auxquels doivent r\u00e9pondre les cr\u00e8ches pour \u00eatre homologu\u00e9es ? Quand pouvons-nous esp\u00e9rer voir ce projet d&rsquo;ordonnance soumis au Coll\u00e8ge r\u00e9uni et quelles mesures prescrira-t-il ?<\/p>\n<p>Enfin, comment expliquez-vous qu&rsquo;aujourd&rsquo;hui en R\u00e9gion bruxelloise, une cr\u00e8che telle que celle de La Barboteuse puisse pr\u00e9tendre aupr\u00e8s des parents avoir re\u00e7u l&rsquo;agr\u00e9ment, alors que tel n&rsquo;est pas le cas ? Pour rappel, cette cr\u00e8che \u00e9tait \u00e9tablie \u00e0 Etterbeek, avant de d\u00e9m\u00e9nager en 2015 dans la commune d&rsquo;Ixelles. Quels sont les m\u00e9canismes&nbsp;existants pour v\u00e9rifier l\u2019homologation de l&rsquo;ensemble des cr\u00e8ches, qu&rsquo;elles soient francophones ou n\u00e9erlandophones ?<\/p>\n<p><strong>Mme C\u00e9line Fremault, membre du Coll\u00e8ge r\u00e9uni.-<\/strong> Il existe en effet un protocole de collaboration entre la Cocom, la Communaut\u00e9 flamande et la Communaut\u00e9 fran\u00e7aise concernant l&rsquo;accueil de la petite enfance en R\u00e9gion bruxelloise. Ce protocole vise \u00e0 r\u00e9gler la collaboration entre les parties concern\u00e9es si des irr\u00e9gularit\u00e9s sont constat\u00e9es dans un milieu d&rsquo;accueil des enfants sur le territoire bilingue de Bruxelles-Capitale, notamment dans le cas o\u00f9 l&rsquo;on constate qu\u2019un lieu d\u2019accueil est exploit\u00e9 sans autorisation.<\/p>\n<p>Ce protocole a \u00e9t\u00e9 sign\u00e9 cette ann\u00e9e, mais cela fait un an que les entit\u00e9s concern\u00e9es agissent conform\u00e9ment \u00e0 la proc\u00e9dure pr\u00e9vue dans ce protocole.<\/p>\n<p>Si des probl\u00e8mes se posent dans une cr\u00e8che, ils sont souvent constat\u00e9s dans un premier temps par Kind en Gezin ou l&rsquo;ONE, soit directement parce qu&rsquo;ils ont eux-m\u00eames refus\u00e9 ou retir\u00e9 l&rsquo;autorisation, soit indirectement \u00e0 la suite d&rsquo;un signalement de parents ou d&rsquo;une commune.<\/p>\n<p>Si Kind en Gezin et l&rsquo;ONE ne peuvent agir eux-m\u00eames contre ces milieux &#8211; notamment dans le cas d&rsquo;une cr\u00e8che exploit\u00e9e par une personne physique -, ils en informent la Cocom, conform\u00e9ment au protocole de collaboration et apr\u00e8s s\u2019\u00eatre inform\u00e9s de l\u2019existence d\u2019une proc\u00e9dure d&rsquo;autorisation. Ensuite, la Cocom adresse un courrier au bourgmestre de la commune o\u00f9 se situe la cr\u00e8che pour l&rsquo;informer de la situation et lui rappeler la possibilit\u00e9 de fermer le lieu d&rsquo;accueil des enfants si cette fermeture semble n\u00e9cessaire pour garantir la s\u00e9curit\u00e9 et la sant\u00e9 sur le territoire de la commune.<\/p>\n<p>Cette proc\u00e9dure est pr\u00e9vue par la nouvelle loi communale et a \u00e9t\u00e9 suivie par la cr\u00e8che dont il est question. Actuellement, la Cocom ne peut agir qu&rsquo;en vertu de ce protocole de collaboration. D\u00e8s qu&rsquo;une ordonnance et un arr\u00eat\u00e9 d&rsquo;application seront&nbsp;entr\u00e9s en vigueur, la Cocom pourra imposer la fermeture de la cr\u00e8che. Cette ordonnance portant organisation de l&rsquo;accueil des enfants a \u00e9t\u00e9 approuv\u00e9e.<\/p>\n<p>Je suis assez \u00e9tonn\u00e9e par votre question : elle date du 9 juin 2017 et vous m&rsquo;y interrogez sur l&rsquo;existence d&rsquo;un quelconque dispositif. Or nous avons d\u00e9battu d&rsquo;une ordonnance dans cette assembl\u00e9e et l&rsquo;avons vot\u00e9e le 23 mars 2017. Cette ordonnance pr\u00e9voit d&rsquo;ailleurs qu\u2019aucun accueil des enfants sur le territoire bilingue de Bruxelles-Capitale ne peut fonctionner sans autorisation et que cette autorisation n\u2019est d\u00e9livr\u00e9e que si les normes en mati\u00e8re d&rsquo;infrastructure, de s\u00e9curit\u00e9, de sant\u00e9, de qualification et de capacit\u00e9s du personnel dans l&rsquo;encadrement, de politique p\u00e9dagogique visant le bien-\u00eatre et le d\u00e9veloppement de l&rsquo;enfant et de collaboration avec les familles, sont respect\u00e9es.<\/p>\n<p>Dans la pratique, les cr\u00e8ches solliciteront, le cas \u00e9ch\u00e9ant, une autorisation aupr\u00e8s de Kind en Gezin, de l&rsquo;ONE et de la Cocom. Si la cr\u00e8che ne sollicite aucune autorisation, la Cocom pourra l&rsquo;avertir afin qu&rsquo;elle se mette en conformit\u00e9 et, si n\u00e9cessaire, envoyer un ordre de fermeture dont l&rsquo;ex\u00e9cution sera contr\u00f4l\u00e9e par le bourgmestre de la commune concern\u00e9e.<\/p>\n<p>Actuellement, l&rsquo;ordonnance n&rsquo;est pas encore entr\u00e9e en vigueur. Un arr\u00eat\u00e9 d&rsquo;ex\u00e9cution et l&rsquo;accord de coop\u00e9ration doivent \u00eatre conclus. L&rsquo;arr\u00eat\u00e9 d&rsquo;ex\u00e9cution pr\u00e9cisera les normes \u00e0 respecter pour l&rsquo;obtention d&rsquo;une autorisation et la proc\u00e9dure \u00e0 suivre pour son attribution, son refus ou son retrait. Cet arr\u00eat\u00e9 d&rsquo;ex\u00e9cution a \u00e9t\u00e9 approuv\u00e9 par le Coll\u00e8ge r\u00e9uni en premi\u00e8re lecture.<\/p>\n<p>Quant \u00e0 l&rsquo;accord de coop\u00e9ration, il r\u00e9glera l&rsquo;\u00e9change d&rsquo;informations entre la Cocom, Kind en Gezin et l&rsquo;ONE, ainsi que l&rsquo;organisation des inspections qui seront r\u00e9alis\u00e9es conjointement. Le texte de l&rsquo;accord de coop\u00e9ration est mis au point par les diff\u00e9rentes administrations et l&rsquo;ensemble devrait entrer en vigueur au d\u00e9but de 2018.<\/p>\n<p>Les cr\u00e8ches disposant effectivement d&rsquo;une autorisation de Kind en Gezin ou de l&rsquo;ONE sont r\u00e9pertori\u00e9es sur le site internet de Kind en Gezin et de l&rsquo;ONE. L&rsquo;objectif est de disposer, d\u00e8s l&rsquo;entr\u00e9e en vigueur de la r\u00e9glementation, d&rsquo;un site internet&nbsp;g\u00e9r\u00e9 par la Cocom, comprenant un aper\u00e7u de toutes les cr\u00e8ches bruxelloises disposant d&rsquo;une autorisation de la Cocom, de Kind en Gezin et de l&rsquo;ONE.<\/p>\n<p><strong>M. Ga\u00ebtan Van Goidsenhoven (MR).-<\/strong> Nous aurons donc le plaisir de voir l&rsquo;ordonnance mise en \u0153uvre d\u00e8s le d\u00e9but de l&rsquo;ann\u00e9e 2018. J&rsquo;imagine qu&rsquo;au travers de ce site internet, les parents pourront v\u00e9rifier plus facilement que la cr\u00e8che \u00e0 laquelle ils confient leur enfant dispose de toutes les autorisations n\u00e9cessaires. L&rsquo;information sera ainsi beaucoup plus accessible.<\/p>\n<p>L&rsquo;accumulation des mauvaises exp\u00e9riences ces derniers mois indique qu&rsquo;il reste beaucoup \u00e0 faire dans ce secteur. Esp\u00e9rons que, dans les prochains mois, nous puissions am\u00e9liorer l&rsquo;efficacit\u00e9 du contr\u00f4le pour \u00e9viter la r\u00e9p\u00e9tition de ces tristes exp\u00e9riences. Certes, le travail de contr\u00f4le est fastidieux. Il n&rsquo;en reste pas moins vrai que ce cas, comme celui de la cr\u00e8che Les Dalmatiens \u00e0 Anderlecht, montrent qu&rsquo;il existe encore des institutions qui ne devraient pas pouvoir accueillir des enfants et qui tirent profit d&rsquo;une p\u00e9nurie de places en cr\u00e8che dans notre R\u00e9gion.<\/p>\n<p><strong>Mme C\u00e9line Fremault, membre du Coll\u00e8ge r\u00e9uni.-<\/strong> Chaque fois qu&rsquo;un \u00e9tablissement est ferm\u00e9 sur ordre du bourgmestre, et cela s&rsquo;est d\u00e9j\u00e0 produit \u00e0 plusieurs reprises, il faut souligner qu&rsquo;il s&rsquo;agit r\u00e9ellement de situations de fraude. L&rsquo;ordonnance vise d\u00e8s lors \u00e0 combler un vide juridique. Maintenant, il faut que tout puisse se mettre en place dans les mois \u00e0 venir. Je vous confirme cependant que le dossier avance plus qu&rsquo;\u00e0 un rythme soutenu.<\/p>\n<p>&nbsp;<\/p>\n<p><em>Pour retrouver le d\u00e9bat dans son int\u00e9gralit\u00e9, cliquez <a href=\"http:\/\/www.weblex.irisnet.be\/data\/arccc\/biq\/2016-17\/00024\/images.pdf\">ici<\/a>.<\/em><br \/>\n<em>CRI COM (2016-2017) n\u00b024, Juillet 2017, pp. 14-19<\/em><\/p>\n","protected":false},"excerpt":{"rendered":"<p>Question orale de Monsieur Ga\u00ebtan Van Goidsenhoven, D\u00e9put\u00e9 bruxellois, adress\u00e9e \u00e0 Monsieur Pascal [&hellip;]<\/p>\n","protected":false},"author":2,"featured_media":0,"comment_status":"closed","ping_status":"open","sticky":false,"template":"","format":"standard","meta":{"ngg_post_thumbnail":0,"footnotes":""},"categories":[31],"tags":[],"class_list":["post-1200","post","type-post","status-publish","format-standard","hentry","category-questions-orales"],"aioseo_notices":[],"_links":{"self":[{"href":"https:\/\/gaetanvangoidsenhoven.be\/index.php\/wp-json\/wp\/v2\/posts\/1200","targetHints":{"allow":["GET"]}}],"collection":[{"href":"https:\/\/gaetanvangoidsenhoven.be\/index.php\/wp-json\/wp\/v2\/posts"}],"about":[{"href":"https:\/\/gaetanvangoidsenhoven.be\/index.php\/wp-json\/wp\/v2\/types\/post"}],"author":[{"embeddable":true,"href":"https:\/\/gaetanvangoidsenhoven.be\/index.php\/wp-json\/wp\/v2\/users\/2"}],"replies":[{"embeddable":true,"href":"https:\/\/gaetanvangoidsenhoven.be\/index.php\/wp-json\/wp\/v2\/comments?post=1200"}],"version-history":[{"count":1,"href":"https:\/\/gaetanvangoidsenhoven.be\/index.php\/wp-json\/wp\/v2\/posts\/1200\/revisions"}],"predecessor-version":[{"id":1201,"href":"https:\/\/gaetanvangoidsenhoven.be\/index.php\/wp-json\/wp\/v2\/posts\/1200\/revisions\/1201"}],"wp:attachment":[{"href":"https:\/\/gaetanvangoidsenhoven.be\/index.php\/wp-json\/wp\/v2\/media?parent=1200"}],"wp:term":[{"taxonomy":"category","embeddable":true,"href":"https:\/\/gaetanvangoidsenhoven.be\/index.php\/wp-json\/wp\/v2\/categories?post=1200"},{"taxonomy":"post_tag","embeddable":true,"href":"https:\/\/gaetanvangoidsenhoven.be\/index.php\/wp-json\/wp\/v2\/tags?post=1200"}],"curies":[{"name":"wp","href":"https:\/\/api.w.org\/{rel}","templated":true}]}}