{"id":1273,"date":"2015-03-30T16:40:11","date_gmt":"2015-03-30T15:40:11","guid":{"rendered":"http:\/\/gaetanvangoidsenhoven.be\/?p=1273"},"modified":"2017-12-07T16:42:13","modified_gmt":"2017-12-07T15:42:13","slug":"question-ecrite-concernant-la-mobilisation-des-reserves-foncieres-de-la-region-pour-les-infrastructures-scolaires","status":"publish","type":"post","link":"https:\/\/gaetanvangoidsenhoven.be\/index.php\/2015\/03\/30\/question-ecrite-concernant-la-mobilisation-des-reserves-foncieres-de-la-region-pour-les-infrastructures-scolaires\/","title":{"rendered":"Question \u00e9crite concernant la mobilisation des r\u00e9serves fonci\u00e8res de la R\u00e9gion pour les infrastructures scolaires"},"content":{"rendered":"<p><strong>Question \u00e9crite de Monsieur Ga\u00ebtan Van Goidsenhoven, D\u00e9put\u00e9, adress\u00e9e \u00e0 Monsieur&nbsp;Rudi Vervoort,&nbsp;Ministre-Pr\u00e9sident du Gouvernement de la R\u00e9gion de Bruxelles-Capitale, charg\u00e9 des Pouvoirs locaux, du D\u00e9veloppement territorial, de la Politique de la Ville, des Monuments et Sites, des Affaires \u00e9tudiantes, du Tourisme, de la Fonction publique, de la Recherche scientifique et de la Propret\u00e9 publique<\/strong><\/p>\n<p>concernant&nbsp;<strong>la mobilisation des r\u00e9serves fonci\u00e8res de la R\u00e9gion pour les infrastructures scolaires.<\/strong><\/p>\n<p>En regard des d\u00e9fis d\u00e9mographiques qui se pr\u00e9sentent \u00e0 nous, vous avez annonc\u00e9 vouloir mobiliser des r\u00e9serves fonci\u00e8res et immobili\u00e8res de la R\u00e9gion pour concourir \u00e0 l\u2019\u00e9dification de nouvelles infrastructures scolaires.<\/p>\n<p>Je souhaite \u00eatre davantage inform\u00e9 \u00e0 propos de cet important sujet.<\/p>\n<p>\u2013 Quels sont les terrains r\u00e9gionaux qui, depuis le d\u00e9but de la pr\u00e9sente l\u00e9gislature, ont \u00e9t\u00e9 mobilis\u00e9s pour la construction d\u2019\u00e9coles ?<\/p>\n<p>\u2013 O\u00f9 se situent ces terrains ? Qu\u2019en est-il de leur r\u00e9partition spatiale en R\u00e9gion bruxelloise ?<\/p>\n<p>\u2013 Qu\u2019en est-il de leurs surfaces ?<\/p>\n<p>\u2013 Combien d\u2019\u00e9l\u00e8ves seront-ils accueillis sur ces espaces ?<\/p>\n<p>\u2013 Selon quel calendrier ?<\/p>\n<p>\u2013 Qu\u2019en est-il de la ventilation entre les \u00e9ventuels projets au b\u00e9n\u00e9fice d\u2019\u00e9coles francophones et n\u00e9erlandophones ?<\/p>\n<p>&nbsp;<\/p>\n<p><em>Pour retrouver l\u2019int\u00e9gralit\u00e9 des d\u00e9bats, cliquez <a href=\"http:\/\/weblex.irisnet.be\/data\/crb\/bqr\/2014-15\/00007\/images.pdf#page=29\">ici<\/a>.<\/em><br \/>\n<em>BQR n\u00b07, pp. 29-30<\/em><\/p>\n","protected":false},"excerpt":{"rendered":"<p>Question \u00e9crite de Monsieur Ga\u00ebtan Van Goidsenhoven, D\u00e9put\u00e9, adress\u00e9e \u00e0 Monsieur&nbsp;Rudi Vervoort,&nbsp;Ministre-Pr\u00e9sident du [&hellip;]<\/p>\n","protected":false},"author":2,"featured_media":0,"comment_status":"closed","ping_status":"open","sticky":false,"template":"","format":"standard","meta":{"ngg_post_thumbnail":0,"footnotes":""},"categories":[34],"tags":[],"class_list":["post-1273","post","type-post","status-publish","format-standard","hentry","category-questions"],"aioseo_notices":[],"_links":{"self":[{"href":"https:\/\/gaetanvangoidsenhoven.be\/index.php\/wp-json\/wp\/v2\/posts\/1273","targetHints":{"allow":["GET"]}}],"collection":[{"href":"https:\/\/gaetanvangoidsenhoven.be\/index.php\/wp-json\/wp\/v2\/posts"}],"about":[{"href":"https:\/\/gaetanvangoidsenhoven.be\/index.php\/wp-json\/wp\/v2\/types\/post"}],"author":[{"embeddable":true,"href":"https:\/\/gaetanvangoidsenhoven.be\/index.php\/wp-json\/wp\/v2\/users\/2"}],"replies":[{"embeddable":true,"href":"https:\/\/gaetanvangoidsenhoven.be\/index.php\/wp-json\/wp\/v2\/comments?post=1273"}],"version-history":[{"count":1,"href":"https:\/\/gaetanvangoidsenhoven.be\/index.php\/wp-json\/wp\/v2\/posts\/1273\/revisions"}],"predecessor-version":[{"id":1274,"href":"https:\/\/gaetanvangoidsenhoven.be\/index.php\/wp-json\/wp\/v2\/posts\/1273\/revisions\/1274"}],"wp:attachment":[{"href":"https:\/\/gaetanvangoidsenhoven.be\/index.php\/wp-json\/wp\/v2\/media?parent=1273"}],"wp:term":[{"taxonomy":"category","embeddable":true,"href":"https:\/\/gaetanvangoidsenhoven.be\/index.php\/wp-json\/wp\/v2\/categories?post=1273"},{"taxonomy":"post_tag","embeddable":true,"href":"https:\/\/gaetanvangoidsenhoven.be\/index.php\/wp-json\/wp\/v2\/tags?post=1273"}],"curies":[{"name":"wp","href":"https:\/\/api.w.org\/{rel}","templated":true}]}}