{"id":1275,"date":"2015-03-30T16:42:33","date_gmt":"2015-03-30T15:42:33","guid":{"rendered":"http:\/\/gaetanvangoidsenhoven.be\/?p=1275"},"modified":"2017-12-07T16:44:08","modified_gmt":"2017-12-07T15:44:08","slug":"question-ecrite-concernant-les-relations-bilaterales-du-gouvernement-avec-chacune-des-communautes","status":"publish","type":"post","link":"https:\/\/gaetanvangoidsenhoven.be\/index.php\/2015\/03\/30\/question-ecrite-concernant-les-relations-bilaterales-du-gouvernement-avec-chacune-des-communautes\/","title":{"rendered":"Question \u00e9crite concernant les relations bilat\u00e9rales du gouvernement avec chacune des Communaut\u00e9s"},"content":{"rendered":"<p><strong>Question \u00e9crite de Monsieur Ga\u00ebtan Van Goidsenhoven, D\u00e9put\u00e9, adress\u00e9e \u00e0 Monsieur&nbsp;Rudi Vervoort,&nbsp;Ministre-Pr\u00e9sident du Gouvernement de la R\u00e9gion de Bruxelles-Capitale, charg\u00e9 des Pouvoirs locaux, du D\u00e9veloppement territorial, de la Politique de la Ville, des Monuments et Sites, des Affaires \u00e9tudiantes, du Tourisme, de la Fonction publique, de la Recherche scientifique et de la Propret\u00e9 publique<\/strong><\/p>\n<p>concernant&nbsp;<strong>les relations bilat\u00e9rales du gouvernement avec chacune des Communaut\u00e9s.<\/strong><\/p>\n<p>Je ne doute pas que pour aborder des points sp\u00e9cifiques et faire entendre la voix des Bruxellois, votre gouvernement entretient des relations avec chacune des Communaut\u00e9s.<\/p>\n<p>Pourriez-vous davantage m\u2019informer \u00e0 ce sujet :<\/p>\n<p>\u2013 Quelle est la fr\u00e9quence des rencontres bilat\u00e9rales formelles avec vos homologues de chacune des Communaut\u00e9s ?<\/p>\n<p>\u2013 Quels sont les dossiers qui figuraient, \u00e0 la demande du gouvernement bruxellois, \u00e0 l\u2019ordre du jour de ces concertations ?<\/p>\n<p>\u2013 Quels sont les principaux dossiers inscrits \u00e0 la demande des Communaut\u00e9s lors de vos rencontres bilat\u00e9rales ?<\/p>\n<p>\u2013 Quels sont les r\u00e9sultats concrets de ces concertations ?<\/p>\n<p>&nbsp;<\/p>\n<p><em>Pour retrouver l\u2019int\u00e9gralit\u00e9 des d\u00e9bats, cliquez <a href=\"http:\/\/weblex.irisnet.be\/data\/crb\/bqr\/2014-15\/00007\/images.pdf#page=30\">ici<\/a>.<\/em><br \/>\n<em>BQR n\u00b07, p. 30<\/em><\/p>\n","protected":false},"excerpt":{"rendered":"<p>Question \u00e9crite de Monsieur Ga\u00ebtan Van Goidsenhoven, D\u00e9put\u00e9, adress\u00e9e \u00e0 Monsieur&nbsp;Rudi Vervoort,&nbsp;Ministre-Pr\u00e9sident du [&hellip;]<\/p>\n","protected":false},"author":2,"featured_media":0,"comment_status":"closed","ping_status":"open","sticky":false,"template":"","format":"standard","meta":{"ngg_post_thumbnail":0,"footnotes":""},"categories":[34],"tags":[],"class_list":["post-1275","post","type-post","status-publish","format-standard","hentry","category-questions"],"aioseo_notices":[],"_links":{"self":[{"href":"https:\/\/gaetanvangoidsenhoven.be\/index.php\/wp-json\/wp\/v2\/posts\/1275","targetHints":{"allow":["GET"]}}],"collection":[{"href":"https:\/\/gaetanvangoidsenhoven.be\/index.php\/wp-json\/wp\/v2\/posts"}],"about":[{"href":"https:\/\/gaetanvangoidsenhoven.be\/index.php\/wp-json\/wp\/v2\/types\/post"}],"author":[{"embeddable":true,"href":"https:\/\/gaetanvangoidsenhoven.be\/index.php\/wp-json\/wp\/v2\/users\/2"}],"replies":[{"embeddable":true,"href":"https:\/\/gaetanvangoidsenhoven.be\/index.php\/wp-json\/wp\/v2\/comments?post=1275"}],"version-history":[{"count":1,"href":"https:\/\/gaetanvangoidsenhoven.be\/index.php\/wp-json\/wp\/v2\/posts\/1275\/revisions"}],"predecessor-version":[{"id":1276,"href":"https:\/\/gaetanvangoidsenhoven.be\/index.php\/wp-json\/wp\/v2\/posts\/1275\/revisions\/1276"}],"wp:attachment":[{"href":"https:\/\/gaetanvangoidsenhoven.be\/index.php\/wp-json\/wp\/v2\/media?parent=1275"}],"wp:term":[{"taxonomy":"category","embeddable":true,"href":"https:\/\/gaetanvangoidsenhoven.be\/index.php\/wp-json\/wp\/v2\/categories?post=1275"},{"taxonomy":"post_tag","embeddable":true,"href":"https:\/\/gaetanvangoidsenhoven.be\/index.php\/wp-json\/wp\/v2\/tags?post=1275"}],"curies":[{"name":"wp","href":"https:\/\/api.w.org\/{rel}","templated":true}]}}