{"id":1279,"date":"2015-03-30T16:46:28","date_gmt":"2015-03-30T15:46:28","guid":{"rendered":"http:\/\/gaetanvangoidsenhoven.be\/?p=1279"},"modified":"2017-12-07T16:48:32","modified_gmt":"2017-12-07T15:48:32","slug":"question-ecrite-concernant-levolution-de-la-repartition-spatiale-des-chomeurs-bruxellois","status":"publish","type":"post","link":"https:\/\/gaetanvangoidsenhoven.be\/index.php\/2015\/03\/30\/question-ecrite-concernant-levolution-de-la-repartition-spatiale-des-chomeurs-bruxellois\/","title":{"rendered":"Question \u00e9crite concernant l&rsquo;\u00e9volution de la r\u00e9partition spatiale des ch\u00f4meurs bruxellois"},"content":{"rendered":"<p><strong>Question \u00e9crite de Monsieur Ga\u00ebtan Van Goidsenhoven, D\u00e9put\u00e9, adress\u00e9e \u00e0 Monsieur Didier Gosuin, Ministre du Gouvernement de la R\u00e9gion de Bruxelles-Capitale, charg\u00e9 de l&rsquo;Emploi, de l&rsquo;Economie et de la Lutte contre l&rsquo;Incendie et l&rsquo;Aide m\u00e9dicale urgente<\/strong><\/p>\n<p>concernant<strong>&nbsp;l&rsquo;\u00e9volution de la r\u00e9partition spatiale des ch\u00f4meurs bruxellois.<\/strong><\/p>\n<p>Comme chacun le sait, le niveau du ch\u00f4mage bruxellois reste beaucoup trop \u00e9lev\u00e9 malgr\u00e9 les diff\u00e9rentes initiatives prises par les gouvernements successifs.<\/p>\n<p>M\u00eame si le ph\u00e9nom\u00e8ne touche malheureusement l\u2019ensemble des quartiers de notre R\u00e9gion, il en ressort cependant que certains quartiers sont davantage touch\u00e9s que d\u2019autres. C\u2019est donc bien l\u00e0 que se cumulent bien souvent les difficult\u00e9s pour les habitants qui y vivent.<\/p>\n<p>Je souhaite \u00eatre davantage inform\u00e9 ou sujet de cette r\u00e9partition :<\/p>\n<p>\u2013 Quels sont, en ce d\u00e9but 2015, les quartiers les plus touch\u00e9s par le ch\u00f4mage ?<\/p>\n<p>\u2013 Quels sont les quartiers qui, ces 5 derni\u00e8res ann\u00e9es, connaissent l\u2019\u00e9volution la plus inqui\u00e9tante de la hausse de l\u2019\u00e9volution du taux de ch\u00f4mage de leurs habitants ? Comment expliquez-vous ces \u00e9volutions ? Sont-elles le fruit de l\u2019absence de politiques publiques sp\u00e9cifiques \u00e0 ces endroits ?<\/p>\n<p>\u2013 Quels sont a contrario les quartiers qui connaissent une diminution sensible du niveau de ch\u00f4mage de leurs habitants depuis ces 5 derni\u00e8res ann\u00e9es ? Comment expliquez-vous ces \u00e9volutions ? Sont-elles le fruit de l\u2019efficacit\u00e9 de certaines politiques publiques sp\u00e9cifiques ?<\/p>\n<p><em>Pour retrouver l\u2019int\u00e9gralit\u00e9 des d\u00e9bats, cliquez <a href=\"http:\/\/weblex.irisnet.be\/data\/crb\/bqr\/2014-15\/00007\/images.pdf#page=45\">ici<\/a>.<\/em><br \/>\n<em>BQR n\u00b07, p. 45<\/em><\/p>\n","protected":false},"excerpt":{"rendered":"<p>Question \u00e9crite de Monsieur Ga\u00ebtan Van Goidsenhoven, D\u00e9put\u00e9, adress\u00e9e \u00e0 Monsieur Didier Gosuin, [&hellip;]<\/p>\n","protected":false},"author":2,"featured_media":0,"comment_status":"closed","ping_status":"open","sticky":false,"template":"","format":"standard","meta":{"ngg_post_thumbnail":0,"footnotes":""},"categories":[34],"tags":[],"class_list":["post-1279","post","type-post","status-publish","format-standard","hentry","category-questions"],"aioseo_notices":[],"_links":{"self":[{"href":"https:\/\/gaetanvangoidsenhoven.be\/index.php\/wp-json\/wp\/v2\/posts\/1279","targetHints":{"allow":["GET"]}}],"collection":[{"href":"https:\/\/gaetanvangoidsenhoven.be\/index.php\/wp-json\/wp\/v2\/posts"}],"about":[{"href":"https:\/\/gaetanvangoidsenhoven.be\/index.php\/wp-json\/wp\/v2\/types\/post"}],"author":[{"embeddable":true,"href":"https:\/\/gaetanvangoidsenhoven.be\/index.php\/wp-json\/wp\/v2\/users\/2"}],"replies":[{"embeddable":true,"href":"https:\/\/gaetanvangoidsenhoven.be\/index.php\/wp-json\/wp\/v2\/comments?post=1279"}],"version-history":[{"count":1,"href":"https:\/\/gaetanvangoidsenhoven.be\/index.php\/wp-json\/wp\/v2\/posts\/1279\/revisions"}],"predecessor-version":[{"id":1280,"href":"https:\/\/gaetanvangoidsenhoven.be\/index.php\/wp-json\/wp\/v2\/posts\/1279\/revisions\/1280"}],"wp:attachment":[{"href":"https:\/\/gaetanvangoidsenhoven.be\/index.php\/wp-json\/wp\/v2\/media?parent=1279"}],"wp:term":[{"taxonomy":"category","embeddable":true,"href":"https:\/\/gaetanvangoidsenhoven.be\/index.php\/wp-json\/wp\/v2\/categories?post=1279"},{"taxonomy":"post_tag","embeddable":true,"href":"https:\/\/gaetanvangoidsenhoven.be\/index.php\/wp-json\/wp\/v2\/tags?post=1279"}],"curies":[{"name":"wp","href":"https:\/\/api.w.org\/{rel}","templated":true}]}}