{"id":1344,"date":"2017-07-17T10:47:46","date_gmt":"2017-07-17T09:47:46","guid":{"rendered":"http:\/\/gaetanvangoidsenhoven.be\/?p=1344"},"modified":"2018-01-26T11:00:43","modified_gmt":"2018-01-26T10:00:43","slug":"interpellation-sur-les-enseignements-our-les-villes-belges-francophones-du-moniteur-europeen-sur-les-villes-culturelles-et-creatives","status":"publish","type":"post","link":"https:\/\/gaetanvangoidsenhoven.be\/index.php\/2017\/07\/17\/interpellation-sur-les-enseignements-our-les-villes-belges-francophones-du-moniteur-europeen-sur-les-villes-culturelles-et-creatives\/","title":{"rendered":"Interpellation sur les enseignements our les villes belges francophones du Moniteur europ\u00e9en sur les villes culturelles et cr\u00e9atives"},"content":{"rendered":"<p><strong><span style=\"font-family: 'Georgia',serif; color: #333333;\">Interpellation&nbsp;de Monsieur Ga\u00ebtan VAN GOIDSENHOVEN, D\u00e9put\u00e9, adress\u00e9e \u00e0 Madame Alda GREOLI, Ministre du Gouvernement de la F\u00e9d\u00e9ration Wallonie-Bruxelles, en charge de la Culture et de l&rsquo;Enfance,<\/span><\/strong><b><\/b><\/p>\n<p><span style=\"font-family: 'Georgia',serif; color: #333333;\">concernant <strong>\u00ab les enseignements pour les villes belges francophones du Moniteur europ\u00e9en sur les villes culturelles et cr\u00e9atives\u00bb<\/strong><\/span><\/p>\n<p><strong><span style=\"font-family: 'Georgia',serif; color: #333333;\">&nbsp;M. Ga\u00ebtan Van Goidsenhoven (MR). \u2013<\/span><\/strong><span style=\"font-family: 'Georgia',serif; color: #333333;\"> Le 6 juillet dernier, la Commission europ\u00e9enne publiait le Moniteur des villes culturelles et cr\u00e9atives. Cet outil est cens\u00e9 fournir aux 168 villes europ\u00e9ennes \u00e9tudi\u00e9es des donn\u00e9es comparables sur leurs performances r\u00e9ciproques dans les mati\u00e8res culturelles et cr\u00e9atives. <\/span><\/p>\n<p><span style=\"font-family: 'Georgia',serif; color: #333333;\">La premi\u00e8re \u00e9dition de ce Moniteur europ\u00e9en s\u2019inscrit dans la continuit\u00e9 des efforts de la Commission europ\u00e9enne pour placer la culture au c\u0153ur de son programme d\u2019action et dans le prolongement de son travail de promotion du d\u00e9veloppement socio-\u00e9conomique des villes et r\u00e9gions d\u2019Europe. Cet outil est suppos\u00e9 aiguiller les d\u00e9cideurs dans l\u2019adoption des politiques dans les mati\u00e8res qui rel\u00e8vent de la culture et de la cr\u00e9ativit\u00e9 et qui ont un impact v\u00e9rifi\u00e9 sur la vie \u00e9conomique et sociale d\u2019une ville. Il permet \u00e9galement aux acteurs sectoriels de se comparer \u00e0 leurs pairs europ\u00e9ens et de s\u2019inspirer, s\u2019ils le d\u00e9sirent, de leurs succ\u00e8s. <\/span><\/p>\n<p><span style=\"font-family: 'Georgia',serif; color: #333333;\">La Commission europ\u00e9enne s\u2019est appuy\u00e9e sur des mesures qualitatives et quantitatives cens\u00e9es repr\u00e9senter le dynamisme culturel, l\u2019\u00e9conomie cr\u00e9ative et l\u2019environnement propice d\u2019une ville. Le volet quantitatif comporte 29 indicateurs touchant neuf dimensions telles que celles de la propri\u00e9t\u00e9 intellectuelle, l\u2019accessibilit\u00e9 locale et internationale, l\u2019innovation, la cr\u00e9ation d\u2019emplois dans ce m\u00eame domaine, la participation des citoyens \u00e0 la vie culturelle de leur ville, etc. Les r\u00e9sultats obtenus pour chaque ville ont le m\u00e9rite de mettre en \u00e9vidence leurs points forts ainsi que les domaines dans lesquels elles excellent et les pistes d\u2019am\u00e9lioration possibles. <\/span><\/p>\n<p><span style=\"font-family: 'Georgia',serif; color: #333333;\">Comme cela a d\u00e9j\u00e0 \u00e9t\u00e9 rappel\u00e9 \u00e0 plusieurs reprises et notamment dans le Plan de travail de l\u2019Union europ\u00e9enne en faveur de la culture pour la p\u00e9riode 2015-2018, les secteurs de la cr\u00e9ation et de la cr\u00e9ativit\u00e9 figurent parmi les secteurs les plus&nbsp;dynamiques des \u00e9conomies europ\u00e9ennes. En plus de stimuler l\u2019innovation, ces secteurs favorisent la croissance et la cr\u00e9ation d\u2019emplois et encouragent la coh\u00e9sion sociale. \u00c0 titre d\u2019exemple, \u00e0 l\u2019\u00e9chelle europ\u00e9enne, les secteurs cr\u00e9atifs et culturels repr\u00e9sentent 4,4 % du produit int\u00e9rieur brut et emploient pr\u00e8s de 8,8 millions de personnes \u00e0 travers le continent, soit 3,8 % du taux d\u2019emploi europ\u00e9en. <\/span><\/p>\n<p><span style=\"font-family: 'Georgia',serif; color: #333333;\">Vu la frilosit\u00e9 des gouvernements belges, en particulier celle du gouvernement bruxellois, \u00e0 inscrire Bruxelles comme candidate au R\u00e9seau des villes cr\u00e9atives de l\u2019UNESCO, je souhaiterais aborder quelques \u00e9l\u00e9ments centraux ressortant de cette \u00e9tude et plus sp\u00e9cifiquement les performances de notre pays, qui y sont mises \u00e0 l\u2019honneur. Ceci acc\u00e9l\u00e8rera peut-\u00eatre la r\u00e9flexion autour des actions possibles, autrefois annonc\u00e9es par le gouvernement, et leur mise en \u0153uvre. L\u2019\u00e9tude rappelle que les villes de Bruxelles, Anvers, Bruges et Mons ont \u00e9t\u00e9 qualifi\u00e9es de capitales europ\u00e9ennes de la culture. Seule Gand a \u00e9t\u00e9 s\u00e9lectionn\u00e9e pour appartenir au R\u00e9seau des villes cr\u00e9atives de l\u2019UNESCO. Quant aux villes de Li\u00e8ge, Louvain, Namur et Ostende, elles ont accueilli chacune au moins deux festivals culturels internationaux. <\/span><\/p>\n<p><span style=\"font-family: 'Georgia',serif; color: #333333;\">Concernant Bruxelles, notre ville est relativement bien plac\u00e9e dans la cat\u00e9gorie \u00ab\u00c9conomie cr\u00e9ative\u00bb, en partie gr\u00e2ce \u00e0 sa capacit\u00e9 \u00e0 g\u00e9n\u00e9rer de l\u2019emploi dans le secteur cr\u00e9atif \u2013 6,5 % des emplois de la capitale. Elle figure \u00e0 la troisi\u00e8me position d\u2019un classement de 21 villes europ\u00e9ennes. <\/span><\/p>\n<p><span style=\"font-family: 'Georgia',serif; color: #333333;\">Dans la cat\u00e9gorie \u00abVitalit\u00e9 culturelle\u00bb, Bruxelles occupe la dixi\u00e8me position, derri\u00e8re Anvers, elle-m\u00eame plac\u00e9e apr\u00e8s la ville de Gand. Cette derni\u00e8re excelle dans la dimension des installations et infrastructures culturelles. Enfin, gr\u00e2ce \u00e0 ses performances en mati\u00e8re d\u2019innovation et de propri\u00e9t\u00e9 intellectuelle, Louvain se distingue dans la cat\u00e9gorie \u00ab\u00c9conomie cr\u00e9ative\u00bb. Elle occupe la quatri\u00e8me position d\u2019un classement de 64 villes europ\u00e9ennes. <\/span><\/p>\n<p><span style=\"font-family: 'Georgia',serif; color: #333333;\">J\u2019insisterai aussi sur l\u2019importance et le r\u00f4le que jouent la culture et la cr\u00e9ativit\u00e9 dans l\u2019am\u00e9lioration des perspectives de r\u00e9silience \u00e9conomique d\u2019une ville. En outre, il est primordial de susciter l\u2019investissement pour promouvoir ces domaines. Je ne saurais trouver de meilleurs arguments pour rappeler l\u2019attractivit\u00e9 de Bruxelles et l\u2019importance de la faire participer \u00e0 ce r\u00e9seau et d\u2019approfondir nos politiques qui pourraient jouer un effet de levier sur la culture, l\u2019\u00e9conomie d\u2019une ville et le bien-\u00eatre de ses habitants. <\/span><\/p>\n<p><span style=\"font-family: 'Georgia',serif; color: #333333;\">Madame la Ministre, avez-vous pris connaissance du contenu de ce Moniteur et des diff\u00e9rentes performances et faiblesses des villes belges francophones dans les mati\u00e8res culturelles et cr\u00e9atives? Quels sont les enseignements que vous en retenez et quelles sont les strat\u00e9gies et r\u00e9flexions men\u00e9es par votre administration pour am\u00e9liorer&nbsp;les performances de la Wallonie et de Bruxelles dans ces domaines? Avez-vous, par exemple, d\u00e9j\u00e0 rencontr\u00e9 les autorit\u00e9s d\u2019autres villes europ\u00e9ennes excellant l\u00e0 o\u00f9 nous \u00e9chouons? Enfin, o\u00f9 en sont nos collaborations avec l\u2019UNESCO et quelle est notre implication dans son r\u00e9seau culturel, cr\u00e9atif et international? Outre l\u2019annonce des 20 millions d\u2019euros d\u00e9gag\u00e9s pour soutenir les industries culturelles et cr\u00e9atives, quels sont votre position et vos projets pour saisir cette opportunit\u00e9 et renforcer la synergie culture-cr\u00e9ativit\u00e9-\u00e9conomie, et ce pour toutes les politiques relevant de votre comp\u00e9tence? <\/span><\/p>\n<p><strong>Mme Alda Greoli, vice-pr\u00e9sidente et ministre de la Culture et de l\u2019Enfance. \u2013<\/strong> Monsieur le D\u00e9put\u00e9, permettez-moi de r\u00e9pondre \u00e0 vos diff\u00e9rentes questions dans l\u2019ordre.<\/p>\n<p>En premier lieu, je tiens \u00e0 souligner que le Moniteur des villes culturelles et cr\u00e9atives constitue une initiative tr\u00e8s r\u00e9cente. Elle date du d\u00e9but du mois de juillet 2017 et a \u00e9t\u00e9 entreprise par la Commission europ\u00e9enne et, plus particuli\u00e8rement, vous l\u2019avez d\u2019ailleurs soulign\u00e9, son Centre commun de recherche (CCR). La mission de ce centre est de fournir des \u00e9l\u00e9ments scientifiques pour \u00e9tayer le processus de prise de d\u00e9cision au sein de l\u2019Union europ\u00e9enne. Le document a donc \u00e9t\u00e9 publi\u00e9 sous la responsabilit\u00e9 de la Commission europ\u00e9enne, et n\u2019implique aucun \u00c9tat membre \u2013 du moins \u00e0 ce stade.<\/p>\n<p>Il y a tout lieu de saluer cette initiative, car elle t\u00e9moigne d\u2019un int\u00e9r\u00eat croissant de la Commission europ\u00e9enne pour les questions culturelles. Cela \u00e9tant dit, j\u2019esp\u00e8re que la Commission sera \u00e9galement \u00e0 nos c\u00f4t\u00e9s pour nous aider \u00e0 d\u00e9fendre correctement chacune de nos cultures. En outre, il est utile de pouvoir \u00e9tablir des comparaisons \u00e0 l\u2019\u00e9chelle internationale. Elles sont r\u00e9guli\u00e8rement sources d\u2019inspiration et de progr\u00e8s.<\/p>\n<p>N\u00e9anmoins, un tel document m\u00e9rite un examen plus approfondi, notamment quant aux crit\u00e8res retenus par les auteurs de l\u2019\u00e9tude. Comme vous l\u2019avez not\u00e9, Monsieur le D\u00e9put\u00e9, les comparaisons se fondent, tout \u00e0 la fois, sur des crit\u00e8res que je qualifierais de \u00abpurement culturels\u00bb, la participation du public ou les infrastructures culturelles, par exemple, et sur des crit\u00e8res \u00ab\u00e9conomiques\u00bb, qu\u2019ils soient li\u00e9s \u00e0 l\u2019emploi, au capital humain, ou encore \u00e0 la gouvernance locale.<\/p>\n<p>J\u2019ai donc demand\u00e9 \u00e0 l\u2019administration g\u00e9n\u00e9rale de la Culture, et plus particuli\u00e8rement \u00e0 l\u2019Observatoire des politiques culturelles, de mener une analyse compl\u00e8te de cette \u00e9tude, dont les destinataires premiers me semblent \u00eatre les villes elles-m\u00eames. En effet, s\u2019il est pertinent de proc\u00e9der \u00e0 des comparaisons entre les politiques culturelles municipales, elles seront d\u2019autant plus efficaces si les initiatives \u00e9manent directement des villes souhaitant s\u2019impliquer.<\/p>\n<p>Le R\u00e9seau des villes cr\u00e9atives de l\u2019UNESCO a \u00e9t\u00e9 cr\u00e9\u00e9 en 2004 pour promouvoir la coop\u00e9ration&nbsp;entre les villes d\u00e9sirant placer la cr\u00e9ativit\u00e9 au sein de leur strat\u00e9gie de d\u00e9veloppement humain. Actuellement, en Belgique, seule la ville de Gand en est membre. Selon les informations dont je dispose et sur proposition de Wallonie-Bruxelles International (WBI) et de la D\u00e9l\u00e9gation g\u00e9n\u00e9rale \u00e0 Paris, l\u2019Union des villes et communes de Wallonie (UVCW) a sensibilis\u00e9 ses membres \u00e0 l\u2019appel \u00e0 candidatures en vue d\u2019int\u00e9grer ce r\u00e9seau. Pour information, le dernier appel de l\u2019UNESCO a eu lieu le 15 f\u00e9vrier 2017.<\/p>\n<p>S\u2019agissant de WBI, je vous invite \u00e0 interroger son ministre de tutelle, c\u2019est-\u00e0-dire le ministre-pr\u00e9sident, sur le r\u00e9sultat des d\u00e9marches entreprises, ainsi que sur les initiatives parall\u00e8les qui auraient \u00e9t\u00e9 men\u00e9es vis-\u00e0-vis des municipalit\u00e9s de la R\u00e9gion de Bruxelles-Capitale.<\/p>\n<p>Quant aux synergies entre la culture, la cr\u00e9ativit\u00e9 et l\u2019\u00e9conomie, je pense que tant le secteur culturel que moi-m\u00eame avons parfaitement saisi ces enjeux dans le cadre de l\u2019op\u00e9ration \u00abBouger les lignes\u00bb et de son plan d\u2019action; 40 actions en d\u00e9coulent. Je vous invite \u00e0 parcourir ou \u00e0 relire les actions consacr\u00e9es, par exemple, au soutien \u00e0 la cr\u00e9ation artistique et \u00e0 l\u2019exp\u00e9rimentation artistique, au renforcement des liens entre la cr\u00e9ation et la recherche scientifique, \u00e0 la r\u00e9daction de la coupole \u00abPlan culturel num\u00e9rique\u00bb ou encore, pour prendre un dernier exemple au hasard, aux connexions culturelles entre les secteurs marchand et non marchand.<\/p>\n<p><strong>M. Ga\u00ebtan Van Goidsenhoven (MR). \u2013<\/strong> Madame la Ministre, je vous ai \u00e9cout\u00e9e attentivement. Bien qu\u2019il soit r\u00e9cent, l\u2019outil est int\u00e9ressant parce qu\u2019il permet de nous situer. M\u00eame teint\u00e9s d\u2019une certaine subjectivit\u00e9, les crit\u00e8res retenus permettent d\u2019enrichir notre r\u00e9flexion et peut-\u00eatre de nous interroger sur nos forces et faiblesses.<\/p>\n<p>J\u2019entends \u00e9galement que WBI, par l\u2019interm\u00e9diaire de l\u2019Union des villes et communes, relayait le fait qu\u2019il y a r\u00e9guli\u00e8rement des appels \u00e0 candidatures pour participer au R\u00e9seau des villes cr\u00e9atives de l\u2019UNESCO. L\u2019enjeu est important et la Belgique peine \u00e9tonnamment \u00e0 s\u2019inscrire dans ce r\u00e9seau. Ce dernier est bien repr\u00e9sent\u00e9 sur les cinq continents. D\u2019ailleurs, des villes de tous gabarits et ayant des cultures tr\u00e8s diff\u00e9rentes ont souhait\u00e9 entreprendre une d\u00e9marche particuli\u00e8re pour appartenir \u00e0 ce r\u00e9seau.<\/p>\n<p>Nous avons des r\u00e9sultats \u00e0 faire valoir et il serait, \u00e0 mon sens, int\u00e9ressant d\u2019\u00e9largir notre spectre de connaissances et de comp\u00e9tences et d\u2019\u00e9changer nos informations et bonnes pratiques. J\u2019interrogerai \u00e0 ce sujet le ministre-pr\u00e9sident en sa qualit\u00e9 de responsable de WBI, mais un certain nombre de choses et de progr\u00e8s \u00e0 r\u00e9aliser entrent \u00e9galement dans vos comp\u00e9tences!<\/p>\n<p>C\u2019est un enjeu culturel et de d\u00e9veloppement \u00e9conomique qui doit nous aider \u00e0 red\u00e9finir les projets urbains dans les principales villes de notre F\u00e9d\u00e9ration.<\/p>\n<p>&nbsp;<\/p>\n<p><span style=\"font-family: 'Georgia',serif; color: #333333;\">Pour retrouver le texte dans son int\u00e9gralit\u00e9, cliquez&nbsp;<\/span><a href=\"http:\/\/archive.pfwb.be\/10000000206d0a7\"><span style=\"font-family: 'Georgia',serif;\">ici<\/span><\/a><span style=\"font-family: 'Georgia',serif; color: #333333;\">.<br \/>\nCRIc n\u00b0120 (2016-2017), pp. 3-5<\/span><\/p>\n","protected":false},"excerpt":{"rendered":"<p>Interpellation&nbsp;de Monsieur Ga\u00ebtan VAN GOIDSENHOVEN, D\u00e9put\u00e9, adress\u00e9e \u00e0 Madame Alda GREOLI, Ministre du [&hellip;]<\/p>\n","protected":false},"author":2,"featured_media":0,"comment_status":"closed","ping_status":"open","sticky":false,"template":"","format":"standard","meta":{"ngg_post_thumbnail":0,"footnotes":""},"categories":[28],"tags":[],"class_list":["post-1344","post","type-post","status-publish","format-standard","hentry","category-int"],"aioseo_notices":[],"_links":{"self":[{"href":"https:\/\/gaetanvangoidsenhoven.be\/index.php\/wp-json\/wp\/v2\/posts\/1344","targetHints":{"allow":["GET"]}}],"collection":[{"href":"https:\/\/gaetanvangoidsenhoven.be\/index.php\/wp-json\/wp\/v2\/posts"}],"about":[{"href":"https:\/\/gaetanvangoidsenhoven.be\/index.php\/wp-json\/wp\/v2\/types\/post"}],"author":[{"embeddable":true,"href":"https:\/\/gaetanvangoidsenhoven.be\/index.php\/wp-json\/wp\/v2\/users\/2"}],"replies":[{"embeddable":true,"href":"https:\/\/gaetanvangoidsenhoven.be\/index.php\/wp-json\/wp\/v2\/comments?post=1344"}],"version-history":[{"count":1,"href":"https:\/\/gaetanvangoidsenhoven.be\/index.php\/wp-json\/wp\/v2\/posts\/1344\/revisions"}],"predecessor-version":[{"id":1345,"href":"https:\/\/gaetanvangoidsenhoven.be\/index.php\/wp-json\/wp\/v2\/posts\/1344\/revisions\/1345"}],"wp:attachment":[{"href":"https:\/\/gaetanvangoidsenhoven.be\/index.php\/wp-json\/wp\/v2\/media?parent=1344"}],"wp:term":[{"taxonomy":"category","embeddable":true,"href":"https:\/\/gaetanvangoidsenhoven.be\/index.php\/wp-json\/wp\/v2\/categories?post=1344"},{"taxonomy":"post_tag","embeddable":true,"href":"https:\/\/gaetanvangoidsenhoven.be\/index.php\/wp-json\/wp\/v2\/tags?post=1344"}],"curies":[{"name":"wp","href":"https:\/\/api.w.org\/{rel}","templated":true}]}}