{"id":1353,"date":"2017-09-20T12:26:51","date_gmt":"2017-09-20T11:26:51","guid":{"rendered":"http:\/\/gaetanvangoidsenhoven.be\/?p=1353"},"modified":"2018-01-26T12:33:57","modified_gmt":"2018-01-26T11:33:57","slug":"question-ecrite-sur-le-non-respect-dune-disposition-reglementaire-en-cas-de-subsidiation","status":"publish","type":"post","link":"https:\/\/gaetanvangoidsenhoven.be\/index.php\/2017\/09\/20\/question-ecrite-sur-le-non-respect-dune-disposition-reglementaire-en-cas-de-subsidiation\/","title":{"rendered":"Question \u00e9crite sur le non-respect d&rsquo;une disposition r\u00e9glementaire en cas de subsidiation"},"content":{"rendered":"<p><strong>Question \u00e9crite de Monsieur Ga\u00ebtan VAN GOIDSENHOVEN, D\u00e9put\u00e9, adress\u00e9e \u00e0 Madame Alda GREOLI, Ministre du Gouvernement de la F\u00e9d\u00e9ration Wallonie-Bruxelles, en charge de la Culture et de l&rsquo;Enfance,<\/strong><\/p>\n<p>concernant <strong>\u00ab\u00a0le non-respect d\u2019une disposition r\u00e9glementaire en cas de subsidiation\u00a0\u00bb.<\/strong><\/p>\n<p>Suite \u00e0 l\u2019observation faite sur l\u2019absence de logo de la F\u00e9d\u00e9ration Wallonie-Bruxelles sur le site Internet d\u2019une association culturelle qui b\u00e9n\u00e9ficie&nbsp;pourtant de subsides de la part du Gouvernement, je souhaiterais r\u00e9coler aupr\u00e8s de vous les informations suivantes :<\/p>\n<p>\u2014 Depuis le d\u00e9but de la l\u00e9gislature, des cas similaires \u2013 \u00e0 savoir l\u2019absence de visibilit\u00e9 de l\u2019institution dans les programmes, affiches, sites Internet ou toute autre publication \u00e9manant d\u2019une association b\u00e9n\u00e9ficiaire ont-ils \u00e9t\u00e9 observ\u00e9s ? Si oui, combien de fois ce cas s\u2019est-il pr\u00e9sent\u00e9 ?<\/p>\n<p>\u2014 Quelle est la proc\u00e9dure appliqu\u00e9e par vos services lorsque ce cas se pr\u00e9sente ?<\/p>\n<p>\u2014 Quelles sont les p\u00e9nalit\u00e9s pr\u00e9vues \u00e0 l\u2019\u00e9gard des institutions b\u00e9n\u00e9ficiaires en cas de non-respect de cette disposition ?<\/p>\n<p>R\u00e9ponse :&nbsp;<\/p>\n<ol>\n<li>Aucune proc\u00e9dure formelle n\u2019est mise en place pour \u00e9viter qu\u2019un op\u00e9rateur n\u2019oublie de faire figurer la mention du soutien de la Communaut\u00e9 fran\u00e7aise sur ses supports. Un examen aupr\u00e8s de chacun des services de l\u2019Administration g\u00e9n\u00e9rale de la Culture r\u00e9v\u00e8le que l\u2019obligation de visibilit\u00e9 est assez bien respect\u00e9e par la plupart des op\u00e9rateurs. En cas de manquement constat, l\u2019op\u00e9rateur concern\u00e9 est contact\u00e9 par le service qui g\u00e8re sa convention ou son contrat programme. Il se conforme g\u00e9n\u00e9ralement \u00e0 ses obligations.<\/li>\n<li>Le Wiels est une institution conventionn\u00e9e dans le secteur des arts plastiques. Dans ce cadre, elle per\u00e7oit une subvention annuelle de 150.000 euros. En contrepartie du subside d\u00e9- livr\u00e9, le Wiels s\u2019employe \u00e0 valoriser et soutenir les artistes de la Communaut\u00e9 fran\u00e7aise que ce soit au travers l\u2019organisation de deux r\u00e9sidences annuelles, le montage d\u2019expositions qui leur sont consacr\u00e9es en tout ou en partie, la prise en charge de frais de cr\u00e9ation sp\u00e9cifiques ou encore la r\u00e9alisation de publications.<\/li>\n<\/ol>\n<p><em>Pour retrouver le texte dans son int\u00e9gralit\u00e9, cliquez <a href=\"http:\/\/archive.pfwb.be\/100000002078030\">ici<\/a>.<\/em><br \/>\n<em> BQR n\u00b012 (2016-2017), Septembre 2017, p. 48<\/em><\/p>\n","protected":false},"excerpt":{"rendered":"<p>Question \u00e9crite de Monsieur Ga\u00ebtan VAN GOIDSENHOVEN, D\u00e9put\u00e9, adress\u00e9e \u00e0 Madame Alda GREOLI, [&hellip;]<\/p>\n","protected":false},"author":2,"featured_media":0,"comment_status":"closed","ping_status":"open","sticky":false,"template":"","format":"standard","meta":{"ngg_post_thumbnail":0,"footnotes":""},"categories":[35],"tags":[],"class_list":["post-1353","post","type-post","status-publish","format-standard","hentry","category-ecrites"],"aioseo_notices":[],"_links":{"self":[{"href":"https:\/\/gaetanvangoidsenhoven.be\/index.php\/wp-json\/wp\/v2\/posts\/1353","targetHints":{"allow":["GET"]}}],"collection":[{"href":"https:\/\/gaetanvangoidsenhoven.be\/index.php\/wp-json\/wp\/v2\/posts"}],"about":[{"href":"https:\/\/gaetanvangoidsenhoven.be\/index.php\/wp-json\/wp\/v2\/types\/post"}],"author":[{"embeddable":true,"href":"https:\/\/gaetanvangoidsenhoven.be\/index.php\/wp-json\/wp\/v2\/users\/2"}],"replies":[{"embeddable":true,"href":"https:\/\/gaetanvangoidsenhoven.be\/index.php\/wp-json\/wp\/v2\/comments?post=1353"}],"version-history":[{"count":1,"href":"https:\/\/gaetanvangoidsenhoven.be\/index.php\/wp-json\/wp\/v2\/posts\/1353\/revisions"}],"predecessor-version":[{"id":1354,"href":"https:\/\/gaetanvangoidsenhoven.be\/index.php\/wp-json\/wp\/v2\/posts\/1353\/revisions\/1354"}],"wp:attachment":[{"href":"https:\/\/gaetanvangoidsenhoven.be\/index.php\/wp-json\/wp\/v2\/media?parent=1353"}],"wp:term":[{"taxonomy":"category","embeddable":true,"href":"https:\/\/gaetanvangoidsenhoven.be\/index.php\/wp-json\/wp\/v2\/categories?post=1353"},{"taxonomy":"post_tag","embeddable":true,"href":"https:\/\/gaetanvangoidsenhoven.be\/index.php\/wp-json\/wp\/v2\/tags?post=1353"}],"curies":[{"name":"wp","href":"https:\/\/api.w.org\/{rel}","templated":true}]}}