{"id":1363,"date":"2017-12-22T13:15:53","date_gmt":"2017-12-22T12:15:53","guid":{"rendered":"http:\/\/gaetanvangoidsenhoven.be\/?p=1363"},"modified":"2018-01-26T13:17:16","modified_gmt":"2018-01-26T12:17:16","slug":"question-ecrite-sur-le-futur-musee-dart-moderne-et-contemporain-a-bruxelles","status":"publish","type":"post","link":"https:\/\/gaetanvangoidsenhoven.be\/index.php\/2017\/12\/22\/question-ecrite-sur-le-futur-musee-dart-moderne-et-contemporain-a-bruxelles\/","title":{"rendered":"Question \u00e9crite sur le futur mus\u00e9e d\u2019art moderne et contemporain \u00e0 Bruxelles"},"content":{"rendered":"<p><strong>Question \u00e9crite de Monsieur Ga\u00ebtan VAN GOIDSENHOVEN, D\u00e9put\u00e9, adress\u00e9e \u00e0 Madame GREOLI, Ministre du Gouvernement de la F\u00e9d\u00e9ration Wallonie-Bruxelles, en charge de la Culture<\/strong><\/p>\n<p>concernant<strong> l<\/strong><strong>e futur mus\u00e9e d\u2019art moderne et contemporain \u00e0 Bruxelles.<\/strong><\/p>\n<p>Madame la Ministre,<\/p>\n<p>Vous n\u2019\u00eates pas sans savoir l\u2019arriv\u00e9e prochaine du nouveau mus\u00e9e d\u2019art moderne et contemporain qui prendra place sur l\u2019ancien site du b\u00e2timent Citro\u00ebn.<\/p>\n<p>A la recherche de partenaires, nous savons aujourd\u2019hui que le Centre Pompidou, centre culturel parisien par excellence, apportera son soutien dans la r\u00e9alisation de ce projet.<\/p>\n<p>C\u2019est une chose \u00e9tonnante de voir ce projet pilot\u00e9 par la R\u00e9gion bruxelloise, sans m\u00eame, \u00e0 notre connaissance, voir les autres entit\u00e9s telles que la COCOF ou la F\u00e9d\u00e9ration Wallonie-Bruxelles y prendre part.<\/p>\n<p>Les \u00e9quipes op\u00e9rationnelles semblent aujourd\u2019hui d\u00e9j\u00e0 se constituer et la programmation culturelle de la premi\u00e8re ann\u00e9e ne saurait tarder \u00e0 faire son apparition.<\/p>\n<p>D\u00e8s lors, en vertu de ces diff\u00e9rents \u00e9l\u00e9ments, je souhaiterais interroger la Ministre sur la mani\u00e8re dont la F\u00e9d\u00e9ration Wallonie-Bruxelles aborde l\u2019arriv\u00e9e de cette nouvelle offre culturelle dans notre capitale ainsi que la mani\u00e8re dont notre institution pourrait prendre part \u00e0 ce projet. D\u00e8s lors,<\/p>\n<ul>\n<li>Des discussions ou r\u00e9unions rassemblant les repr\u00e9sentants de la R\u00e9gion, de la COCOF et de la FWB ont-elles eu lieu pour aborder ce sujet&nbsp;?<\/li>\n<li>Une implication de la F\u00e9d\u00e9ration Wallonie-Bruxelles, qu\u2019elle soit financi\u00e8re ou technique, a-t-elle \u00e9t\u00e9 envisag\u00e9e pour ce futur mus\u00e9e d\u2019art moderne et contemporain&nbsp;?<\/li>\n<li>La F\u00e9d\u00e9ration Wallonie-Bruxelles dispose, dans les champs culturels, d\u2019une expertise connue et reconnue. Il me semblerait d\u00e8s lors pertinent que cette expertise puisse se d\u00e9ployer dans un projet de si grande ampleur \u00e0 Bruxelles. Partagez-vous, Madame la Ministre, ce m\u00eame sentiment&nbsp;?<\/li>\n<\/ul>\n","protected":false},"excerpt":{"rendered":"<p>Question \u00e9crite de Monsieur Ga\u00ebtan VAN GOIDSENHOVEN, D\u00e9put\u00e9, adress\u00e9e \u00e0 Madame GREOLI, Ministre [&hellip;]<\/p>\n","protected":false},"author":2,"featured_media":0,"comment_status":"closed","ping_status":"open","sticky":false,"template":"","format":"standard","meta":{"ngg_post_thumbnail":0,"footnotes":""},"categories":[35],"tags":[],"class_list":["post-1363","post","type-post","status-publish","format-standard","hentry","category-ecrites"],"aioseo_notices":[],"_links":{"self":[{"href":"https:\/\/gaetanvangoidsenhoven.be\/index.php\/wp-json\/wp\/v2\/posts\/1363","targetHints":{"allow":["GET"]}}],"collection":[{"href":"https:\/\/gaetanvangoidsenhoven.be\/index.php\/wp-json\/wp\/v2\/posts"}],"about":[{"href":"https:\/\/gaetanvangoidsenhoven.be\/index.php\/wp-json\/wp\/v2\/types\/post"}],"author":[{"embeddable":true,"href":"https:\/\/gaetanvangoidsenhoven.be\/index.php\/wp-json\/wp\/v2\/users\/2"}],"replies":[{"embeddable":true,"href":"https:\/\/gaetanvangoidsenhoven.be\/index.php\/wp-json\/wp\/v2\/comments?post=1363"}],"version-history":[{"count":1,"href":"https:\/\/gaetanvangoidsenhoven.be\/index.php\/wp-json\/wp\/v2\/posts\/1363\/revisions"}],"predecessor-version":[{"id":1364,"href":"https:\/\/gaetanvangoidsenhoven.be\/index.php\/wp-json\/wp\/v2\/posts\/1363\/revisions\/1364"}],"wp:attachment":[{"href":"https:\/\/gaetanvangoidsenhoven.be\/index.php\/wp-json\/wp\/v2\/media?parent=1363"}],"wp:term":[{"taxonomy":"category","embeddable":true,"href":"https:\/\/gaetanvangoidsenhoven.be\/index.php\/wp-json\/wp\/v2\/categories?post=1363"},{"taxonomy":"post_tag","embeddable":true,"href":"https:\/\/gaetanvangoidsenhoven.be\/index.php\/wp-json\/wp\/v2\/tags?post=1363"}],"curies":[{"name":"wp","href":"https:\/\/api.w.org\/{rel}","templated":true}]}}