{"id":1393,"date":"2017-03-31T14:33:00","date_gmt":"2017-03-31T13:33:00","guid":{"rendered":"http:\/\/gaetanvangoidsenhoven.be\/?p=1393"},"modified":"2018-01-29T14:49:10","modified_gmt":"2018-01-29T13:49:10","slug":"interpellation-sur-les-activites-dans-le-cadre-de-la-journee-internationale-de-la-francophonie","status":"publish","type":"post","link":"https:\/\/gaetanvangoidsenhoven.be\/index.php\/2017\/03\/31\/interpellation-sur-les-activites-dans-le-cadre-de-la-journee-internationale-de-la-francophonie\/","title":{"rendered":"Interpellation sur les activit\u00e9s dans le cadre de la Journ\u00e9e internationale de la Francophonie"},"content":{"rendered":"<p><strong>Interpellation de Monsieur Ga\u00ebtan VAN GOIDSENHOVEN, D\u00e9put\u00e9, adress\u00e9e \u00e0 Madame Fadila LAANAN, Ministre-Pr\u00e9sidente du Coll\u00e8ge de la Commission communautaire fran\u00e7aise, en charge du Budget, de l&rsquo;Enseignement, du Transport scolaire, de l&rsquo;Accueil de l&rsquo;enfance, du Sport et de la Culture<\/strong><\/p>\n<p>concernant&nbsp;<strong>les activit\u00e9s dans le cadre de la Journ\u00e9e internationale de la Francophonie.<\/strong><\/p>\n<p><strong>M. Ga\u00ebtan Van Goidsenhoven (MR).-<\/strong> Le 20 mars, comme chacun sait, est la date fix\u00e9e pour c\u00e9l\u00e9brer la Journ\u00e9e internationale de la Francophonie. Plus qu&rsquo;une journ\u00e9e internationale, ce moment est une opportunit\u00e9 suppl\u00e9mentaire de nous rappeler la somme des valeurs, des aspirations et des lignes de d\u00e9fense que partagent pr\u00e8s de 80 \u00c9tats et gouvernements.<\/p>\n<p>Vous connaissez mon attachement \u00e0 ce lien qui nous unit et rassemble maintenant pr\u00e8s de 274 millions de locuteurs \u00e0 travers le monde. Pourtant, la d\u00e9fense de la langue fran\u00e7aise, si elle est un socle commun \u00e0 tous ceux qui entrent dans la francophonie, n&rsquo;est pas le seul leitmotiv qui structure les actions de l&rsquo;Organisation internationale de la Francophonie (OIF). D\u00e9mocratie, droits de l&rsquo;homme, d\u00e9fense de l&rsquo;environnement, jeunesse, sport et culture sont autant de fondements qui lient les membres d&rsquo;une nation bien au-del\u00e0 d&rsquo;une langue qu&rsquo;ils auraient en partage.<\/p>\n<p>Ernest Renan nous rappelait, dans son discours intitul\u00e9 \u00ab Qu&rsquo;est-ce que la Nation ? \u00bb, que les nations sont b\u00e2ties sur des \u00c9tats, mais qu&rsquo;elles reposent avant toute chose sur la volont\u00e9 commune de leurs membres de vivre ensemble, et que cela suppose l&rsquo;adh\u00e9sion volontaire des peuples \u00e0 un m\u00eame id\u00e9al.<\/p>\n<p>C&rsquo;est exactement ce que repr\u00e9sente la francophonie pour les \u00c9tats membres et citoyens qui en font partie, et c&rsquo;est un id\u00e9al et un objectif dont la Commission communautaire fran\u00e7aise se veut \u00e9galement \u00eatre la d\u00e9fenderesse.<\/p>\n<p>Je souhaiterais que nous abordions une autre th\u00e9matique que j&rsquo;ai eu plusieurs fois \u00e0 c\u0153ur de mettre au go\u00fbt du jour par le pass\u00e9. Il s&rsquo;agit de celle relative aux&nbsp;collaborations entre la Commission communautaire fran\u00e7aise et l&rsquo;OIF et, plus concr\u00e8tement, \u00e0 l&rsquo;implication de la Commission communautaire fran\u00e7aise &#8211; voire son int\u00e9gration &#8211; dans le r\u00e9seau de la francophonie.<\/p>\n<p>Quelles sont ces collaborations et quelles sont les pistes fructueuses que vous avez privil\u00e9gi\u00e9es ? Il y a, bien \u00e9videmment, la participation de la Commission communautaire fran\u00e7aise au sein de la francophonie sous le prisme de la F\u00e9d\u00e9ration Wallonie-Bruxelles. Au-del\u00e0 de cela, quelles sont les collaborations directes qu&rsquo;entretiennent la Commission communautaire fran\u00e7aise et l&rsquo;OIF ? Bruxelles a \u00e9videmment un r\u00f4le particulier \u00e0 jouer sur l&rsquo;\u00e9chiquier de la francophonie internationale. Quelles sont donc les modalit\u00e9s de mise en \u0153uvre que vous avez derni\u00e8rement d\u00e9ploy\u00e9es ?<\/p>\n<p>L&rsquo;an dernier, vous nous faisiez part des quatorze accords de coop\u00e9ration bilat\u00e9rale conclus par le coll\u00e8ge de la Commission communautaire fran\u00e7aise avec des pays appartenant majoritairement \u00e0 la francophonie. Sur le plan de la coop\u00e9ration multilat\u00e9rale, vous nous rappeliez la volont\u00e9 de cr\u00e9er, en partenariat avec l&rsquo;OIF et en impliquant l&rsquo;Institut \u00c9mile Gryzon, un incubateur au Togo et en C\u00f4te d&rsquo;Ivoire sur la chocolaterie.<\/p>\n<p>Un autre projet, port\u00e9 cette fois par Mmes Jodogne et Fremault, visait \u00e0 renforcer les liens avec des associations issues de pays de la francophonie qui sont actives dans les domaines de la sant\u00e9, de la coh\u00e9sion sociale, de la culture et du sport. Enfin, il avait par ailleurs \u00e9t\u00e9 question de soutenir le r\u00e9seau francophone d\u00e9di\u00e9 \u00e0 l&rsquo;\u00e9galit\u00e9 hommes-femmes. Mme Teitelbaum y sera sensible. O\u00f9 en sont ces projets ? Quelles en sont les avanc\u00e9es et avez-vous d&rsquo;autres pistes de collaboration \u00e0 nous annoncer ?<\/p>\n<p>Madame la ministre-pr\u00e9sidente, la p\u00e9riode qui vient de s&rsquo;achever et qui suit le 20 mars est justement un moment propice pour r\u00e9p\u00e9ter \u00e0 quel point il est primordial que la Commission communautaire fran\u00e7aise se saisisse de l&rsquo;importance que rev\u00eat la francophonie, pour notre institution et pour le rayonnement de Bruxelles \u00e0 l&rsquo;international, mais aussi pour le million de Bruxellois francophones qui y vivent.<\/p>\n<p>Notre institution est en effet en charge du bien-\u00eatre du million de francophones bruxellois qui r\u00e9sident dans notre R\u00e9gion. Ce bien-\u00eatre se doit bien s\u00fbr de passer par la culture et la langue que nous v\u00e9hiculons. Pourtant, l\u00e0 o\u00f9 j&rsquo;y vois une d\u00e9claration de principe de la Commission communautaire fran\u00e7aise, je m&rsquo;\u00e9tonne du peu d&rsquo;activit\u00e9s organis\u00e9es dans le cadre de la Journ\u00e9e internationale de la Francophonie, et en particulier dans les th\u00e9matiques culturelles.<\/p>\n<p>Ainsi, le site de la francophonie sp\u00e9cialement consacr\u00e9 au 20 mars informe sur la quantit\u00e9 et la nature des \u00e9v\u00e9nements organis\u00e9s de par le monde, par pays, \u00e0 cette occasion. C&rsquo;est donc en consultant ce site que j&rsquo;ai appris que deux \u00e9v\u00e9nements \u00e0 peine \u00e9taient annonc\u00e9s dans ce cadre en Belgique. Chose surprenante, aucune de ces activit\u00e9s n&rsquo;\u00e9tait pr\u00e9vue pour la journ\u00e9e ou la soir\u00e9e du 20 mars.<\/p>\n<p>D\u00e8s lors, nous apprenons qu&rsquo;un \u00e9v\u00e9nement a eu lieu le soir du 16 mars \u00e0 Bruxelles, pour la tenue du spectacle de th\u00e9\u00e2tre Fugato Labile pour Camille Claudel, organis\u00e9 par l&rsquo;Institut culturel roumain. Le second \u00e9v\u00e9nement s&rsquo;est tenu \u00e0 Anvers le lundi 27 mars et a consist\u00e9 en un&nbsp;entretien litt\u00e9raire avec Jean-Marie Rouart, de l&rsquo;Acad\u00e9mie fran\u00e7aise.<\/p>\n<p>Madame la ministre-pr\u00e9sidente, entendez mon propos et comprenez mon \u00e9tonnement lorsque je constate que deux \u00e9v\u00e9nements seulement &#8211; dont un \u00e0 Anvers ! &#8211; sont inscrits sur la plate-forme officielle de la francophonie pour la Belgique, alors qu&rsquo;un pays comme le Vietnam en compte trois, que la France en compte neuf, et que l&rsquo;Afrique du Nord et le Moyen-Orient comptent trois \u00e9v\u00e9nements, tels qu&rsquo;un festival du film &#8211; le Francofilm &#8211; qui s&rsquo;\u00e9tale sur plus de dix jours, un salon du livre sur cinq jours, et des conf\u00e9rences et d\u00e9bats qui se sont encha\u00een\u00e9s pendant deux jours.<\/p>\n<p>Faut-il rappeler les contributions budg\u00e9taires des Belges francophones \u00e0 l&rsquo;institution de la francophonie ? Pourquoi ne retrouvons-nous pas cet int\u00e9r\u00eat dans la promotion d&rsquo;activit\u00e9s sur notre territoire ?<\/p>\n<p>L&rsquo;an dernier, le site officiel du 20 mars ne r\u00e9pertoriait pas moins de seize \u00e9v\u00e9nements consacr\u00e9s \u00e0 la Journ\u00e9e internationale de la Francophonie en Belgique, dont quatre \u00e9taient organis\u00e9s par la F\u00e9d\u00e9ration Wallonie-Bruxelles. Pourquoi un tel \u00e9cart entre le dynamisme particulier de l&rsquo;an dernier et la relative apathie de cette ann\u00e9e ? Est-ce une question de budget ? Mais dans ce cas, comment expliquer que l&rsquo;Afrique et le Moyen-Orient soient moins affect\u00e9s que nous et comptabilisent bien plus d&rsquo;\u00e9v\u00e9nements ?<\/p>\n<p>Certes, il faut \u00eatre clair : c&rsquo;est \u00e0 l&rsquo;organisateur de l&rsquo;\u00e9v\u00e9nement de s&rsquo;inscrire sur le site officiel 20mars.francophonie.org et plusieurs rencontres, autres que celle de Bruxelles et Anvers, ont \u00e9t\u00e9 organis\u00e9es sans \u00eatre r\u00e9pertori\u00e9es sur ce site. Par exemple, l&rsquo;\u00e9dition du 18 mars de L&rsquo;\u00c9cho annon\u00e7ait diverses campagnes : Dis-moi dix mots, Alphabetville, La Langue fran\u00e7aise en f\u00eate et Vos Pouces.<\/p>\n<p>Alors que les communes de Saint-Gilles, Molenbeek, Watermael-Boitsfort et la Ville de Bruxelles ont particip\u00e9 \u00e0 la campagne Dis-moi dix mots, nous nous \u00e9tonnons de l&rsquo;absence d&rsquo;implication de la Commission communautaire fran\u00e7aise dans ce projet. Parmi les projets que je viens de citer, seul le projet Alphabetville fait mention du logo et du soutien de la Commission communautaire fran\u00e7aise sur son site internet. Il s&rsquo;av\u00e8re m\u00eame que, dans le cadre du projet Dis-moi dix mots, Pierre Kroll expose jusqu&rsquo;au 1er avril dix illustrations dans les biblioth\u00e8ques communales de Woluwe-Saint-Pierre et Woluwe-SaintLambert, ainsi que dans l&rsquo;espace public.<\/p>\n<p>Alors que ces \u00e9v\u00e9nements g\u00e9n\u00e9raliseraient la visibilit\u00e9 de la Commission communautaire fran\u00e7aise, qu&rsquo;est-il concr\u00e8tement mis en \u0153uvre au niveau de notre institution pour se saisir de l&rsquo;outil de rayonnement culturel qu&rsquo;est la francophonie ?<\/p>\n<p>Enfin, je terminerai mon intervention en esp\u00e9rant que l&rsquo;ann\u00e9e prochaine, dans le cadre de l&rsquo;annonce de la Journ\u00e9e internationale de la Francophonie relay\u00e9e par l&rsquo;OIF, la pr\u00e9sence des initiatives francophones bruxelloises soit plus clairement d\u00e9sign\u00e9e. Je souhaite que nous puissions, au travers de cet \u00e9v\u00e9nement, marquer notre pr\u00e9sence et notre volontarisme dans le cadre de cette expression formidable qu&rsquo;est la francophonie internationale.<\/p>\n<p><em>[Intervention de Monsieur Diallo]<\/em><\/p>\n<p><em>[Intervention de Madame Persoons]<\/em><\/p>\n<p><em>[Intervention de Monsieur Fassi-Fihri]<\/em><\/p>\n<p><strong>Mme Fadila Laanan, ministre-pr\u00e9sidente.-<\/strong> Monsieur Van Goidsenhoven, c&rsquo;est toujours un plaisir pour moi d&rsquo;\u00e9couter vos interventions. Aujourd&rsquo;hui cependant, votre interpellation trahit la grande fatigue dans laquelle vous deviez vous trouver au moment o\u00f9 vous l&rsquo;avez r\u00e9dig\u00e9e. Vos r\u00e9f\u00e9rences, en effet, sont pour le moins discutables.<\/p>\n<p>Prenons d&rsquo;abord celle \u00e0 Ernest Renan, que vous encensez. Ainsi que M. Diallo l&rsquo;a rappel\u00e9, sachez que cet auteur est l&rsquo;une des sources d&rsquo;inspiration de la pens\u00e9e d&rsquo;extr\u00eame droite, qui est notoirement antis\u00e9mite. Et je n&rsquo;ose croire que vous souhaitez voir notre institution s&rsquo;en inspirer.<\/p>\n<p>Permettez-moi de citer un extrait, bref mais \u00e9loquent, de la pens\u00e9e de ce M. Renan : \u00ab En mettant \u00e0 part les races tout \u00e0 fait inf\u00e9rieures (les s\u00e9mites), dont l&rsquo;immixtion aux grandes races ne ferait qu&#8217;empoisonner l&rsquo;esp\u00e8ce humaine, je con\u00e7ois pour l&rsquo;avenir une humanit\u00e9 homog\u00e8ne \u00bb. Et si cela ne vous suffit pas, voici une autre citation : \u00ab L&rsquo;islam, c&rsquo;est l&rsquo;\u00e9pouvantable simplicit\u00e9 de la pens\u00e9e s\u00e9mitique, r\u00e9tr\u00e9cissant le cerveau humain \u00bb.<\/p>\n<p>Personnellement, je rejette en bloc ce type de pens\u00e9e. Lorsque l&rsquo;on cite les propos tenus par Renan sur la culture, on ferait bien de se souvenir que ce personnage d\u00e9fend une ethnologie centr\u00e9e sur l&rsquo;opposition entre Aryens et S\u00e9mites. Je vous r\u00e9pondrai donc que mon Gouvernement ne partage pas cette conception de la francophonie. Je suis persuad\u00e9e que ce n&rsquo;est pas votre cas non plus.<\/p>\n<p>Votre interpellation, Monsieur Van Goidsenhoven, est en tous points conforme \u00e0 celle que vous m&rsquo;avez adress\u00e9e l&rsquo;ann\u00e9e derni\u00e8re, \u00e0 l&rsquo;exception de cette malheureuse r\u00e9f\u00e9rence. O\u00f9 l&rsquo;on voit l&rsquo;importance de v\u00e9rifier ses sources et la personnalit\u00e9 des auteurs que l&rsquo;on cite ! Nous sommes tous confront\u00e9s \u00e0 la n\u00e9cessit\u00e9 de faire attention \u00e0 ce que nous \u00e9crivons.<\/p>\n<p>S&rsquo;agissant des autres points que vous avez abord\u00e9s, je commencerai par votre affirmation selon laquelle il n&rsquo;y aurait eu que deux \u00e9v\u00e9nements organis\u00e9s dans le cadre des festivit\u00e9s du 20 mars. C&rsquo;est totalement inexact ! Laissez-moi vous citer quelques \u00e9v\u00e9nements, que l&rsquo;on retrouve facilement sur internet en tapant \u00ab Journ\u00e9e internationale Francophonie \u00bb.<\/p>\n<p>Le 20 mars aux Halles Saint-G\u00e9ry, quinze artistes originaires du B\u00e9nin, du Cameroun, du Gabon, de Guin\u00e9e-Conakry, de Madagascar, du Qu\u00e9bec, d&rsquo;Ha\u00efti, de la R\u00e9publique d\u00e9mocratique du Congo, du S\u00e9n\u00e9gal, du Togo et de la F\u00e9d\u00e9ration Wallonie-Bruxelles ont pr\u00e9sent\u00e9 des textes originaux.<\/p>\n<p>Au Botanique, un spectacle s&rsquo;est inscrit dans le cadre du vingti\u00e8me anniversaire de l&rsquo;accord de coop\u00e9ration entre la F\u00e9d\u00e9ration Wallonie-Bruxelles et Ha\u00efti.<\/p>\n<p>Je citerai \u00e9galement le programme Semaine de la langue fran\u00e7aise en f\u00eate, qui regroupe de nombreuses activit\u00e9s en R\u00e9gion bruxelloise, notamment \u00e0 Woluwe-Saint-Lambert et Woluwe-Saint-Pierre, ainsi que le projet Nos langues fran\u00e7aises, pr\u00e9sent\u00e9 au Th\u00e9\u00e2tre 140, \u00e0 Schaerbeek, en collaboration avec le th\u00e9\u00e2tre des Doms. Enfin, la Maison de la francit\u00e9 organise de nombreuses activit\u00e9s autour de la campagne annuelle qui encadre le 20 mars.<\/p>\n<p>Je partage avec Mme Persoons le souhait de renforcer les partenariats et les soutiens aux associations et centres culturels, comme nous le faisons pour les f\u00eates du 27 septembre. Toutefois, nous n&rsquo;avons pas re\u00e7u de demande en ce sens.<\/p>\n<p>Monsieur Van Goidsenhoven, sachez que de nombreuses autres activit\u00e9s sont organis\u00e9es \u00e0 l&rsquo;initiative des d\u00e9l\u00e9gations et bureaux de la F\u00e9d\u00e9ration Wallonie-Bruxelles \u00e0 l&rsquo;\u00e9tranger.<\/p>\n<p>Vous le voyez, nous ne sommes pas en reste, et je comprends d\u00e8s lors tr\u00e8s mal pourquoi vous \u00e9voquez essentiellement l&rsquo;\u00e9v\u00e9nement d&rsquo;Anvers.<\/p>\n<p>Je sais que beaucoup de membres de votre groupe politique ont les yeux riv\u00e9s sur Anvers et admirent son bourgmestre, mais moi, je pr\u00e9f\u00e8re regarder Bruxelles, travailler pour Bruxelles et faire rayonner Bruxelles. J&rsquo;imagine que c&rsquo;est votre cas \u00e9galement.<\/p>\n<p>Je vous avoue mal cerner les tenants et aboutissants de votre question sur les accords-cadres, car il existe des dizaines d&rsquo;accords et il me faudrait plus que cette s\u00e9ance pour vous en parler. D\u00e8s lors, si vous reformulez votre question, je suis certaine que ma coll\u00e8gue C\u00e9line Fremault, en charge des Relations internationales, vous en dessinera les contours avec plaisir.<\/p>\n<p>Sur la question du genre et de l&rsquo;\u00e9galit\u00e9 entre les femmes et les hommes, nous avan\u00e7ons bien. En t\u00e9moigne le soutien au R\u00e9seau francophone pour l\u2019\u00e9galit\u00e9 femme-homme (RF-EFH), qui se concr\u00e9tise via la participation de l&rsquo;organisation non gouvernementale Le Monde selon les femmes, financ\u00e9e par la Commission communautaire fran\u00e7aise, et membre fondateur du RF-EFH.<\/p>\n<p>Ensuite, je vous rappelle qu&rsquo;un colloque a \u00e9t\u00e9 organis\u00e9 r\u00e9cemment \u00e0 Paris par la Commission communautaire fran\u00e7aise : \u00ab Bruxelles-sur-Seine, de la fin des territoires \u00e0 l&rsquo;\u00e9mergence de communaut\u00e9s plurielles \u00bb. Plus de 120 repr\u00e9sentants, tant Bruxellois que Franciliens, d&rsquo;exp\u00e9riences urbaines, confront\u00e9s quotidiennement aux r\u00e9alit\u00e9s multiformes de la diversit\u00e9, ont d\u00e9battu de cette question. Ces journ\u00e9es constituaient la premi\u00e8re \u00e9tape d&rsquo;un processus de cr\u00e9ation de maillage en co-construction. Ce qui se fait ailleurs est en effet porteur de r\u00e9ponses novatrices et la mise en r\u00e9seau est source d&rsquo;innovation.<\/p>\n<p>En ce qui concerne la valorisation de Bruxelles sur le plan multilat\u00e9ral, de nombreux projets sont effectivement en cours. J&rsquo;ai d&rsquo;ailleurs rencontr\u00e9 derni\u00e8rement la ministre qu\u00e9b\u00e9coise des Relations internationales et de la Francophonie, Mme Saint-Pierre, afin de raffermir encore les liens qui nous unissent. Nous avons parl\u00e9 d&rsquo;\u00e9changes culturels en mati\u00e8re de th\u00e9\u00e2tre, de trait\u00e9s internationaux, etc.<\/p>\n<p>Je vais vous faire l&rsquo;\u00e9conomie d&rsquo;un trop long discours, puisque vous insistez surtout sur les contacts en mati\u00e8re de cr\u00e9ation d&rsquo;un incubateur en chocolaterie en C\u00f4te d&rsquo;Ivoire et au Togo avec l&rsquo;Institut \u00c9mile Gryzon. Ces contacts sont nou\u00e9s et nous avan\u00e7ons sous les auspices&nbsp;de l&rsquo;Organisation internationale de la Francophonie (OIF), et plus particuli\u00e8rement de sa secr\u00e9taire g\u00e9n\u00e9rale, Michaelle Jean, que j&rsquo;ai rencontr\u00e9e \u00e0 plusieurs reprises et avec qui je suis en contact d\u00e8s que l&rsquo;occasion se pr\u00e9sente. Concr\u00e8tement, le projet de cr\u00e9ation d&rsquo;une fili\u00e8re en chocolaterie en C\u00f4te d&rsquo;Ivoire a fait l&rsquo;objet d&rsquo;une mission en f\u00e9vrier dernier et d&rsquo;une mission officielle de la secr\u00e9taire g\u00e9n\u00e9rale de l&rsquo;OIF en cette fin mars.<\/p>\n<p>S&rsquo;il fallait ajouter quelque chose pour r\u00e9pondre \u00e0 vos questions sur le manque d&rsquo;action ou de valorisation du fran\u00e7ais dont nous serions coupables, sachez qu&rsquo;\u00e0 c\u00f4t\u00e9 de nos actions culturelles et autres, nous nous soucions aussi de la valorisation du fran\u00e7ais langue \u00e9trang\u00e8re (FLE). En effet, nous soutenons l&rsquo;Alliance fran\u00e7aise de Bruxelles-Europe, centre europ\u00e9en de langue fran\u00e7aise, dont la mission principale est de faire d\u00e9couvrir et de diffuser la langue fran\u00e7aise et les cultures francophones. Elle fait partie d&rsquo;un r\u00e9seau national de neuf alliances en Belgique, r\u00e9parties entre les trois communaut\u00e9s linguistiques, et d&rsquo;un r\u00e9seau mondial d&rsquo;environ 1.085 associations de droit local, implant\u00e9es dans plus de 100 pays.<\/p>\n<p>J&rsquo;ai dit \u00e0 Mme Persoons que nous acceptons les suggestions et que nous favoriserons les projets qui existent.<\/p>\n<p>Je remercie M. Diallo pour son intervention et pour avoir rappel\u00e9 qui \u00e9tait Ernest Renan.<\/p>\n<p>Monsieur Fassi-Fihri, je partage votre id\u00e9e par rapport au Brexit et au fait que le fran\u00e7ais pourrait redevenir l&rsquo;une des langues principales de l&rsquo;Union europ\u00e9enne. J&rsquo;ignore cependant s&rsquo;il appartient \u00e0 la Commission communautaire fran\u00e7aise d&rsquo;\u00eatre le seul porte-drapeau de cette ambition. M\u00eame si je suis fi\u00e8re de notre assembl\u00e9e et de notre institution, restons modestes !&nbsp;<\/p>\n<p><strong>M. Ga\u00ebtan Van Goidsenhoven (MR).-<\/strong> On vient de me r\u00e9pondre qu&rsquo;\u00e9norm\u00e9ment d&rsquo;activit\u00e9s organis\u00e9es dans notre pays \u00e0 l&rsquo;occasion de la Journ\u00e9e internationale de la Francophonie \u00e9taient list\u00e9es sur le site de l&rsquo;OIF. Notre coll\u00e8gue nous a dit qu&rsquo;il y en avait finalement eu quatre. Or, \u00e0 quelques jours des \u00e9v\u00e9nements, il n&rsquo;y en avait que deux !<\/p>\n<p>Je les ai moi-m\u00eame cit\u00e9es. L&rsquo;une d&rsquo;elles \u00e9tait situ\u00e9e \u00e0 Anvers. Je ne vous ai pas dit cela pour m&rsquo;en f\u00e9liciter, mais parce que je trouvais que c&rsquo;\u00e9tait un comble en la mati\u00e8re.<\/p>\n<p>Des \u00e9v\u00e9nements auraient manifestement pu \u00eatre mis en lumi\u00e8re par ce biais. Certains le furent manifestement tardivement et je crois que c&rsquo;est une occasion manqu\u00e9e, qui d\u00e9montre que nous n&rsquo;avons pas le r\u00e9flexe, entre francophones dans ce pays, de nous positionner plus activement et de fa\u00e7on plus volontariste au sein de la francophonie internationale. Nous oublions parfois que nous en faisons partie.<\/p>\n<p>C&rsquo;est pour cela que je vous interpelle \u00e0 nouveau chaque ann\u00e9e \u00e0 ce propos. Contrairement \u00e0 ce qui a \u00e9t\u00e9 dit, mon interpellation est d&rsquo;ailleurs diff\u00e9rente d&rsquo;ann\u00e9e en ann\u00e9e. D&rsquo;ailleurs, je suis revenu aujourd&rsquo;hui sur un certain nombre de d\u00e9clarations que vous aviez faites l&rsquo;ann\u00e9e derni\u00e8re, Madame la ministre-pr\u00e9sidente. Le but \u00e9tait simplement de v\u00e9rifier si les initiatives que vous aviez annonc\u00e9es avaient \u00e9volu\u00e9, si elles avaient fait l&rsquo;objet d&rsquo;un suivi. C&rsquo;est l&rsquo;une des missions des parlementaires.<\/p>\n<p>Quant \u00e0 l&rsquo;appel de M. Fassi-Fihri \u00e0 propos du poids de la langue fran\u00e7aise au sein de l&rsquo;Europe, la question se posera une fois que la Grande-Bretagne aura quitt\u00e9 l&rsquo;Union europ\u00e9enne. C\u2019est un d\u00e9bat que certains d\u00e9fenseurs de la langue fran\u00e7aise ont d\u00e9j\u00e0 men\u00e9, en France et ailleurs.<\/p>\n<p>Je l&rsquo;encourage \u00e0 le poursuivre, mais nous pourrions aussi regarder la situation \u00e0 Bruxelles et dans nos institutions. Est-il vraiment tr\u00e8s opportun, dans une ville-r\u00e9gion essentiellement francophone, de remplacer les noms de tous nos organismes r\u00e9gionaux par des noms anglais ? Est-ce que citydev.brussels travaille beaucoup mieux depuis que son nom a chang\u00e9 ?<\/p>\n<p>La volont\u00e9 de promouvoir la langue fran\u00e7aise, que nombre d&rsquo;entre nous partagent, passe aussi par des d\u00e9cisions quotidiennes et une attention particuli\u00e8re aux outils et gestes tout simples qui forgent la r\u00e9alit\u00e9 francophone. Celle-ci n&rsquo;\u00e9mane pas que de grands discours, mais aussi d&rsquo;actions quotidiennes et de notre vigilance \u00e0 \u00e9viter de faire toutes sortes de concessions facultatives.<\/p>\n<p><em>Pour retrouver le texte dans son int\u00e9gralit\u00e9, cliquez <a href=\"https:\/\/www.parlementfrancophone.brussels\/documents\/compte-rendu-de-la-seance-pleniere-du-31-mars-2017\/document\">ici<\/a>.<\/em><br \/>\n<em>CR n\u00b047 (2016-2017), Mars 2017, pp.&nbsp;21-26<\/em><\/p>\n","protected":false},"excerpt":{"rendered":"<p>Interpellation de Monsieur Ga\u00ebtan VAN GOIDSENHOVEN, D\u00e9put\u00e9, adress\u00e9e \u00e0 Madame Fadila LAANAN, Ministre-Pr\u00e9sidente [&hellip;]<\/p>\n","protected":false},"author":2,"featured_media":0,"comment_status":"closed","ping_status":"open","sticky":false,"template":"","format":"standard","meta":{"ngg_post_thumbnail":0,"footnotes":""},"categories":[27],"tags":[],"class_list":["post-1393","post","type-post","status-publish","format-standard","hentry","category-interpellations-cocof"],"aioseo_notices":[],"_links":{"self":[{"href":"https:\/\/gaetanvangoidsenhoven.be\/index.php\/wp-json\/wp\/v2\/posts\/1393","targetHints":{"allow":["GET"]}}],"collection":[{"href":"https:\/\/gaetanvangoidsenhoven.be\/index.php\/wp-json\/wp\/v2\/posts"}],"about":[{"href":"https:\/\/gaetanvangoidsenhoven.be\/index.php\/wp-json\/wp\/v2\/types\/post"}],"author":[{"embeddable":true,"href":"https:\/\/gaetanvangoidsenhoven.be\/index.php\/wp-json\/wp\/v2\/users\/2"}],"replies":[{"embeddable":true,"href":"https:\/\/gaetanvangoidsenhoven.be\/index.php\/wp-json\/wp\/v2\/comments?post=1393"}],"version-history":[{"count":1,"href":"https:\/\/gaetanvangoidsenhoven.be\/index.php\/wp-json\/wp\/v2\/posts\/1393\/revisions"}],"predecessor-version":[{"id":1394,"href":"https:\/\/gaetanvangoidsenhoven.be\/index.php\/wp-json\/wp\/v2\/posts\/1393\/revisions\/1394"}],"wp:attachment":[{"href":"https:\/\/gaetanvangoidsenhoven.be\/index.php\/wp-json\/wp\/v2\/media?parent=1393"}],"wp:term":[{"taxonomy":"category","embeddable":true,"href":"https:\/\/gaetanvangoidsenhoven.be\/index.php\/wp-json\/wp\/v2\/categories?post=1393"},{"taxonomy":"post_tag","embeddable":true,"href":"https:\/\/gaetanvangoidsenhoven.be\/index.php\/wp-json\/wp\/v2\/tags?post=1393"}],"curies":[{"name":"wp","href":"https:\/\/api.w.org\/{rel}","templated":true}]}}