{"id":1397,"date":"2017-06-09T14:59:38","date_gmt":"2017-06-09T13:59:38","guid":{"rendered":"http:\/\/gaetanvangoidsenhoven.be\/?p=1397"},"modified":"2018-01-29T15:19:41","modified_gmt":"2018-01-29T14:19:41","slug":"interpellation-sur-lappel-a-projets-lance-par-la-region-concernant-le-chomage-des-jeunes","status":"publish","type":"post","link":"https:\/\/gaetanvangoidsenhoven.be\/index.php\/2017\/06\/09\/interpellation-sur-lappel-a-projets-lance-par-la-region-concernant-le-chomage-des-jeunes\/","title":{"rendered":"Interpellation sur l\u2019appel \u00e0 projets lanc\u00e9 par la R\u00e9gion concernant le ch\u00f4mage des jeunes"},"content":{"rendered":"<p><strong><span style=\"font-family: 'Georgia',serif; color: #333333;\">Interpellation de Monsieur Ga\u00ebtan VAN GOIDSENHOVEN, D\u00e9put\u00e9, adress\u00e9e \u00e0 Monsieur Didier GOSUIN, Ministre du Coll\u00e8ge de la Commission communautaire fran\u00e7aise, en charge de la Formation professionnelle,<\/span><\/strong><\/p>\n<p>concernant<strong>&nbsp;l\u2019appel \u00e0 projets lanc\u00e9 par la R\u00e9gion concernant le ch\u00f4mage des jeunes<\/strong><\/p>\n<p><strong>M. Ga\u00ebtan Van Goidsenhoven (MR).-<\/strong> En avril de cette ann\u00e9e, Actiris a indiqu\u00e9 que la R\u00e9gion bruxelloise comptait 92.748 chercheurs d&#8217;emploi, soit 16,7 % de la population bruxelloise. Si ce chiffre r\u00e9v\u00e8le une nouvelle baisse du taux de ch\u00f4mage dans notre R\u00e9gion, il reste n\u00e9anmoins certains points qui ont de quoi inqui\u00e9ter l&rsquo;observateur averti.<\/p>\n<p>En effet, si le ch\u00f4mage des jeunes baisse lui aussi depuis 47 mois, il atteint toujours 23,4 % soit, pour Bruxelles, 9.280 jeunes laiss\u00e9s \u00e0 l&rsquo;\u00e9cart du monde de l&#8217;emploi. Comme l&rsquo;a d\u00e9montr\u00e9 une r\u00e9cente \u00e9tude d&rsquo;Eurostat, nous faisons par ailleurs toujours figure de mauvais \u00e9l\u00e8ve en comparaison de nos voisins europ\u00e9ens, la moyenne au sein de l&rsquo;Union europ\u00e9enne se situant \u00e0 17.2 %.<\/p>\n<p>Il est bien \u00e9videmment crucial d&rsquo;int\u00e9grer les jeunes au monde de l&#8217;emploi, afin de leur permettre de se d\u00e9velopper gr\u00e2ce au travail et de s&rsquo;\u00e9panouir par celui-ci, tout en devenant des citoyens actifs au sein de notre soci\u00e9t\u00e9.<\/p>\n<p>Tr\u00e8s conscient de l&rsquo;importance de cet enjeu, votre Gouvernement a d\u00e9cid\u00e9 de consacrer un budget de 265.000 euros \u00e0 un appel \u00e0 projets visant \u00e0 favoriser les liens entre les organismes de formation et des entreprises pr\u00eates \u00e0 accueillir ces jeunes. Ceci a notamment \u00e9t\u00e9 confirm\u00e9 par vos d\u00e9clarations dans la presse du 5 mai dernier.<\/p>\n<p>Ces jeunes en manque de qualifications pourront trouver, via cette initiative, des formations professionnelles dans des secteurs \u00e0 haut potentiel d&#8217;emploi. Parmi les huit projets propos\u00e9s lors de l&rsquo;appel d&rsquo;offres, cinq ont finalement \u00e9t\u00e9 s\u00e9lectionn\u00e9s. Les 265.000 euros seront donc partag\u00e9s entre ces cinq finalistes et le financement de la R\u00e9gion, quant \u00e0 lui, sera renouvel\u00e9 chaque ann\u00e9e pour de nouveaux projets.<\/p>\n<p>Si les objectifs sont louables, je m&rsquo;interroge toutefois sur certains aspects. Premi\u00e8rement, quelles sont les modalit\u00e9s de formation de ces jeunes et \u00e0 qui les projets pilotes seront-ils ouverts ? Jusqu&rsquo;\u00e0 quel \u00e2ge et pour quelles qualifications ? Devront-ils justifier d&rsquo;une dur\u00e9e minimale de ch\u00f4mage ?<\/p>\n<p>Seront-ils pay\u00e9s pour leurs prestations dans les entreprises ? Dans le cas contraire, b\u00e9n\u00e9ficieront-ils d&rsquo;un d\u00e9dommagement, pour leurs frais de d\u00e9placement par exemple ? Auront-ils acc\u00e8s gratuitement aux cantines des entreprises, le cas \u00e9ch\u00e9ant ?<\/p>\n<p>Par ailleurs, avez-vous pris contact avec votre homologue bruxellois en charge de la politique de l&#8217;emploi ? A-t-il pu clarifier le r\u00f4le d&rsquo;Actiris dans ce projet ?<\/p>\n<p>Cette initiative a-t-elle fait l&rsquo;objet d&rsquo;une concertation pr\u00e9alable, notamment concernant l&rsquo;outil utilis\u00e9 pour d\u00e9finir les secteurs d&rsquo;activit\u00e9 \u00e0 haut potentiel d&#8217;emploi ? \u00c0 ce propos, sur quelles donn\u00e9es \u00e9tablissez-vous vos calculs et combien de ces secteurs d&rsquo;activit\u00e9 avez-vous identifi\u00e9s en R\u00e9gion bruxelloise ?<\/p>\n<p>Pour l&rsquo;Espace formation PME, comment l&rsquo;agence bruxelloise sera-t-elle impliqu\u00e9e dans le pilotage des projets ? Doit-on&nbsp;comprendre son \u00e9ventuelle collaboration au sens de la mesure 19 de votre Plan de formation 2020, qui consiste \u00e0 d\u00e9velopper au sein de l&rsquo;institution des outils de correspondance entre formation et emploi ? Si elle est effectivement charg\u00e9e de coordonner ces actions, a-t-elle d&rsquo;ores et d\u00e9j\u00e0 allou\u00e9 les ressources, notamment humaines, n\u00e9cessaires \u00e0 l&rsquo;accompagnement d&rsquo;un tel projet ?<\/p>\n<p>Vous annoncez un budget annuel de 265.000 euros pour financer les projets pilotes, au nombre de cinq cette ann\u00e9e. Quelle en sera la ventilation ? Selon vos estimations, combien de jeunes pourront-ils \u00eatre accueillis au cours de cette ann\u00e9e ?<\/p>\n<p>Vous indiquiez par ailleurs que le m\u00e9canisme de l&rsquo;alternance, fort pratiqu\u00e9 en Allemagne ou encore en Suisse, se fait tr\u00e8s peu chez nous, mais qu&rsquo;il est \u00e0 la base de votre r\u00e9flexion concernant le lancement de cette initiative. Cependant, et sauf erreur de ma part, il s&rsquo;agit pourtant d&rsquo;une comp\u00e9tence communautaire, dont vous \u00eates responsable. Quel bilan tirez-vous d\u00e8s lors de votre action en la mati\u00e8re ?<\/p>\n<p>De plus, l&rsquo;alternance n&rsquo;existe chez nous qu&rsquo;au titre d&rsquo;apprentissage pour des \u00e9l\u00e8ves de l&rsquo;enseignement secondaire, mais n&rsquo;existe pas encore pour les \u00e9l\u00e8ves de l&rsquo;enseignement sup\u00e9rieur, au contraire de nos amis d&rsquo;outre-Qui\u00e9vrain, qui peuvent choisir de se faire payer leurs \u00e9tudes sup\u00e9rieures par l&rsquo;entreprise dans laquelle ils travaillent \u00e0 mi-temps.<\/p>\n<p>D\u00e8s lors, avez-vous d\u00e9cid\u00e9 de suivre l&rsquo;exemple fran\u00e7ais et d&rsquo;\u00e9tendre dor\u00e9navant l&rsquo;alternance aux jeunes de l&rsquo;enseignement sup\u00e9rieur ? Quelle sera la m\u00e9thode de contr\u00f4le et d&rsquo;\u00e9valuation appliqu\u00e9e \u00e0 l&rsquo;\u00e9gard de cette initiative ? Avez-vous opt\u00e9 pour une \u00e9valuation annuelle ou \u00e0 \u00e9ch\u00e9ances plus courtes ?<\/p>\n<p>\u00c0 ce sujet, vous expliquiez, comme nous l&rsquo;avons d\u00e9j\u00e0 indiqu\u00e9, vouloir attribuer chaque ann\u00e9e ces subsides \u00e0 de nouveaux projets. Qu&rsquo;en sera-t-il, \u00e0 la suite d&rsquo;une \u00e9valuation positive &#8211; pour le moment toujours \u00e9ventuelle &#8211; de l&rsquo;un de ces projets, de la p\u00e9rennisation de celui-ci sur plusieurs ann\u00e9es ? Ces projets seront-ils syst\u00e9matiquement remplac\u00e9s par de nouveaux ?<\/p>\n<p>Enfin, toujours en collaboration avec votre homologue bruxellois de l&rsquo;Emploi, avez-vous pu d\u00e9finir quelles seraient les retomb\u00e9es estim\u00e9es sur le taux d&#8217;emploi des jeunes en R\u00e9gion bruxelloise \u00e0 la fin de l&rsquo;ann\u00e9e ?<\/p>\n<p><strong>M. Didier Gosuin, ministre.-<\/strong> Avant de r\u00e9pondre sur le fond m\u00eame de votre interpellation, je rel\u00e8ve votre premi\u00e8re intervention, dans laquelle vous faisiez appel \u00e0 l&rsquo;observateur averti et qui mettait en exergue le fait qu&rsquo;au moment o\u00f9 vous r\u00e9digiez votre interpellation, le taux de ch\u00f4mage \u00e9tait de 23,4 %. Un mois apr\u00e8s, il est de 22,4 %.<\/p>\n<p>Vous affirmiez que c&rsquo;\u00e9tait encore trop, mais l&rsquo;observateur averti que vous \u00eates sait qu&rsquo;en trois ans, le ch\u00f4mage des jeunes est pass\u00e9 de plus de 31 % \u00e0 22,4 %. Le taux de ch\u00f4mage actuel des jeunes est exactement celui que la R\u00e9gion connaissait en 1991. Il \u00e9tait \u00e9videmment aussi bien trop \u00e9lev\u00e9 \u00e0 l&rsquo;\u00e9poque. Et il faut bien entendu encore le r\u00e9duire.<\/p>\n<p>Je signale que l&rsquo;appel \u00e0 projets que vous \u00e9voquez a \u00e9t\u00e9 port\u00e9 par la Commission communautaire fran\u00e7aise, et non par la R\u00e9gion, comme vous l&rsquo;indiquez dans l&rsquo;intitul\u00e9 de votre question. C&rsquo;est d&rsquo;ailleurs pour cette raison que nous l&rsquo;\u00e9voquons au sein de cette assembl\u00e9e.<\/p>\n<p>Il s&rsquo;agit d&rsquo;un appel \u00e0 projets intitul\u00e9 \u00ab Actions innovantes dans l&rsquo;alternance et la formation professionnelle via un partenariat avec des entreprises \u00bb. Il est financ\u00e9 dans le cadre de mes&nbsp;subsides dits d&rsquo;initiative en formation professionnelle. Depuis le d\u00e9but de cette l\u00e9gislature, j&rsquo;ai renonc\u00e9 \u00e0 distribuer des subsides pour des projets souvent dignes d&rsquo;int\u00e9r\u00eat, mais sans ligne directrice : les moyens facultatifs qui rel\u00e8vent de mes d\u00e9partements sont dor\u00e9navant organis\u00e9s autour de projets.<\/p>\n<p>L&rsquo;un de ces projets est celui dont vous parlez : l&rsquo;action innovante dans l\u2019alternance. Lanc\u00e9 le 6 d\u00e9cembre 2016 lors du gouvernement th\u00e9matique sur la formation, l&rsquo;appel \u00e0 projets avait pour objectif de favoriser le d\u00e9veloppement de partenariats innovants entre acteurs de la formation professionnelle et acteurs du monde \u00e9conomique sur trois axes : l&rsquo;innovation dans les dispositifs p\u00e9dagogiques, l&rsquo;innovation dans les m\u00e9tiers vis\u00e9s par la formation, et l&rsquo;innovation favorisant la transition entre les dispositifs de formation et l&#8217;emploi. II n&rsquo;\u00e9tait pas r\u00e9serv\u00e9 uniquement aux publics jeunes, mais \u00e9galement accessible aux chercheurs d&#8217;emploi bruxellois peu qualifi\u00e9s, quel que soit leur \u00e2ge.<\/p>\n<p>Au final, huit projets ont \u00e9t\u00e9 d\u00e9pos\u00e9s et cinq ont \u00e9t\u00e9 s\u00e9lectionn\u00e9s par un jury ind\u00e9pendant, compos\u00e9 de repr\u00e9sentants de Bruxelles Formation, d&rsquo;impulse.brussels, de Bruxelles \u00c9conomie et Emploi (BEE) \u2013 pour leur connaissance des entreprises \u2013, du bassin de vie enseignement qualifiant-formation-emploi (EFE), d&rsquo;Actiris et d&rsquo;un repr\u00e9sentant de mon cabinet.<\/p>\n<p>Voici les modalit\u00e9s de formation propos\u00e9es dans ces cinq projets. Pour trois projets, il s&rsquo;agit d&rsquo;actions innovantes d&rsquo;un point de vue p\u00e9dagogique, qui alternent le volet collectif et le volet individuel, afin de mieux accrocher les individus \u00e0 la formation suivie, ou de modules compl\u00e9mentaires d&rsquo;accompagnement \u00e0 l&rsquo;entrepreneuriat. Pour deux d&rsquo;entre eux, il s&rsquo;agit d&rsquo;actions relevant de l&rsquo;axe 3, permettant une meilleure transition vers l&#8217;emploi des stagiaires en leur proposant une aide individualis\u00e9e tenant compte du projet professionnel du stagiaire et de son niveau.<\/p>\n<p>Le statut des stagiaires engag\u00e9s dans ces actions est donc bien celui de chercheurs d&#8217;emploi classiques en formation, couverts par un contrat de formation de Bruxelles Formation, et les avantages aux stagiaires pr\u00e9vus sont valables pour tout demandeur d&#8217;emploi en formation. Tout stage propos\u00e9 aux chercheurs d&#8217;emploi dans ces actions est conforme aux r\u00e8gles pr\u00e9vues par les dispositifs de stage, \u00e0 savoir le Fonds budg\u00e9taire interd\u00e9partemental de promotion de l&#8217;emploi (FBIE) et l&rsquo;alternance.<\/p>\n<p>Je vous rassure donc en vous confirmant &#8211; c&rsquo;est une boutade &#8211; que j&rsquo;ai bien pris contact avec le ministre r\u00e9gional de l&rsquo;Emploi. Les responsables d&rsquo;Actiris sont bien s\u00fbr au courant, car cet organisme participe au jury de s\u00e9lection des projets. Il faut arr\u00eater une fois pour toutes de poser ce genre de question, car ce Gouvernement favorise la concertation, dans la mesure o\u00f9 il n&rsquo;y a qu&rsquo;un seul ministre en charge de l\u2019\u00c9conomie, de la Formation et de l&rsquo;Emploi.<\/p>\n<p>Rassurez-vous, je ne souffre d&rsquo;aucune amn\u00e9sie relative aux actes que je pose dans une autre fonction. Ce genre de petites questions qui, il est vrai, agitaient volontiers nos assembl\u00e9es lorsque des ministres diff\u00e9rents officiaient, n&rsquo;a plus cours aujourd&rsquo;hui, ainsi que ma r\u00e9ponse vous le d\u00e9montre.<\/p>\n<p>En ce qui concerne les secteurs \u00e0 haut potentiel d&#8217;emplois, je vous renvoie aux \u00e9tudes d&rsquo;Actiris sur les secteurs porteurs. Ils n&rsquo;ont pas \u00e9t\u00e9 mobilis\u00e9s dans le cadre de cet appel \u00e0 projets qui, je le rappelle, visait le soutien de partenariats innovants entre entreprises et organismes de formation, soit en alternance organis\u00e9e dans l&rsquo;enseignement ou en formation professionnelle, soit en insertion socioprofessionnelle.<\/p>\n<p>Traditionnellement, un appel \u00e0 projets s&rsquo;adresse aux associations et au monde associatif en g\u00e9n\u00e9ral. L&rsquo;aspect innovant du pr\u00e9sent appel \u00e0 projets concerne la cr\u00e9ation d&rsquo;un&nbsp;bin\u00f4me compos\u00e9 du secteur priv\u00e9 d&rsquo;une part, et d&rsquo;un partenaire de formation issu du monde associatif d&rsquo;autre part.<\/p>\n<p>En d&rsquo;autres termes, la participation \u00e0 l&rsquo;appel \u00e0 projets pr\u00e9suppose l&rsquo;obligation de construire ce bin\u00f4me. Le projet ne peut \u00eatre \u00e9nonc\u00e9 et d\u00e9pos\u00e9 qu&rsquo;une fois ce bin\u00f4me constitu\u00e9. Pourquoi ? Car les projets et les pratiques innovantes en mati\u00e8re de formation sont parfois pens\u00e9s en chambre, certes de mani\u00e8re intellectuellement tr\u00e8s satisfaisante, mais sans d\u00e9bouch\u00e9s ou exp\u00e9rimentation sur le terrain. Il m&rsquo;est apparu que cela n&rsquo;avait pas beaucoup de sens.<\/p>\n<p>Associer le secteur priv\u00e9 et le partenaire de formation garantit, \u00e0 tout le moins, que le stagiaire sera encadr\u00e9 par une pratique p\u00e9dagogique innovante, tout en \u00e9tant assur\u00e9 de pouvoir exercer r\u00e9ellement cette pratique au sein d&rsquo;une entreprise ou d&rsquo;un autre milieu priv\u00e9.<\/p>\n<p>L&rsquo;Espace formation PME (EFP) n&rsquo;a pas eu v\u00e9ritablement de r\u00f4le \u00e0 jouer dans l&rsquo;appel \u00e0 projets. L&rsquo;asbl a, comme tout op\u00e9rateur qui le souhaitait, d\u00e9pos\u00e9 deux projets. Ils ont \u00e9t\u00e9 retenus tous les deux au vu de leur qualit\u00e9. II s&rsquo;agit de l&rsquo;aide \u00e0 la cr\u00e9ation d&rsquo;un projet entrepreneurial concret dans la formation en alternance de chef d&rsquo;entreprise propos\u00e9e par l&rsquo;EFP, ainsi que d&rsquo;un projet d&rsquo;aide \u00e0 la transition professionnelle dans le secteur de la construction, avec la F\u00e9d\u00e9ration patronale de la construction.<\/p>\n<p>L&rsquo;asbl n&rsquo;est pas impliqu\u00e9e dans le pilotage des projets, puisqu&rsquo;elle ne peut \u00eatre juge et partie.<\/p>\n<p>Par ailleurs, je crois comprendre dans la formulation de votre question que vous me demandez si les projets soutenus dans le cadre de l&rsquo;appel \u00e0 projets s&rsquo;inscrivent dans la mesure 19 du Plan de formation 2020 et quel est le r\u00f4le d&rsquo;Actiris : est-il charg\u00e9 de coordonner ces actions et du personnel est-il pr\u00e9vu pour cette mission ?<\/p>\n<p>Pour rappel, cette mesure a pour objectif, \u00e0 terme, de d\u00e9velopper et d&rsquo;\u00e9tendre les outils de mise en correspondance formation-emploi du service Link d&rsquo;Actiris, au b\u00e9n\u00e9fice de l&rsquo;ensemble des stagiaires en formation professionnelle quel que soit l&rsquo;op\u00e9rateur reconnu qui dispense la formation. Le service Link existe et prend en charge actuellement l&rsquo;accompagnement des chercheurs d&#8217;emploi qui ont termin\u00e9 une formation qualifiante aupr\u00e8s de Bruxelles Formation ou en fin de dispositif article 60. L&rsquo;extension du public cible de ce service se fera au fur et \u00e0 mesure, en fonction des moyens budg\u00e9taires et humains disponibles.<\/p>\n<p>Je peux d&rsquo;ailleurs vous assurer que la coh\u00e9rence entre Bruxelles Formation et Actiris constitue \u00e9videmment l&rsquo;un des objectifs sur lesquels je travaille. Auparavant, le contrat de gestion d&rsquo;Actiris \u00e9tait g\u00e9r\u00e9 par le ministre de l&rsquo;Emploi et le contrat de gestion de Bruxelles Formation par le ministre de la Formation. D\u00e9sormais, il y aura bien s\u00fbr toujours deux contrats de gestion, mais \u00e9galement un contrat de gestion commun \u00e0 Actiris et Bruxelles Formation. Cela d\u00e9montre que je tiens non seulement \u00e0 ne pas \u00eatre d\u00e9rang\u00e9 intellectuellement par le fait que j&rsquo;occupe \u00e0 la fois la fonction de ministre de l&rsquo;Emploi et celle de ministre de la Formation, mais que je veillerai \u00e9galement \u00e0 ce que les administrations travaillent dans le m\u00eame sens.<\/p>\n<p>Voici la ventilation du budget :<\/p>\n<p>&#8211; le projet de dispositif d&rsquo;accrochage en alternance dans le domaine de la construction \u00e0 Bruxelles, qui associe le centre de formation en alternance de la construction (FAC) et la Conf\u00e9d\u00e9ration de la construction, a pour objectif la mise en place d&rsquo;un dispositif d&rsquo;accrochage en alternance dans la fili\u00e8re construction du centre d&rsquo;\u00e9ducation et de formation en alternance (CEFA), afin de s\u00e9curiser et&nbsp;d&rsquo;accompagner l&rsquo;entr\u00e9e en formation qualifiante en alternance. Un montant de 59.000 euros leur a \u00e9t\u00e9 octroy\u00e9 ;<\/p>\n<p>&#8211; le projet de plate-forme de mutualisation en \u00e9conomie sociale d&rsquo;insertion, soutenu par Fobagra et l&rsquo;organisme d&rsquo;insertion socioprofessionnelle (OISP) CF2Mille, a pour but la mise en place d&rsquo;une plate-forme coop\u00e9rative permettant des synergies et des \u00e9changes entre initiatives locales de d\u00e9veloppement de l&#8217;emploi, afin d&rsquo;am\u00e9liorer l&rsquo;offre de formations des b\u00e9n\u00e9ficiaires, c&rsquo;est-\u00e0-dire des chercheurs d&#8217;emploi de longue dur\u00e9e peu qualifi\u00e9s ayant au maximum le certificat de l&rsquo;enseignement sup\u00e9rieur. Le montant accord\u00e9 est de 46.768 euros ;<\/p>\n<p>&#8211; le projet Talent Lab vise quant \u00e0 lui la mise en place d&rsquo;une formation \u00e0 flexibilit\u00e9 organisationnelle (entr\u00e9es et sorties variables) et \u00e0 p\u00e9dagogie innovante sur des profils polyvalents tertiaires : les participants enseignent aux participants (avec encadrement des formateurs) et le projet permet une \u00e9volution des participants \u00e0 vitesse diff\u00e9renci\u00e9e. Les mati\u00e8res enseign\u00e9es sont la vente, le support en technologies de l&rsquo;information, le m\u00e9tier de valoriste, la bureautique et les langues. L&rsquo;objectif est bien l\u2019insertion professionnelle rapide et durable des stagiaires chercheurs d&#8217;emploi. Le projet est coorganis\u00e9 par l&rsquo;entreprise Mister Genius et l&rsquo;OISP CF2Mille, qui ont obtenu 42.225 euros pour mener \u00e0 bien ce projet ;<\/p>\n<p>&#8211; l&rsquo;Espace Formation PME (EFP) et Job Yourself ont quant \u00e0 eux re\u00e7u 44.000 euros pour d\u00e9velopper le projet Test Your Business, qui consiste en l&rsquo;int\u00e9gration d&rsquo;un projet entrepreneurial concret dans la formation en alternance de chef d&rsquo;entreprise propos\u00e9e par l&rsquo;EFP ;<\/p>\n<p>&#8211; le dernier projet, qui vise le soutien \u00e0 la transition professionnelle des jeunes dans le secteur de la construction pour le public du r\u00e9seau de l&rsquo;alternance classes moyennes, est port\u00e9 par l&rsquo;EFP et la Conf\u00e9d\u00e9ration de la construction, pour un montant de 73.400 euros.<\/p>\n<p>Il est difficile, \u00e0 l&rsquo;heure actuelle, d&rsquo;\u00e9valuer le nombre de jeunes de moins de 25 ans qui pourraient \u00eatre touch\u00e9s par ces projets pilotes, car tous ne sont pas r\u00e9serv\u00e9s aux jeunes.<\/p>\n<p>Enfin, une \u00e9valuation est syst\u00e9matiquement pr\u00e9vue pour chaque projet. Elle pr\u00e9voit un syst\u00e8me d&rsquo;\u00e9valuation des r\u00e9sultats des actions, notamment le taux d&rsquo;accrochage, le taux de r\u00e9ussite et le taux d&rsquo;insertion dans l&#8217;emploi \u00e0 six mois et \u00e0 douze mois.<\/p>\n<p>Concernant le lancement potentiel d&rsquo;un nouvel appel \u00e0 projets de formation et la p\u00e9rennisation \u00e9ventuelle de certains projets, nous envisageons de soutenir, via l&rsquo;appel, la continuit\u00e9 d&rsquo;un projet si son \u00e9valuation est positive. C&rsquo;est l&rsquo;int\u00e9r\u00eat des appels \u00e0 projets : si des pratiques innovantes \u00e9mergent et se traduisent par des r\u00e9sultats, il appartiendra \u00e9videmment \u00e0 Bruxelles Formation, via sa mission de r\u00e9gisseur, de les int\u00e9grer dans son offre structurelle et donc de les conventionner de mani\u00e8re structurelle avec le ou les partenaires agr\u00e9\u00e9s.<\/p>\n<p>Il y aura certainement de nouveaux appels \u00e0 projets, \u00e0 moins qu&rsquo;\u00e0 un moment donn\u00e9, il n&rsquo;y ait plus de moyens pour les subsides facultatifs. Mais si ceci devait survenir, cela touchera aussi tous mes coll\u00e8gues. En attendant, je continue bien entendu \u00e0 travailler de la m\u00eame mani\u00e8re, par appels \u00e0 projets.<\/p>\n<p>Vous m&rsquo;interpellez encore sur les questions qui rel\u00e8vent de l&rsquo;alternance et de son d\u00e9veloppement \u00e0 Bruxelles. Je tiens \u00e0 pr\u00e9ciser que les perspectives de d\u00e9veloppement de dispositifs sont en effet nombreuses et que je m&rsquo;y attelle depuis le d\u00e9but de la l\u00e9gislature. La Commission communautaire fran\u00e7aise est comp\u00e9tente tant en mati\u00e8re de formation en alternance pour&nbsp;les jeunes sous obligation scolaire &#8211; que l&rsquo;on nomme plus facilement les apprentis &#8211; que pour les formations de chef d&rsquo;entreprise, accessibles d\u00e8s dix-huit ans. Elles visent une ma\u00eetrise des comp\u00e9tences techniques, associ\u00e9es \u00e0 un volet davantage relatif \u00e0 la gestion. Je travaille tant avec l&rsquo;Espace Formation PME (EFP), le centre qui organise les formations, qu&rsquo;avec le Service formation PME (SFPME), l&rsquo;administration qui s&rsquo;occupe entre autres de la contractualisation avec les entreprises.<\/p>\n<p>Pour rappel, nous avons entre autres :<\/p>\n<p>&#8211; supprim\u00e9 les frais administratifs que l&rsquo;entreprise devait payer pour accueillir un jeune en alternance ;<\/p>\n<p>&#8211; mis en place un contrat commun entre les op\u00e9rateurs francophones de l&rsquo;alternance, pour davantage de lisibilit\u00e9 et de simplification administrative ;<\/p>\n<p>&#8211; cr\u00e9\u00e9 l&rsquo;Office francophone de la formation en alternance (OFFA) ;<\/p>\n<p>&#8211; augment\u00e9 le nombre de d\u00e9l\u00e9gu\u00e9s \u00e0 la tutelle, qui accompagnent les jeunes dans leur relation avec les entreprises ;<\/p>\n<p>&#8211; d\u00e9velopp\u00e9 l&rsquo;offre de formation pour la rentr\u00e9e prochaine. Vous constaterez vous-m\u00eame le nombre de nouvelles formations qui vont \u00eatre cr\u00e9\u00e9es. Je les connais, mais je veux laisser le temps au Coll\u00e8ge de d\u00e9cider avant de vous les annoncer ;<\/p>\n<p>&#8211; mis en place un premier partenariat fort entre la formation professionnelle et l&rsquo;enseignement en alternance en Belgique francophone. Concr\u00e8tement, il s&rsquo;agit d&rsquo;un partenariat entre l&rsquo;EFP et le centre d&rsquo;\u00e9ducation et de formation en alternance (CEFA) du CERIA.<\/p>\n<p>Je sais que ces initiatives tr\u00e8s positives n&rsquo;attirent pas toujours le regard des m\u00e9dias, mais vous constaterez qu&rsquo;en collaboration avec Mme Fadila Laanan, en charge de l&rsquo;Enseignement, nous avons cr\u00e9\u00e9 un premier projet permettant au CEFA et \u00e0 l&rsquo;EFP de d\u00e9velopper un projet commun. Ceci peut d&rsquo;ailleurs constituer une r\u00e9ponse \u00e0 la lenteur de la F\u00e9d\u00e9ration Wallonie-Bruxelles \u00e0 mettre tout le monde sur le m\u00eame pied. Il s&rsquo;agit donc pour nous d&rsquo;entrer par la fen\u00eatre l\u00e0 o\u00f9 on nous refuse l&rsquo;entr\u00e9e normale par la porte. Cette exp\u00e9rience innovante a \u00e9t\u00e9 n\u00e9goci\u00e9e, sign\u00e9e et port\u00e9e par l&rsquo;ensemble du corps p\u00e9dagogique.<\/p>\n<p>De plus, de nouvelles mesures reprises dans le cadre du Plan de formation 2020 et de la strat\u00e9gie de d\u00e9veloppement en alternance permettront par exemple :<\/p>\n<p>&#8211; de soutenir financi\u00e8rement les tuteurs des entreprises qui forment des jeunes en alternance. M\u00eame si votre groupe n&rsquo;a pas vot\u00e9 cette disposition en commission, j&rsquo;esp\u00e8re que vous la voterez lorsque, la semaine prochaine, nous serons appel\u00e9s \u00e0 voter l&rsquo;ordonnance sur les aides \u00e0 l&#8217;emploi. Ce financement des tuteurs des entreprises qui forment les jeunes en alternance est une nouveaut\u00e9 ;<\/p>\n<p>&#8211; de poursuivre l&rsquo;acquisition de mat\u00e9riel de pointe pour permettre une formation de qualit\u00e9 en centre. Nous avons presque doubl\u00e9 les montants ;<\/p>\n<p>&#8211; de soutenir le d\u00e9veloppement d&rsquo;une fili\u00e8re \u00e0 haute qualification en alternance d\u00e8s la rentr\u00e9e prochaine ;<\/p>\n<p>&#8211; de soutenir la prospection de places de formation en alternance aupr\u00e8s des entreprises bruxelloises. Les&nbsp;membres du personnel ont \u00e9t\u00e9 recrut\u00e9s. Ce travail de rencontre des entreprises est en cours, notamment au sein de l&rsquo;OFFA. Il s&rsquo;agit de les mobiliser en faveur de l&rsquo;alternance.<\/p>\n<p><strong>M. Ga\u00ebtan Van Goidsenhoven (MR).-<\/strong> J&rsquo;ai \u00e9cout\u00e9 avec grande attention l&rsquo;expos\u00e9 du ministre, qui s&rsquo;est attach\u00e9 \u00e0 r\u00e9pondre \u00e0 la plupart de mes questions. Je note avec satisfaction la volont\u00e9 de coh\u00e9rence entre Bruxelles Formation et Actiris. Vous avez dit que c&rsquo;\u00e9tait un objectif sur lequel vous travailliez. Un contrat de gestion commun sera conclu \u00e0 l&rsquo;avenir. Je pense que c&rsquo;est effectivement une n\u00e9cessit\u00e9. Nous suivrons donc tout cela avec attention.<\/p>\n<p>J&rsquo;ai \u00e9galement not\u00e9 ce que vous avez dit sur le m\u00e9canisme de l&rsquo;alternance. De m\u00eame, j&rsquo;ai not\u00e9 qu&rsquo;une convention structurelle pour les projets jug\u00e9s positivement permettra de les p\u00e9renniser, ce qui est \u00e9videmment une r\u00e9ponse importante pour donner du sens \u00e0 la mesure.<\/p>\n<p>Vous avez dit que vous travailliez activement sur le dossier de l&rsquo;alternance. Nous aurons donc l&rsquo;occasion d&rsquo;y revenir. Il est vrai que la situation de l&#8217;emploi s&rsquo;am\u00e9liore dans notre pays et dans notre R\u00e9gion mais, singuli\u00e8rement, s&rsquo;agissant des jeunes, il y a encore beaucoup de travail \u00e0 faire pour que nous puissions occuper une meilleure position que celle qui est la n\u00f4tre, au regard de nos voisins.<\/p>\n<p>Je ne nie pas les am\u00e9liorations et je m&rsquo;en f\u00e9licite, mais c&rsquo;est un vaste chantier et nous aurons \u00e0 c\u0153ur de le suivre tout au long de cette l\u00e9gislature.<\/p>\n<p><em><span style=\"font-family: 'Georgia',serif; color: #333333;\">Pour retrouver le texte dans son int\u00e9gralit\u00e9, cliquez ici.<br \/>\nCR&nbsp;n\u00b049 (2016-2017), Juin 2017, pp. 8-11<\/span><\/em><\/p>\n","protected":false},"excerpt":{"rendered":"<p>Interpellation de Monsieur Ga\u00ebtan VAN GOIDSENHOVEN, D\u00e9put\u00e9, adress\u00e9e \u00e0 Monsieur Didier GOSUIN, Ministre [&hellip;]<\/p>\n","protected":false},"author":2,"featured_media":0,"comment_status":"closed","ping_status":"open","sticky":false,"template":"","format":"standard","meta":{"ngg_post_thumbnail":0,"footnotes":""},"categories":[27],"tags":[],"class_list":["post-1397","post","type-post","status-publish","format-standard","hentry","category-interpellations-cocof"],"aioseo_notices":[],"_links":{"self":[{"href":"https:\/\/gaetanvangoidsenhoven.be\/index.php\/wp-json\/wp\/v2\/posts\/1397","targetHints":{"allow":["GET"]}}],"collection":[{"href":"https:\/\/gaetanvangoidsenhoven.be\/index.php\/wp-json\/wp\/v2\/posts"}],"about":[{"href":"https:\/\/gaetanvangoidsenhoven.be\/index.php\/wp-json\/wp\/v2\/types\/post"}],"author":[{"embeddable":true,"href":"https:\/\/gaetanvangoidsenhoven.be\/index.php\/wp-json\/wp\/v2\/users\/2"}],"replies":[{"embeddable":true,"href":"https:\/\/gaetanvangoidsenhoven.be\/index.php\/wp-json\/wp\/v2\/comments?post=1397"}],"version-history":[{"count":1,"href":"https:\/\/gaetanvangoidsenhoven.be\/index.php\/wp-json\/wp\/v2\/posts\/1397\/revisions"}],"predecessor-version":[{"id":1398,"href":"https:\/\/gaetanvangoidsenhoven.be\/index.php\/wp-json\/wp\/v2\/posts\/1397\/revisions\/1398"}],"wp:attachment":[{"href":"https:\/\/gaetanvangoidsenhoven.be\/index.php\/wp-json\/wp\/v2\/media?parent=1397"}],"wp:term":[{"taxonomy":"category","embeddable":true,"href":"https:\/\/gaetanvangoidsenhoven.be\/index.php\/wp-json\/wp\/v2\/categories?post=1397"},{"taxonomy":"post_tag","embeddable":true,"href":"https:\/\/gaetanvangoidsenhoven.be\/index.php\/wp-json\/wp\/v2\/tags?post=1397"}],"curies":[{"name":"wp","href":"https:\/\/api.w.org\/{rel}","templated":true}]}}