{"id":1435,"date":"2017-11-10T16:08:15","date_gmt":"2017-11-10T15:08:15","guid":{"rendered":"http:\/\/gaetanvangoidsenhoven.be\/?p=1435"},"modified":"2018-01-30T16:14:22","modified_gmt":"2018-01-30T15:14:22","slug":"question-dactualite-sur-la-sante-mentale-a-bruxelles","status":"publish","type":"post","link":"https:\/\/gaetanvangoidsenhoven.be\/index.php\/2017\/11\/10\/question-dactualite-sur-la-sante-mentale-a-bruxelles\/","title":{"rendered":"Question d&rsquo;actualit\u00e9 sur la sant\u00e9 mentale \u00e0 Bruxelles"},"content":{"rendered":"<p><strong>Question d&rsquo;actualit\u00e9 de Monsieur Ga\u00ebtan VAN GOIDSENHOVEN, D\u00e9put\u00e9, adress\u00e9e \u00e0 Madame C\u00e9cile JODOGNE, Ministre du Coll\u00e8ge de la Commission communautaire fran\u00e7aise, en charge de la Fonction publique et de la Sant\u00e9,<\/strong><\/p>\n<p>concernant&nbsp;<strong>la sant\u00e9 mentale \u00e0 Bruxelles.<\/strong><\/p>\n<p><strong>M. Ga\u00ebtan Van Goidsenhoven (MR).<\/strong>&#8211; Dans un article paru ce 8 novembre, nous lisions que 25% des Bruxellois se consid\u00e8rent en mauvaise sant\u00e9. Le niveau de pauvret\u00e9 des individus et leur degr\u00e9 de qualification expliquent, en partie, ce niveau de sant\u00e9 r\u00e9el et per\u00e7u.<\/p>\n<p>Plus interpellant, nous y apprenions que quatre Bruxellois sur dix \u00e9taient atteints de troubles de sant\u00e9 mentale. Sachant que la sant\u00e9 mentale int\u00e8gre le premier objectif th\u00e9matique (deuxi\u00e8me priorit\u00e9) du Plan strat\u00e9gique de la Promotion de la&nbsp;sant\u00e9, que pouvez-vous nous dire sur l&rsquo;\u00e9tat d&rsquo;avancement des quatre strat\u00e9gies annonc\u00e9es pour cette priorit\u00e9 (s\u00e9lection des projets, acteurs, conf\u00e9rences interminist\u00e9rielles, projets pilotes, etc.) ?&nbsp;<\/p>\n<p><strong>Mme C\u00e9cile Jodogne, ministre.-<\/strong> Il existe un consensus sur l&rsquo;existence des in\u00e9galit\u00e9s sociales de sant\u00e9. Ces in\u00e9galit\u00e9s se traduisent \u00e9galement dans le domaine de la sant\u00e9 mentale.<\/p>\n<p>Vous faites allusion \u00e0 l&rsquo;article qui relayait le Barom\u00e8tre social 2017 publi\u00e9 par l&rsquo;Observatoire de la sant\u00e9 et du social de Bruxelles-Capitale qui indique que plus les personnes ont un niveau de dipl\u00f4me faible, plus elles sont susceptibles de souffrir de difficult\u00e9s psychologiques. J&rsquo;ai quelques chiffres \u00e0 disposition :<\/p>\n<p>&#8211; s&rsquo;agissant des difficult\u00e9s psychologiques, 56% se situent au niveau du dipl\u00f4me de l&rsquo;\u00e9cole primaire contre 34% au niveau de l&rsquo;enseignement sup\u00e9rieur ;<\/p>\n<p>&#8211; s&rsquo;agissant de psychopathologies, 32% se situent au niveau du dipl\u00f4me le plus faible, contre 17% pour les niveaux de dipl\u00f4mes les plus \u00e9lev\u00e9s.<\/p>\n<p>Cela se traduit par des troubles du comportement alimentaire, des troubles d\u00e9pressifs, des troubles anxieux, des troubles du sommeil, etc. Ces troubles s&rsquo;intensifient \u00e0 mesure que le niveau de dipl\u00f4me diminue.<\/p>\n<p>Le d\u00e9cret relatif \u00e0 la Promotion de la sant\u00e9 vise explicitement \u00e0 r\u00e9duire les in\u00e9galit\u00e9s sociales de sant\u00e9, notamment dans le domaine de la sant\u00e9 mentale. Vous l&rsquo;avez rappel\u00e9, c&rsquo;est une des priorit\u00e9s du Plan de Promotion de la sant\u00e9.<\/p>\n<p>Dans le cadre de l&rsquo;appel \u00e0 projets dont nous avons largement discut\u00e9 aujourd&rsquo;hui, une dizaine de dossiers traitant de la probl\u00e9matique de la sant\u00e9 mentale ont \u00e9t\u00e9 d\u00e9pos\u00e9s et sont en cours d&rsquo;analyse par l&rsquo;administration.<\/p>\n<p>Au niveau de la conf\u00e9rence interminist\u00e9rielle (CIM) de la sant\u00e9 publique, je soutiens les r\u00e9formes f\u00e9d\u00e9rales des soins de sant\u00e9 mentale, \u00e0 savoir le projet 107 pour les adultes et 018 pour les enfants et adolescents. Je marque \u00e9galement ce soutien en encourageant les associations du secteur de la sant\u00e9 mentale&nbsp;\u00e0 Bruxelles \u00e0 y participer. Or, ce n&rsquo;est pas toujours la volont\u00e9 des associations.<\/p>\n<p>Ainsi, l&rsquo;ensemble de la politique de sant\u00e9 de la Commission communautaire fran\u00e7aise vise \u00e0 la r\u00e9duction des in\u00e9galit\u00e9s sociales en mati\u00e8re de sant\u00e9 en g\u00e9n\u00e9ral et de sant\u00e9 mentale en particulier. De nouveaux agr\u00e9ments seront d\u00e9cid\u00e9s d&rsquo;ici la fin de l&rsquo;ann\u00e9e 2017 pour plusieurs r\u00e9seaux ambulatoires et devraient entrer en vigueur \u00e0 partir du 1er janvier 2018. Ils participent \u00e0 la r\u00e9alisation de l&rsquo;objectif de r\u00e9duction des probl\u00e9matiques de sant\u00e9 mentale, notamment li\u00e9es \u00e0 l&rsquo;\u00e9tat et au niveau de dipl\u00f4me des personnes.<\/p>\n<p>Nous pourrons en discuter davantage une fois que les projets retenus dans le cadre de l&rsquo;appel \u00e0 projets en Promotion de la sant\u00e9 seront connus, d\u00e8s le 1er janvier 2018 donc.<\/p>\n<p><strong>M. Ga\u00ebtan Van Goidsenhoven (MR).-<\/strong> Nous reviendrons donc vers vous en d\u00e9but d&rsquo;ann\u00e9e 2018 pour avoir un compl\u00e9ment d&rsquo;informations \u00e0 ce sujet.<\/p>\n<p><em>Pour retrouver le texte dans son int\u00e9gralit\u00e9, cliquez <a href=\"https:\/\/www.parlementfrancophone.brussels\/documents\/compte-rendu-de-la-seance-pleniere-du-10-novembre-2017\/document\">ici<\/a>.<\/em><br \/>\n<em>CR n\u00b055 (2017-2018), Novembre 2017, pp. 19-20<\/em><\/p>\n","protected":false},"excerpt":{"rendered":"<p>Question d&rsquo;actualit\u00e9 de Monsieur Ga\u00ebtan VAN GOIDSENHOVEN, D\u00e9put\u00e9, adress\u00e9e \u00e0 Madame C\u00e9cile JODOGNE, [&hellip;]<\/p>\n","protected":false},"author":2,"featured_media":0,"comment_status":"closed","ping_status":"open","sticky":false,"template":"","format":"standard","meta":{"ngg_post_thumbnail":0,"footnotes":""},"categories":[30],"tags":[],"class_list":["post-1435","post","type-post","status-publish","format-standard","hentry","category-questions-orales-et-dactualite"],"aioseo_notices":[],"_links":{"self":[{"href":"https:\/\/gaetanvangoidsenhoven.be\/index.php\/wp-json\/wp\/v2\/posts\/1435","targetHints":{"allow":["GET"]}}],"collection":[{"href":"https:\/\/gaetanvangoidsenhoven.be\/index.php\/wp-json\/wp\/v2\/posts"}],"about":[{"href":"https:\/\/gaetanvangoidsenhoven.be\/index.php\/wp-json\/wp\/v2\/types\/post"}],"author":[{"embeddable":true,"href":"https:\/\/gaetanvangoidsenhoven.be\/index.php\/wp-json\/wp\/v2\/users\/2"}],"replies":[{"embeddable":true,"href":"https:\/\/gaetanvangoidsenhoven.be\/index.php\/wp-json\/wp\/v2\/comments?post=1435"}],"version-history":[{"count":1,"href":"https:\/\/gaetanvangoidsenhoven.be\/index.php\/wp-json\/wp\/v2\/posts\/1435\/revisions"}],"predecessor-version":[{"id":1436,"href":"https:\/\/gaetanvangoidsenhoven.be\/index.php\/wp-json\/wp\/v2\/posts\/1435\/revisions\/1436"}],"wp:attachment":[{"href":"https:\/\/gaetanvangoidsenhoven.be\/index.php\/wp-json\/wp\/v2\/media?parent=1435"}],"wp:term":[{"taxonomy":"category","embeddable":true,"href":"https:\/\/gaetanvangoidsenhoven.be\/index.php\/wp-json\/wp\/v2\/categories?post=1435"},{"taxonomy":"post_tag","embeddable":true,"href":"https:\/\/gaetanvangoidsenhoven.be\/index.php\/wp-json\/wp\/v2\/tags?post=1435"}],"curies":[{"name":"wp","href":"https:\/\/api.w.org\/{rel}","templated":true}]}}