{"id":1437,"date":"2017-11-24T16:14:37","date_gmt":"2017-11-24T15:14:37","guid":{"rendered":"http:\/\/gaetanvangoidsenhoven.be\/?p=1437"},"modified":"2018-01-30T16:19:47","modified_gmt":"2018-01-30T15:19:47","slug":"question-dactualite-sur-le-phenomene-du-neet-a-bruxelles","status":"publish","type":"post","link":"https:\/\/gaetanvangoidsenhoven.be\/index.php\/2017\/11\/24\/question-dactualite-sur-le-phenomene-du-neet-a-bruxelles\/","title":{"rendered":"Question d&rsquo;actualit\u00e9 sur le ph\u00e9nom\u00e8ne du NEET \u00e0 Bruxelles"},"content":{"rendered":"<p><strong><span style=\"font-family: 'Georgia',serif; color: #333333;\">Question d&rsquo;actualit\u00e9&nbsp;de Monsieur Ga\u00ebtan VAN GOIDSENHOVEN, D\u00e9put\u00e9, adress\u00e9e \u00e0 Monsieur Didier GOSUIN, Ministre du Coll\u00e8ge de la Commission communautaire fran\u00e7aise, en charge de la Formation professionnelle,<\/span><\/strong><\/p>\n<p>concernant <strong>le ph\u00e9nom\u00e8ne du NEET \u00e0 Bruxelles<\/strong><\/p>\n<p><strong>M. Ga\u00ebtan Van Goidsenhoven (MR).-<\/strong> Dans la presse de cette semaine, nous avons lu avec consternation qu&rsquo;un jeune Bruxellois sur cinq et un jeune Wallon sur six appartiennent \u00e0 la cat\u00e9gorie des Not in Education, Employment or Training (NEET), c&rsquo;est-\u00e0-dire, un jeune se trouvant \u00e9loign\u00e9 tant du monde de la formation et de l&rsquo;enseignement que de celui de l&#8217;emploi.<\/p>\n<p>Ce ph\u00e9nom\u00e8ne ne touche pas seulement notre R\u00e9gion, mais celle-ci est particuli\u00e8rement touch\u00e9e. La situation en Flandre et ailleurs en Europe n&rsquo;est pas aussi mauvaise et l&rsquo;on peut donc non seulement pointer ces chiffres, mais aussi s&rsquo;en inqui\u00e9ter et se pr\u00e9occuper de l&rsquo;avenir de ces jeunes.<\/p>\n<p>La principale raison de cette situation r\u00e9side dans la faiblesse du syst\u00e8me \u00e9ducatif francophone. On sait que le taux de redoublement y est particuli\u00e8rement \u00e9lev\u00e9 et que beaucoup de jeunes quittent l&rsquo;enseignement sans qualification et surtout sans avoir termin\u00e9 leur cycle d&rsquo;\u00e9tudes.<\/p>\n<p>Je voudrais vous entendre sur les actions conjointes que la Commission communautaire fran\u00e7aise souhaite mener avec la F\u00e9d\u00e9ration Wallonie-Bruxelles pour s&rsquo;attaquer \u00e0 ce probl\u00e8me qui touche les jeunes Wallons, mais aussi les jeunes Bruxellois.<\/p>\n<p>Nous avons \u00e9galement lu aujourd&rsquo;hui que vous pointiez avec une grande s\u00e9v\u00e9rit\u00e9 l&rsquo;inaction de la F\u00e9d\u00e9ration Wallonie-Bruxelles. Votre attitude r\u00e9pond d\u00e9j\u00e0 en partie \u00e0 ma question puisqu&rsquo;elle montre les difficult\u00e9s que vous rencontrez pour coordonner vos actions avec celles de la F\u00e9d\u00e9ration.<\/p>\n<p>Bref, l&rsquo;heure de la mobilisation est venue, et je voudrais vous entendre sur les d\u00e9marches que vous comptez entreprendre pour r\u00e9soudre ce probl\u00e8me en concertation, esp\u00e9rons-le pour l&rsquo;avenir, avec la F\u00e9d\u00e9ration Wallonie-Bruxelles.<\/p>\n<p><em>[Question d&rsquo;actualit\u00e9 jointe de Madame Emmery]<\/em><\/p>\n<p><strong>M. Didier Gosuin, ministre.-<\/strong> Je serai tr\u00e8s clair : des \u00e9tudes que l&rsquo;on balance comme cela, avec des chiffres qui ne correspondent en rien \u00e0 la r\u00e9alit\u00e9 ni m\u00eame \u00e0 la d\u00e9finition d&rsquo;un NEET, cela n&rsquo;est pas s\u00e9rieux. Il existe effectivement un ph\u00e9nom\u00e8ne de NEET qui concerne les jeunes qui ne sont plus soumis \u00e0 l&rsquo;enseignement obligatoire jusqu&rsquo;\u00e0 dix-huit ans. Avant cet \u00e2ge, il existe des strat\u00e9gies au niveau des Communaut\u00e9s. Je me souviens d&rsquo;ailleurs, au d\u00e9but des ann\u00e9es 2000, d&rsquo;avoir particip\u00e9 en tant que bourgmestre et \u00e0 l\u2019initiative des deux Communaut\u00e9s, \u00e0 la mise en place d&rsquo;une banque de donn\u00e9es et \u00e0 l&rsquo;obligation pour les communes de d\u00e9tecter et de suivre les familles qui ne respectaient pas l&rsquo;obligation scolaire.<\/p>\n<p>Aujourd&rsquo;hui, ce m\u00e9canisme existe bel et bien. Parlons alors, s&rsquo;il vous pla\u00eet, de ceux qui sont \u00e2g\u00e9s de plus de dix-huit ans. Ils ne sont effectivement plus dans l&rsquo;enseignement obligatoire, ils ne sont pas \u00e0 l&#8217;emploi et ils ne sont pas en formation, c&rsquo;est-\u00e0-dire qu&rsquo;ils ne sont pas inscrits chez Actiris. Ils ne constituent pas 20% \u00e0 Bruxelles. En r\u00e9alit\u00e9, ceux que l&rsquo;on reprend dans cette \u00e9tude sont tous les jeunes qui sont bel et bien inscrits chez Actiris. Ce n&rsquo;est donc pas correct et il faut resserrer le sujet. Certes, cela ne veut pas dire qu&rsquo;il n&rsquo;y a pas de probl\u00e8me. Il y a effectivement des jeunes qui sont volontairement NEET. On les trouve dans les familles bourgeoises &#8211; ils prennent une ann\u00e9e sabbatique &#8211; ou il s&rsquo;agit de jeunes que la soci\u00e9t\u00e9 a exclus en les privant d&rsquo;allocation d&rsquo;insertion. Il est \u00e9vident que ces jeunes-l\u00e0 ont de grands doutes quant \u00e0 leur place dans la soci\u00e9t\u00e9.<\/p>\n<p>Ainsi, ce m\u00e9canisme de rejet, adopt\u00e9 in tempore non suspecto, a effectivement entra\u00een\u00e9 l&rsquo;\u00e9mergence des NEET dans notre soci\u00e9t\u00e9. Je tiens \u00e0 le rappeler car des politiques se cachent derri\u00e8re ces d\u00e9cisions. Enfin, je voudrais dire que la probl\u00e9matique des jeunes non inscrits chez Actiris, qui ne sont pas \u00e0 l&#8217;emploi et qui n&rsquo;ont plus d&rsquo;obligation scolaire au-del\u00e0 de dix-huit ans, rel\u00e8ve des comp\u00e9tences r\u00e9gionales. C&rsquo;est \u00e0 la R\u00e9gion qu&rsquo;incombe la t\u00e2che d&rsquo;aller rechercher ces jeunes.<\/p>\n<p>Accessoirement, la Commission communautaire fran\u00e7aise finance Bruxelles-J, onze plates-formes physiques d&rsquo;accueil de tous les jeunes. Un budget de 150.000 euros leur est d&rsquo;ailleurs allou\u00e9 \u00e0 cet effet. Toutefois, il en va globalement de la comp\u00e9tence de la R\u00e9gion. Lorsque ces jeunes sont inscrits chez Actiris, ils suivent des formations et entrent ainsi dans le sillage de Bruxelles Formation. Nous ne m\u00e8nerons pas, au niveau de la Commission communautaire fran\u00e7aise, un travail qui doit \u00eatre normalement r\u00e9alis\u00e9 par la R\u00e9gion.<\/p>\n<p>Hier, Mme Emmery m&rsquo;a largement interpell\u00e9 \u00e0 ce sujet en commission, jusqu&rsquo;\u00e0 21 heures&#8230;<\/p>\n<p><strong>M. Didier Gosuin, ministre.-<\/strong> Oui, d&rsquo;accord. \u00c0 cette occasion, j&rsquo;ai d\u00e9crit tous les devoirs de la R\u00e9gion &#8211; notamment lancer des projets pilotes &#8211; en la mati\u00e8re. Je vous renvoie donc \u00e0 cette discussion au niveau r\u00e9gional.<\/p>\n<p><strong>M. Ga\u00ebtan Van Goidsenhoven (MR).-<\/strong> Je prends bonne note de la r\u00e9ponse du ministre et de sa volont\u00e9 de \u00ab mod\u00e9rer \u00bb le taux d&rsquo;un jeune sur cinq de 18 \u00e0 24 ans concern\u00e9.<\/p>\n<p>Pour le reste, j&rsquo;entends que des actions doivent \u00eatre men\u00e9es au niveau de la R\u00e9gion. N\u00e9anmoins, je pense que la Commission communautaire fran\u00e7aise peut \u00e9galement actionner certains leviers. J&rsquo;ai, par ailleurs, d\u00e9couvert ce matin la grande s\u00e9v\u00e9rit\u00e9 avec laquelle vous jugez la F\u00e9d\u00e9ration Wallonie-Bruxelles, mais vous n&rsquo;avez pas dit un mot \u00e0 ce sujet. Or, les responsabilit\u00e9s me semblent partag\u00e9es.<\/p>\n<p><strong>M. Didier Gosuin, ministre.-<\/strong> Je constate, en F\u00e9d\u00e9ration Wallonie-Bruxelles, ce que je dis depuis vingt ans : il est effectivement inacceptable de voir des milliers de jeunes sortir de l&rsquo;\u00e9cole \u00e0 dix-huit ans sans qualification. Et une telle situation doit en effet interpeller le monde de l&rsquo;enseignement. Oui, je le r\u00e9p\u00e8te haut et fort !<\/p>\n<p><strong>M. Ga\u00ebtan Van Goidsenhoven (MR).-<\/strong> J&rsquo;en prends bonne note. Vous avez \u00e9galement interpell\u00e9 assez rudement le monde des entreprises.<\/p>\n<p>Au-del\u00e0 des actions \u00e0 mener au niveau de la R\u00e9gion &#8211; et je vous ai bien compris sur ce point -, nous devons aussi actionner des leviers au niveau de la Commission communautaire fran\u00e7aise. L&rsquo;enjeu est tel qu&rsquo;une mobilisation g\u00e9n\u00e9rale de l&rsquo;ensemble des institutions susceptibles d&rsquo;intervenir est souhaitable.<\/p>\n<p>&nbsp;<\/p>\n<p><em><span style=\"font-family: 'Georgia',serif; color: #333333;\">Pour retrouver le texte dans son int\u00e9gralit\u00e9, cliquez <a href=\"https:\/\/www.parlementfrancophone.brussels\/documents\/compte-rendu-de-la-seance-pleniere-du-24-novembre-2017\/document\">ici<\/a>.<br \/>\nCR n\u00b056 (2017-2018), Novembre 2017, pp. 22-23<\/span><\/em><\/p>\n","protected":false},"excerpt":{"rendered":"<p>Question d&rsquo;actualit\u00e9&nbsp;de Monsieur Ga\u00ebtan VAN GOIDSENHOVEN, D\u00e9put\u00e9, adress\u00e9e \u00e0 Monsieur Didier GOSUIN, Ministre [&hellip;]<\/p>\n","protected":false},"author":2,"featured_media":0,"comment_status":"closed","ping_status":"open","sticky":false,"template":"","format":"standard","meta":{"ngg_post_thumbnail":0,"footnotes":""},"categories":[30],"tags":[],"class_list":["post-1437","post","type-post","status-publish","format-standard","hentry","category-questions-orales-et-dactualite"],"aioseo_notices":[],"_links":{"self":[{"href":"https:\/\/gaetanvangoidsenhoven.be\/index.php\/wp-json\/wp\/v2\/posts\/1437","targetHints":{"allow":["GET"]}}],"collection":[{"href":"https:\/\/gaetanvangoidsenhoven.be\/index.php\/wp-json\/wp\/v2\/posts"}],"about":[{"href":"https:\/\/gaetanvangoidsenhoven.be\/index.php\/wp-json\/wp\/v2\/types\/post"}],"author":[{"embeddable":true,"href":"https:\/\/gaetanvangoidsenhoven.be\/index.php\/wp-json\/wp\/v2\/users\/2"}],"replies":[{"embeddable":true,"href":"https:\/\/gaetanvangoidsenhoven.be\/index.php\/wp-json\/wp\/v2\/comments?post=1437"}],"version-history":[{"count":1,"href":"https:\/\/gaetanvangoidsenhoven.be\/index.php\/wp-json\/wp\/v2\/posts\/1437\/revisions"}],"predecessor-version":[{"id":1438,"href":"https:\/\/gaetanvangoidsenhoven.be\/index.php\/wp-json\/wp\/v2\/posts\/1437\/revisions\/1438"}],"wp:attachment":[{"href":"https:\/\/gaetanvangoidsenhoven.be\/index.php\/wp-json\/wp\/v2\/media?parent=1437"}],"wp:term":[{"taxonomy":"category","embeddable":true,"href":"https:\/\/gaetanvangoidsenhoven.be\/index.php\/wp-json\/wp\/v2\/categories?post=1437"},{"taxonomy":"post_tag","embeddable":true,"href":"https:\/\/gaetanvangoidsenhoven.be\/index.php\/wp-json\/wp\/v2\/tags?post=1437"}],"curies":[{"name":"wp","href":"https:\/\/api.w.org\/{rel}","templated":true}]}}