{"id":1533,"date":"2018-04-27T14:55:05","date_gmt":"2018-04-27T13:55:05","guid":{"rendered":"http:\/\/gaetanvangoidsenhoven.be\/?p=1533"},"modified":"2018-04-27T14:56:05","modified_gmt":"2018-04-27T13:56:05","slug":"visite-du-representant-de-lorganisation-internationale-de-la-francophonie-aupres-de-lue","status":"publish","type":"post","link":"https:\/\/gaetanvangoidsenhoven.be\/index.php\/2018\/04\/27\/visite-du-representant-de-lorganisation-internationale-de-la-francophonie-aupres-de-lue\/","title":{"rendered":"Visite du Repr\u00e9sentant de l&rsquo;Organisation Internationale de la Francophonie aupr\u00e8s de l&rsquo;UE"},"content":{"rendered":"<p>J&rsquo;ai eu le tr\u00e8s grand plaisir de recevoir au Parlement&nbsp;Monsieur St\u00e9phane Lopez, Ambassadeur, Repr\u00e9sentant de l&rsquo;Organisation Internationale de la Francophonie aupr\u00e8s de l&rsquo;UE.&nbsp;<br \/>\nCe fut une rencontre tr\u00e8s enrichissante, au cours de laquelle nous avons \u00e9chang\u00e9 nos points de vue et notre vision partag\u00e9e sur la place et le r\u00f4le de la Francophonie dans le monde.&nbsp;<br \/>\nMonsieur Lopez et moi-m\u00eame plaidons pour une mobilisation bien plus importante de la F\u00e9d\u00e9ration Wallonie-Bruxelles au sein de l&rsquo;OIF, ainsi que pour une coalition renforc\u00e9e des Etats membres de l&rsquo;OIF au sein de l&rsquo;Union europ\u00e9enne.<\/p>\n<p><img loading=\"lazy\" decoding=\"async\" class=\"aligncenter  wp-image-1531\" src=\"http:\/\/gaetanvangoidsenhoven.be\/wp-content\/uploads\/2018\/04\/Gaetan-et-St\u00e9phane-Lopez-repr\u00e9sentant-de-lOIF.jpg\" alt=\"\" width=\"522\" height=\"696\" srcset=\"https:\/\/gaetanvangoidsenhoven.be\/wp-content\/uploads\/2018\/04\/Gaetan-et-St\u00e9phane-Lopez-repr\u00e9sentant-de-lOIF.jpg 1944w, https:\/\/gaetanvangoidsenhoven.be\/wp-content\/uploads\/2018\/04\/Gaetan-et-St\u00e9phane-Lopez-repr\u00e9sentant-de-lOIF-225x300.jpg 225w, https:\/\/gaetanvangoidsenhoven.be\/wp-content\/uploads\/2018\/04\/Gaetan-et-St\u00e9phane-Lopez-repr\u00e9sentant-de-lOIF-768x1024.jpg 768w\" sizes=\"auto, (max-width: 522px) 100vw, 522px\" \/><\/p>\n","protected":false},"excerpt":{"rendered":"<p>J&rsquo;ai eu le tr\u00e8s grand plaisir de recevoir au Parlement&nbsp;Monsieur St\u00e9phane Lopez, Ambassadeur, [&hellip;]<\/p>\n","protected":false},"author":2,"featured_media":0,"comment_status":"closed","ping_status":"open","sticky":false,"template":"","format":"standard","meta":{"ngg_post_thumbnail":0,"footnotes":""},"categories":[21,1],"tags":[],"class_list":["post-1533","post","type-post","status-publish","format-standard","hentry","category-interventions","category-fwb"],"aioseo_notices":[],"_links":{"self":[{"href":"https:\/\/gaetanvangoidsenhoven.be\/index.php\/wp-json\/wp\/v2\/posts\/1533","targetHints":{"allow":["GET"]}}],"collection":[{"href":"https:\/\/gaetanvangoidsenhoven.be\/index.php\/wp-json\/wp\/v2\/posts"}],"about":[{"href":"https:\/\/gaetanvangoidsenhoven.be\/index.php\/wp-json\/wp\/v2\/types\/post"}],"author":[{"embeddable":true,"href":"https:\/\/gaetanvangoidsenhoven.be\/index.php\/wp-json\/wp\/v2\/users\/2"}],"replies":[{"embeddable":true,"href":"https:\/\/gaetanvangoidsenhoven.be\/index.php\/wp-json\/wp\/v2\/comments?post=1533"}],"version-history":[{"count":2,"href":"https:\/\/gaetanvangoidsenhoven.be\/index.php\/wp-json\/wp\/v2\/posts\/1533\/revisions"}],"predecessor-version":[{"id":1535,"href":"https:\/\/gaetanvangoidsenhoven.be\/index.php\/wp-json\/wp\/v2\/posts\/1533\/revisions\/1535"}],"wp:attachment":[{"href":"https:\/\/gaetanvangoidsenhoven.be\/index.php\/wp-json\/wp\/v2\/media?parent=1533"}],"wp:term":[{"taxonomy":"category","embeddable":true,"href":"https:\/\/gaetanvangoidsenhoven.be\/index.php\/wp-json\/wp\/v2\/categories?post=1533"},{"taxonomy":"post_tag","embeddable":true,"href":"https:\/\/gaetanvangoidsenhoven.be\/index.php\/wp-json\/wp\/v2\/tags?post=1533"}],"curies":[{"name":"wp","href":"https:\/\/api.w.org\/{rel}","templated":true}]}}