{"id":1593,"date":"2018-06-14T15:17:33","date_gmt":"2018-06-14T14:17:33","guid":{"rendered":"http:\/\/gaetanvangoidsenhoven.be\/?p=1593"},"modified":"2018-06-14T15:58:06","modified_gmt":"2018-06-14T14:58:06","slug":"bruxelles-future-ville-hote-du-sommet-de-la-francophonie","status":"publish","type":"post","link":"https:\/\/gaetanvangoidsenhoven.be\/index.php\/2018\/06\/14\/bruxelles-future-ville-hote-du-sommet-de-la-francophonie\/","title":{"rendered":"Bruxelles, future ville h\u00f4te du Sommet de la Francophonie ?"},"content":{"rendered":"<p>Chers amis,<\/p>\n<p>J\u2019ai le plaisir de vous annoncer que ma proposition de r\u00e9solution visant \u00e0 organiser le XIXe Sommet de la Francophonie \u00e0 Bruxelles en 2022 a \u00e9t\u00e9 adopt\u00e9e ce mercredi 13 juin au Parlement de la F\u00e9d\u00e9ration Wallonie-Bruxelles !<br \/>\nLe vote de cette r\u00e9solution est une premi\u00e8re \u00e9tape importante vers la possibilit\u00e9 d\u2019une candidature de Bruxelles pour accueillir les chefs d\u2019Etat et de gouvernement des pays membres de l\u2019Organisation internationale de la Francophonie (OIF).<\/p>\n<p>Rassemblant plus de&nbsp;274 millions de locuteurs \u00e0 travers la plan\u00e8te, la Francophonie a comme missions de promouvoir la langue fran\u00e7aise et la diversit\u00e9 linguistique et culturelle, ainsi que de d\u00e9velopper des politiques de coop\u00e9ration dans des domaines aussi vari\u00e9s que l\u2019\u00e9ducation, l\u2019environnement, l\u2019\u00e9galit\u00e9 entre les hommes et les femmes, le maintien de la paix, de la d\u00e9mocratie et des droits de l\u2019homme. En affirmant le poids des Etats francophones \u00e0 travers les instances internationales diplomatiques, l\u2019OIF joue ainsi un r\u00f4le de premi\u00e8re importance dans la promotion de notre langue.<br \/>\nBruxelles, si\u00e8ge de nombreuses institutions europ\u00e9ennes et internationales, ville cosmopolite et multiculturelle dans laquelle r\u00e8gne la pluralit\u00e9 des langues et des identit\u00e9s, n\u2019a encore jamais postul\u00e9 au titre de ville candidate \u00e0 l\u2019organisation du Sommet de l\u2019OIF.&nbsp;<\/p>\n<p>Accueillir cet \u00e9v\u00e9nement permettrait de r\u00e9affirmer la place de notre ville sur l\u2019\u00e9chiquier mondial, de t\u00e9moigner de notre expertise scientifique et diplomatique dans les axes de coop\u00e9ration prioritaires de l\u2019Organisation ainsi que de mettre en avant notre culture du dialogue, qui fait partie int\u00e9grante de notre mode de d\u00e9cision.&nbsp;<\/p>\n<p>A l\u2019heure o\u00f9 le repli sur soi se d\u00e9veloppe un peu partout dans le monde et o\u00f9 la langue fran\u00e7aise tend \u00e0 dispara\u00eetre insidieusement de l\u2019espace public au profit d\u2019un anglais d\u2019a\u00e9roport uniformis\u00e9 et an\u00e9mi\u00e9, il est temps pour Bruxelles d\u2019afficher fi\u00e8rement sa volont\u00e9 de valoriser le Fran\u00e7ais tout en manifestant son ouverture sur le monde.<\/p>\n<p>&nbsp;<\/p>\n<p>&nbsp;<\/p>\n<p><img loading=\"lazy\" decoding=\"async\" class=\"aligncenter size-full wp-image-1594\" src=\"http:\/\/gaetanvangoidsenhoven.be\/wp-content\/uploads\/2018\/06\/BXL-love-OIF.jpg\" alt=\"\" width=\"1630\" height=\"640\"><\/p>\n","protected":false},"excerpt":{"rendered":"<p>Chers amis, J\u2019ai le plaisir de vous annoncer que ma proposition de r\u00e9solution [&hellip;]<\/p>\n","protected":false},"author":2,"featured_media":0,"comment_status":"closed","ping_status":"open","sticky":false,"template":"","format":"standard","meta":{"ngg_post_thumbnail":0,"footnotes":""},"categories":[38],"tags":[],"class_list":["post-1593","post","type-post","status-publish","format-standard","hentry","category-loi"],"aioseo_notices":[],"_links":{"self":[{"href":"https:\/\/gaetanvangoidsenhoven.be\/index.php\/wp-json\/wp\/v2\/posts\/1593","targetHints":{"allow":["GET"]}}],"collection":[{"href":"https:\/\/gaetanvangoidsenhoven.be\/index.php\/wp-json\/wp\/v2\/posts"}],"about":[{"href":"https:\/\/gaetanvangoidsenhoven.be\/index.php\/wp-json\/wp\/v2\/types\/post"}],"author":[{"embeddable":true,"href":"https:\/\/gaetanvangoidsenhoven.be\/index.php\/wp-json\/wp\/v2\/users\/2"}],"replies":[{"embeddable":true,"href":"https:\/\/gaetanvangoidsenhoven.be\/index.php\/wp-json\/wp\/v2\/comments?post=1593"}],"version-history":[{"count":3,"href":"https:\/\/gaetanvangoidsenhoven.be\/index.php\/wp-json\/wp\/v2\/posts\/1593\/revisions"}],"predecessor-version":[{"id":1603,"href":"https:\/\/gaetanvangoidsenhoven.be\/index.php\/wp-json\/wp\/v2\/posts\/1593\/revisions\/1603"}],"wp:attachment":[{"href":"https:\/\/gaetanvangoidsenhoven.be\/index.php\/wp-json\/wp\/v2\/media?parent=1593"}],"wp:term":[{"taxonomy":"category","embeddable":true,"href":"https:\/\/gaetanvangoidsenhoven.be\/index.php\/wp-json\/wp\/v2\/categories?post=1593"},{"taxonomy":"post_tag","embeddable":true,"href":"https:\/\/gaetanvangoidsenhoven.be\/index.php\/wp-json\/wp\/v2\/tags?post=1593"}],"curies":[{"name":"wp","href":"https:\/\/api.w.org\/{rel}","templated":true}]}}