{"id":1659,"date":"2018-08-17T15:09:03","date_gmt":"2018-08-17T14:09:03","guid":{"rendered":"http:\/\/gaetanvangoidsenhoven.be\/?p=1659"},"modified":"2018-08-17T15:12:40","modified_gmt":"2018-08-17T14:12:40","slug":"secretariat-general-de-lorganisation-internationale-de-la-francophonie-la-federation-wallonie-bruxelles-au-balcon","status":"publish","type":"post","link":"https:\/\/gaetanvangoidsenhoven.be\/index.php\/2018\/08\/17\/secretariat-general-de-lorganisation-internationale-de-la-francophonie-la-federation-wallonie-bruxelles-au-balcon\/","title":{"rendered":"Secr\u00e9tariat g\u00e9n\u00e9ral de l&rsquo;Organisation internationale de la Francophonie : la F\u00e9d\u00e9ration Wallonie-Bruxelles au balcon ?"},"content":{"rendered":"<p>Chers amis,<\/p>\n<p>Vous retrouverez <a href=\"http:\/\/www.lalibre.be\/debats\/opinions\/la-francophonie-mondiale-change-de-chef-et-alors-5b59e2e755326925484ead33\">ici<\/a> ma carte blanche, parue dans La Libre du 27 juillet, concernant l&rsquo;\u00e9lection \u00e0 venir du nouveau dirigeant de l&rsquo;Organisation internationale de la Francophonie (OIF) et le silence inqui\u00e9tant de notre F\u00e9d\u00e9ration dans ce dossier.<\/p>\n<p>Bonne lecture \u00e0 toutes et \u00e0 tous !<\/p>\n<p>&nbsp;<\/p>\n<p><a href=\"http:\/\/www.lalibre.be\/debats\/opinions\/la-francophonie-mondiale-change-de-chef-et-alors-5b59e2e755326925484ead33\"><img loading=\"lazy\" decoding=\"async\" class=\"aligncenter wp-image-1660 size-full\" src=\"http:\/\/gaetanvangoidsenhoven.be\/wp-content\/uploads\/2018\/08\/Dessin-candidature-OIF-et-silence-FWB.png\" alt=\"\" width=\"850\" height=\"662\" srcset=\"https:\/\/gaetanvangoidsenhoven.be\/wp-content\/uploads\/2018\/08\/Dessin-candidature-OIF-et-silence-FWB.png 850w, https:\/\/gaetanvangoidsenhoven.be\/wp-content\/uploads\/2018\/08\/Dessin-candidature-OIF-et-silence-FWB-300x234.png 300w, https:\/\/gaetanvangoidsenhoven.be\/wp-content\/uploads\/2018\/08\/Dessin-candidature-OIF-et-silence-FWB-768x598.png 768w\" sizes=\"auto, (max-width: 850px) 100vw, 850px\" \/><\/a><\/p>\n<p>&nbsp;<\/p>\n","protected":false},"excerpt":{"rendered":"<p>Chers amis, Vous retrouverez ici ma carte blanche, parue dans La Libre du [&hellip;]<\/p>\n","protected":false},"author":2,"featured_media":0,"comment_status":"closed","ping_status":"open","sticky":false,"template":"","format":"standard","meta":{"ngg_post_thumbnail":0,"footnotes":""},"categories":[20,1],"tags":[],"class_list":["post-1659","post","type-post","status-publish","format-standard","hentry","category-discours-et-cartes-blanches","category-fwb"],"aioseo_notices":[],"_links":{"self":[{"href":"https:\/\/gaetanvangoidsenhoven.be\/index.php\/wp-json\/wp\/v2\/posts\/1659","targetHints":{"allow":["GET"]}}],"collection":[{"href":"https:\/\/gaetanvangoidsenhoven.be\/index.php\/wp-json\/wp\/v2\/posts"}],"about":[{"href":"https:\/\/gaetanvangoidsenhoven.be\/index.php\/wp-json\/wp\/v2\/types\/post"}],"author":[{"embeddable":true,"href":"https:\/\/gaetanvangoidsenhoven.be\/index.php\/wp-json\/wp\/v2\/users\/2"}],"replies":[{"embeddable":true,"href":"https:\/\/gaetanvangoidsenhoven.be\/index.php\/wp-json\/wp\/v2\/comments?post=1659"}],"version-history":[{"count":1,"href":"https:\/\/gaetanvangoidsenhoven.be\/index.php\/wp-json\/wp\/v2\/posts\/1659\/revisions"}],"predecessor-version":[{"id":1661,"href":"https:\/\/gaetanvangoidsenhoven.be\/index.php\/wp-json\/wp\/v2\/posts\/1659\/revisions\/1661"}],"wp:attachment":[{"href":"https:\/\/gaetanvangoidsenhoven.be\/index.php\/wp-json\/wp\/v2\/media?parent=1659"}],"wp:term":[{"taxonomy":"category","embeddable":true,"href":"https:\/\/gaetanvangoidsenhoven.be\/index.php\/wp-json\/wp\/v2\/categories?post=1659"},{"taxonomy":"post_tag","embeddable":true,"href":"https:\/\/gaetanvangoidsenhoven.be\/index.php\/wp-json\/wp\/v2\/tags?post=1659"}],"curies":[{"name":"wp","href":"https:\/\/api.w.org\/{rel}","templated":true}]}}