{"id":1851,"date":"2018-11-21T13:06:00","date_gmt":"2018-11-21T12:06:00","guid":{"rendered":"http:\/\/gaetanvangoidsenhoven.be\/?p=1851"},"modified":"2018-11-21T15:02:10","modified_gmt":"2018-11-21T14:02:10","slug":"le-reamenagement-de-la-chaussee-de-ninove-voirie-regionale-nest-pas-pret-de-voir-le-jour","status":"publish","type":"post","link":"https:\/\/gaetanvangoidsenhoven.be\/index.php\/2018\/11\/21\/le-reamenagement-de-la-chaussee-de-ninove-voirie-regionale-nest-pas-pret-de-voir-le-jour\/","title":{"rendered":"Le r\u00e9am\u00e9nagement de la chauss\u00e9e de Ninove, voirie r\u00e9gionale, n&rsquo;est pas pr\u00eat de voir le jour !"},"content":{"rendered":"<p>En r\u00e9ponse \u00e0 ma question sur le sujet, le Ministre Pascal Smet a fait savoir qu&rsquo;il n&rsquo;avait manifestement pas l&rsquo;intention de s&rsquo;investir prochainement dans le projet de r\u00e9am\u00e9nagement de la chauss\u00e9e de Ninove. Des engagements avaient pourtant \u00e9t\u00e9 pris en ce sens il y a deux ans.<\/p>\n<p>L&rsquo;Ouest et le Nord-Ouest de Bruxelles semblent malheureusement continuer \u00e0 \u00eatre les grands d\u00e9laiss\u00e9s de la politique du Gouvernement actuel en mati\u00e8re de mobilit\u00e9 et de travaux publics!<\/p>\n<p>Il faudra s&rsquo;en souvenir en mai prochain !<\/p>\n<p><a href=\"http:\/\/www.dhnet.be\/regions\/bruxelles\/anderlechtmolenbeek-le-reamenagement-de-la-chaussee-de-ninove-attendra-5bd880f2cd70fdc91b2adbe1?fbclid=IwAR0GUbJjXFK0WmZY6R1p3iochLgQRRJIx_LRQIQJZTMhJkVBgw-QABGVnX0#.W9iTrOf2z4M.facebook\" target=\"_blank\" rel=\"noopener\"><img loading=\"lazy\" decoding=\"async\" class=\"aligncenter wp-image-1852\" src=\"http:\/\/gaetanvangoidsenhoven.be\/wp-content\/uploads\/2018\/11\/Photo-chauss\u00e9e-de-Ninove.png\" alt=\"\" width=\"870\" height=\"668\" srcset=\"https:\/\/gaetanvangoidsenhoven.be\/wp-content\/uploads\/2018\/11\/Photo-chauss\u00e9e-de-Ninove.png 979w, https:\/\/gaetanvangoidsenhoven.be\/wp-content\/uploads\/2018\/11\/Photo-chauss\u00e9e-de-Ninove-300x230.png 300w, https:\/\/gaetanvangoidsenhoven.be\/wp-content\/uploads\/2018\/11\/Photo-chauss\u00e9e-de-Ninove-768x590.png 768w\" sizes=\"auto, (max-width: 870px) 100vw, 870px\" \/><\/a><\/p>\n<p>&nbsp;<\/p>\n<p>&nbsp;<\/p>\n","protected":false},"excerpt":{"rendered":"<p>En r\u00e9ponse \u00e0 ma question sur le sujet, le Ministre Pascal Smet a [&hellip;]<\/p>\n","protected":false},"author":2,"featured_media":1852,"comment_status":"closed","ping_status":"open","sticky":false,"template":"","format":"standard","meta":{"ngg_post_thumbnail":0,"footnotes":""},"categories":[39,19,29],"tags":[],"class_list":["post-1851","post","type-post","status-publish","format-standard","has-post-thumbnail","hentry","category-anderlecht","category-presse","category-interpel"],"aioseo_notices":[],"_links":{"self":[{"href":"https:\/\/gaetanvangoidsenhoven.be\/index.php\/wp-json\/wp\/v2\/posts\/1851","targetHints":{"allow":["GET"]}}],"collection":[{"href":"https:\/\/gaetanvangoidsenhoven.be\/index.php\/wp-json\/wp\/v2\/posts"}],"about":[{"href":"https:\/\/gaetanvangoidsenhoven.be\/index.php\/wp-json\/wp\/v2\/types\/post"}],"author":[{"embeddable":true,"href":"https:\/\/gaetanvangoidsenhoven.be\/index.php\/wp-json\/wp\/v2\/users\/2"}],"replies":[{"embeddable":true,"href":"https:\/\/gaetanvangoidsenhoven.be\/index.php\/wp-json\/wp\/v2\/comments?post=1851"}],"version-history":[{"count":2,"href":"https:\/\/gaetanvangoidsenhoven.be\/index.php\/wp-json\/wp\/v2\/posts\/1851\/revisions"}],"predecessor-version":[{"id":1854,"href":"https:\/\/gaetanvangoidsenhoven.be\/index.php\/wp-json\/wp\/v2\/posts\/1851\/revisions\/1854"}],"wp:featuredmedia":[{"embeddable":true,"href":"https:\/\/gaetanvangoidsenhoven.be\/index.php\/wp-json\/wp\/v2\/media\/1852"}],"wp:attachment":[{"href":"https:\/\/gaetanvangoidsenhoven.be\/index.php\/wp-json\/wp\/v2\/media?parent=1851"}],"wp:term":[{"taxonomy":"category","embeddable":true,"href":"https:\/\/gaetanvangoidsenhoven.be\/index.php\/wp-json\/wp\/v2\/categories?post=1851"},{"taxonomy":"post_tag","embeddable":true,"href":"https:\/\/gaetanvangoidsenhoven.be\/index.php\/wp-json\/wp\/v2\/tags?post=1851"}],"curies":[{"name":"wp","href":"https:\/\/api.w.org\/{rel}","templated":true}]}}