{"id":1886,"date":"2018-11-21T14:55:44","date_gmt":"2018-11-21T13:55:44","guid":{"rendered":"http:\/\/gaetanvangoidsenhoven.be\/?p=1886"},"modified":"2018-11-21T14:57:46","modified_gmt":"2018-11-21T13:57:46","slug":"replique-a-la-declaration-de-politique-generale-de-la-ministre-presidente-du-gouvernement-francophone-bruxellois","status":"publish","type":"post","link":"https:\/\/gaetanvangoidsenhoven.be\/index.php\/2018\/11\/21\/replique-a-la-declaration-de-politique-generale-de-la-ministre-presidente-du-gouvernement-francophone-bruxellois\/","title":{"rendered":"R\u00e9plique \u00e0 la D\u00e9claration de Politique g\u00e9n\u00e9rale de la Ministre-Pr\u00e9sidente du Gouvernement francophone bruxellois"},"content":{"rendered":"<p>Ce vendredi 26 octobre 2018, au Parlement francophone bruxellois, je r\u00e9pliquais \u00e0 la D\u00e9claration de Politique G\u00e9n\u00e9rale de La Ministre-Pr\u00e9sidente de la Cocof, Fadila Laanan.<\/p>\n<p>\u00ab\u00a0La formation professionnelle, le sport, la coh\u00e9sion sociale ou la culture, autant de politiques de premi\u00e8re importance pour lesquelles Madame Laanan s\u2019est malheureusement souvent content\u00e9e de reprendre, parfois mot pour mot, des consid\u00e9rations qui se trouvaient d\u00e9j\u00e0 dans sa D\u00e9claration de Politique G\u00e9n\u00e9rale de l\u2019ann\u00e9e pass\u00e9e. Dans de nombreux secteurs, on peine sinc\u00e8rement \u00e0 voir le travail effectivement r\u00e9alis\u00e9\u00a0\u00bb.<\/p>\n<p><img loading=\"lazy\" decoding=\"async\" class=\"aligncenter wp-image-1887\" src=\"http:\/\/gaetanvangoidsenhoven.be\/wp-content\/uploads\/2018\/11\/GVG-DPG-26-10-18.jpg\" alt=\"\" width=\"683\" height=\"914\" srcset=\"https:\/\/gaetanvangoidsenhoven.be\/wp-content\/uploads\/2018\/11\/GVG-DPG-26-10-18.jpg 1530w, https:\/\/gaetanvangoidsenhoven.be\/wp-content\/uploads\/2018\/11\/GVG-DPG-26-10-18-224x300.jpg 224w, https:\/\/gaetanvangoidsenhoven.be\/wp-content\/uploads\/2018\/11\/GVG-DPG-26-10-18-768x1028.jpg 768w, https:\/\/gaetanvangoidsenhoven.be\/wp-content\/uploads\/2018\/11\/GVG-DPG-26-10-18-765x1024.jpg 765w\" sizes=\"auto, (max-width: 683px) 100vw, 683px\" \/><\/p>\n","protected":false},"excerpt":{"rendered":"<p>Ce vendredi 26 octobre 2018, au Parlement francophone bruxellois, je r\u00e9pliquais \u00e0 la [&hellip;]<\/p>\n","protected":false},"author":2,"featured_media":1887,"comment_status":"closed","ping_status":"open","sticky":false,"template":"","format":"standard","meta":{"ngg_post_thumbnail":0,"footnotes":""},"categories":[21],"tags":[],"class_list":["post-1886","post","type-post","status-publish","format-standard","has-post-thumbnail","hentry","category-interventions"],"aioseo_notices":[],"_links":{"self":[{"href":"https:\/\/gaetanvangoidsenhoven.be\/index.php\/wp-json\/wp\/v2\/posts\/1886","targetHints":{"allow":["GET"]}}],"collection":[{"href":"https:\/\/gaetanvangoidsenhoven.be\/index.php\/wp-json\/wp\/v2\/posts"}],"about":[{"href":"https:\/\/gaetanvangoidsenhoven.be\/index.php\/wp-json\/wp\/v2\/types\/post"}],"author":[{"embeddable":true,"href":"https:\/\/gaetanvangoidsenhoven.be\/index.php\/wp-json\/wp\/v2\/users\/2"}],"replies":[{"embeddable":true,"href":"https:\/\/gaetanvangoidsenhoven.be\/index.php\/wp-json\/wp\/v2\/comments?post=1886"}],"version-history":[{"count":3,"href":"https:\/\/gaetanvangoidsenhoven.be\/index.php\/wp-json\/wp\/v2\/posts\/1886\/revisions"}],"predecessor-version":[{"id":1890,"href":"https:\/\/gaetanvangoidsenhoven.be\/index.php\/wp-json\/wp\/v2\/posts\/1886\/revisions\/1890"}],"wp:featuredmedia":[{"embeddable":true,"href":"https:\/\/gaetanvangoidsenhoven.be\/index.php\/wp-json\/wp\/v2\/media\/1887"}],"wp:attachment":[{"href":"https:\/\/gaetanvangoidsenhoven.be\/index.php\/wp-json\/wp\/v2\/media?parent=1886"}],"wp:term":[{"taxonomy":"category","embeddable":true,"href":"https:\/\/gaetanvangoidsenhoven.be\/index.php\/wp-json\/wp\/v2\/categories?post=1886"},{"taxonomy":"post_tag","embeddable":true,"href":"https:\/\/gaetanvangoidsenhoven.be\/index.php\/wp-json\/wp\/v2\/tags?post=1886"}],"curies":[{"name":"wp","href":"https:\/\/api.w.org\/{rel}","templated":true}]}}