{"id":1950,"date":"2018-12-10T12:02:52","date_gmt":"2018-12-10T11:02:52","guid":{"rendered":"http:\/\/gaetanvangoidsenhoven.be\/?p=1950"},"modified":"2018-12-10T12:04:19","modified_gmt":"2018-12-10T11:04:19","slug":"risques-sanitaires-majeurs-imputables-aux-fientes-de-pigeons-un-bruxellois-de-57-ans-est-decede","status":"publish","type":"post","link":"https:\/\/gaetanvangoidsenhoven.be\/index.php\/2018\/12\/10\/risques-sanitaires-majeurs-imputables-aux-fientes-de-pigeons-un-bruxellois-de-57-ans-est-decede\/","title":{"rendered":"Risques sanitaires majeurs imputables aux fientes de pigeons : un Bruxellois de 57 ans est d\u00e9c\u00e9d\u00e9"},"content":{"rendered":"<p>Interpell\u00e9 par des citoyens, j&rsquo;ai pos\u00e9 cette question sur la table. Elle se situe au carrefour de la sant\u00e9 publique, de la propret\u00e9 et du bien-\u00eatre animal. Comme les pigeons ne connaissent pas les limites communales, il me semble n\u00e9cessaire que la R\u00e9gion collabore avec les commune pour trouver de solution structurelles \u00e0 la prolif\u00e9ration des pigeons dans de nombreux quartiers bruxellois.<\/p>\n<p><a href=\"http:\/\/www.dhnet.be\/actu\/belgique\/un-bruxellois-de-57-ans-decede-a-cause-de-fientes-de-pigeons-5c0962d2cd70e3d2f71a8b31?fbclid=IwAR2T-2RyUafrQXk1xjc3-LzAK7wXoMtcsfs2xc2hmI3CyuXW4T5lEyYT0vk#.XAqLvDgIQ7o.facebook\" target=\"_blank\" rel=\"noopener\">Voici<\/a> l&rsquo;article du 7 d\u00e9cembre 2018 consacr\u00e9 au sujet<\/p>\n<p>&nbsp;<\/p>\n<p><a href=\"http:\/\/www.dhnet.be\/actu\/belgique\/un-bruxellois-de-57-ans-decede-a-cause-de-fientes-de-pigeons-5c0962d2cd70e3d2f71a8b31?fbclid=IwAR2T-2RyUafrQXk1xjc3-LzAK7wXoMtcsfs2xc2hmI3CyuXW4T5lEyYT0vk#.XAqLvDgIQ7o.facebook\" target=\"_blank\" rel=\"noopener\"><img loading=\"lazy\" decoding=\"async\" class=\"aligncenter wp-image-1951\" src=\"http:\/\/gaetanvangoidsenhoven.be\/wp-content\/uploads\/2018\/12\/Pigeons.png\" alt=\"\" width=\"891\" height=\"626\" srcset=\"https:\/\/gaetanvangoidsenhoven.be\/wp-content\/uploads\/2018\/12\/Pigeons.png 1065w, https:\/\/gaetanvangoidsenhoven.be\/wp-content\/uploads\/2018\/12\/Pigeons-300x211.png 300w, https:\/\/gaetanvangoidsenhoven.be\/wp-content\/uploads\/2018\/12\/Pigeons-768x539.png 768w, https:\/\/gaetanvangoidsenhoven.be\/wp-content\/uploads\/2018\/12\/Pigeons-1024x719.png 1024w\" sizes=\"auto, (max-width: 891px) 100vw, 891px\" \/><\/a><\/p>\n","protected":false},"excerpt":{"rendered":"<p>Interpell\u00e9 par des citoyens, j&rsquo;ai pos\u00e9 cette question sur la table. Elle se [&hellip;]<\/p>\n","protected":false},"author":2,"featured_media":1951,"comment_status":"closed","ping_status":"open","sticky":false,"template":"","format":"standard","meta":{"ngg_post_thumbnail":0,"footnotes":""},"categories":[39,19,34],"tags":[],"class_list":["post-1950","post","type-post","status-publish","format-standard","has-post-thumbnail","hentry","category-anderlecht","category-presse","category-questions"],"aioseo_notices":[],"_links":{"self":[{"href":"https:\/\/gaetanvangoidsenhoven.be\/index.php\/wp-json\/wp\/v2\/posts\/1950","targetHints":{"allow":["GET"]}}],"collection":[{"href":"https:\/\/gaetanvangoidsenhoven.be\/index.php\/wp-json\/wp\/v2\/posts"}],"about":[{"href":"https:\/\/gaetanvangoidsenhoven.be\/index.php\/wp-json\/wp\/v2\/types\/post"}],"author":[{"embeddable":true,"href":"https:\/\/gaetanvangoidsenhoven.be\/index.php\/wp-json\/wp\/v2\/users\/2"}],"replies":[{"embeddable":true,"href":"https:\/\/gaetanvangoidsenhoven.be\/index.php\/wp-json\/wp\/v2\/comments?post=1950"}],"version-history":[{"count":2,"href":"https:\/\/gaetanvangoidsenhoven.be\/index.php\/wp-json\/wp\/v2\/posts\/1950\/revisions"}],"predecessor-version":[{"id":1953,"href":"https:\/\/gaetanvangoidsenhoven.be\/index.php\/wp-json\/wp\/v2\/posts\/1950\/revisions\/1953"}],"wp:featuredmedia":[{"embeddable":true,"href":"https:\/\/gaetanvangoidsenhoven.be\/index.php\/wp-json\/wp\/v2\/media\/1951"}],"wp:attachment":[{"href":"https:\/\/gaetanvangoidsenhoven.be\/index.php\/wp-json\/wp\/v2\/media?parent=1950"}],"wp:term":[{"taxonomy":"category","embeddable":true,"href":"https:\/\/gaetanvangoidsenhoven.be\/index.php\/wp-json\/wp\/v2\/categories?post=1950"},{"taxonomy":"post_tag","embeddable":true,"href":"https:\/\/gaetanvangoidsenhoven.be\/index.php\/wp-json\/wp\/v2\/tags?post=1950"}],"curies":[{"name":"wp","href":"https:\/\/api.w.org\/{rel}","templated":true}]}}