{"id":2051,"date":"2019-02-10T13:35:07","date_gmt":"2019-02-10T12:35:07","guid":{"rendered":"http:\/\/gaetanvangoidsenhoven.be\/?p=2051"},"modified":"2019-02-10T13:35:07","modified_gmt":"2019-02-10T12:35:07","slug":"proliferation-de-rats-au-parc-des-etangs-interpellation-du-conseil-communal","status":"publish","type":"post","link":"https:\/\/gaetanvangoidsenhoven.be\/index.php\/2019\/02\/10\/proliferation-de-rats-au-parc-des-etangs-interpellation-du-conseil-communal\/","title":{"rendered":"Prolif\u00e9ration de rats au parc des Etangs : interpellation du Conseil communal"},"content":{"rendered":"<p>A la demande d&rsquo;habitants, j&rsquo;ai adress\u00e9 une question au Coll\u00e8ge en vue de trouver une solution \u00e0 cette probl\u00e9matique.<\/p>\n<p><a href=\"https:\/\/www.lacapitale.be\/336626\/article\/2019-01-23\/les-rats-proliferent-au-parc-des-etangs-anderlecht?fbclid=IwAR30mOgGoJA--q5_FAh88U0Ru_-DOEIb7EObZ8YTTrn98hozAJbBFMCpvrg\" target=\"_blank\" rel=\"noopener\"><img loading=\"lazy\" decoding=\"async\" class=\"aligncenter wp-image-2052 size-full\" src=\"http:\/\/gaetanvangoidsenhoven.be\/wp-content\/uploads\/2019\/02\/Image-rats-parc-des-etangs.png\" alt=\"\" width=\"513\" height=\"503\" srcset=\"https:\/\/gaetanvangoidsenhoven.be\/wp-content\/uploads\/2019\/02\/Image-rats-parc-des-etangs.png 513w, https:\/\/gaetanvangoidsenhoven.be\/wp-content\/uploads\/2019\/02\/Image-rats-parc-des-etangs-300x294.png 300w, https:\/\/gaetanvangoidsenhoven.be\/wp-content\/uploads\/2019\/02\/Image-rats-parc-des-etangs-53x53.png 53w\" sizes=\"auto, (max-width: 513px) 100vw, 513px\" \/><\/a><\/p>\n","protected":false},"excerpt":{"rendered":"<p>A la demande d&rsquo;habitants, j&rsquo;ai adress\u00e9 une question au Coll\u00e8ge en vue de [&hellip;]<\/p>\n","protected":false},"author":2,"featured_media":2052,"comment_status":"closed","ping_status":"open","sticky":false,"template":"","format":"standard","meta":{"ngg_post_thumbnail":0,"footnotes":""},"categories":[39],"tags":[],"class_list":["post-2051","post","type-post","status-publish","format-standard","has-post-thumbnail","hentry","category-anderlecht"],"aioseo_notices":[],"_links":{"self":[{"href":"https:\/\/gaetanvangoidsenhoven.be\/index.php\/wp-json\/wp\/v2\/posts\/2051","targetHints":{"allow":["GET"]}}],"collection":[{"href":"https:\/\/gaetanvangoidsenhoven.be\/index.php\/wp-json\/wp\/v2\/posts"}],"about":[{"href":"https:\/\/gaetanvangoidsenhoven.be\/index.php\/wp-json\/wp\/v2\/types\/post"}],"author":[{"embeddable":true,"href":"https:\/\/gaetanvangoidsenhoven.be\/index.php\/wp-json\/wp\/v2\/users\/2"}],"replies":[{"embeddable":true,"href":"https:\/\/gaetanvangoidsenhoven.be\/index.php\/wp-json\/wp\/v2\/comments?post=2051"}],"version-history":[{"count":1,"href":"https:\/\/gaetanvangoidsenhoven.be\/index.php\/wp-json\/wp\/v2\/posts\/2051\/revisions"}],"predecessor-version":[{"id":2053,"href":"https:\/\/gaetanvangoidsenhoven.be\/index.php\/wp-json\/wp\/v2\/posts\/2051\/revisions\/2053"}],"wp:featuredmedia":[{"embeddable":true,"href":"https:\/\/gaetanvangoidsenhoven.be\/index.php\/wp-json\/wp\/v2\/media\/2052"}],"wp:attachment":[{"href":"https:\/\/gaetanvangoidsenhoven.be\/index.php\/wp-json\/wp\/v2\/media?parent=2051"}],"wp:term":[{"taxonomy":"category","embeddable":true,"href":"https:\/\/gaetanvangoidsenhoven.be\/index.php\/wp-json\/wp\/v2\/categories?post=2051"},{"taxonomy":"post_tag","embeddable":true,"href":"https:\/\/gaetanvangoidsenhoven.be\/index.php\/wp-json\/wp\/v2\/tags?post=2051"}],"curies":[{"name":"wp","href":"https:\/\/api.w.org\/{rel}","templated":true}]}}