{"id":2056,"date":"2019-02-10T13:47:58","date_gmt":"2019-02-10T12:47:58","guid":{"rendered":"http:\/\/gaetanvangoidsenhoven.be\/?p=2056"},"modified":"2019-02-10T13:47:58","modified_gmt":"2019-02-10T12:47:58","slug":"ma-proposition-pour-linstauration-dun-bureau-daccueil-des-primo-arrivants-a-anderlecht","status":"publish","type":"post","link":"https:\/\/gaetanvangoidsenhoven.be\/index.php\/2019\/02\/10\/ma-proposition-pour-linstauration-dun-bureau-daccueil-des-primo-arrivants-a-anderlecht\/","title":{"rendered":"Ma proposition pour l&rsquo;instauration d&rsquo;un bureau d&rsquo;accueil des primo-arrivants \u00e0 Anderlecht !"},"content":{"rendered":"<p>Je suis heureux que ma proposition&nbsp;concernant la possibilit\u00e9 d&rsquo;accueillir un bureau d&rsquo;accueil pour Primo-Arrivants ait \u00e9t\u00e9 vot\u00e9e \u00e0 l&rsquo;unanimit\u00e9 au Coll\u00e8ge d&rsquo;Anderlecht ! Nous voyons qu&rsquo;il est encore possible de mener une opposition politique constructive, forte de propositions concr\u00e8tes.&nbsp;<\/p>\n<p><a href=\"https:\/\/www.dhnet.be\/regions\/bruxelles\/anderlecht-la-commune-souhaite-disposer-d-un-bureau-d-accueil-pour-primo-arrivants-5c4b427d7b50a60724f8a5e1?fbclid=IwAR2AQaonkAWCZLgw_Bl507bNfvQUIo2w4T4srspORwBv2OcOvwAhpzyQfeI#.XEt4luE8Cs4.messenger\" target=\"_blank\" rel=\"noopener\">Voici<\/a> l&rsquo;article de la DH du 25 janvier.<\/p>\n<p><a href=\"https:\/\/www.dhnet.be\/regions\/bruxelles\/anderlecht-la-commune-souhaite-disposer-d-un-bureau-d-accueil-pour-primo-arrivants-5c4b427d7b50a60724f8a5e1?fbclid=IwAR2AQaonkAWCZLgw_Bl507bNfvQUIo2w4T4srspORwBv2OcOvwAhpzyQfeI#.XEt4luE8Cs4.messenger\" target=\"_blank\" rel=\"noopener\"><img loading=\"lazy\" decoding=\"async\" class=\"aligncenter wp-image-2060 size-full\" src=\"http:\/\/gaetanvangoidsenhoven.be\/wp-content\/uploads\/2019\/02\/Image-BAPA-Anderlecht.png\" alt=\"\" width=\"730\" height=\"523\" srcset=\"https:\/\/gaetanvangoidsenhoven.be\/wp-content\/uploads\/2019\/02\/Image-BAPA-Anderlecht.png 730w, https:\/\/gaetanvangoidsenhoven.be\/wp-content\/uploads\/2019\/02\/Image-BAPA-Anderlecht-300x215.png 300w\" sizes=\"auto, (max-width: 730px) 100vw, 730px\" \/><\/a><\/p>\n","protected":false},"excerpt":{"rendered":"<p>Je suis heureux que ma proposition&nbsp;concernant la possibilit\u00e9 d&rsquo;accueillir un bureau d&rsquo;accueil pour [&hellip;]<\/p>\n","protected":false},"author":2,"featured_media":2060,"comment_status":"closed","ping_status":"open","sticky":false,"template":"","format":"standard","meta":{"ngg_post_thumbnail":0,"footnotes":""},"categories":[39,19],"tags":[],"class_list":["post-2056","post","type-post","status-publish","format-standard","has-post-thumbnail","hentry","category-anderlecht","category-presse"],"aioseo_notices":[],"_links":{"self":[{"href":"https:\/\/gaetanvangoidsenhoven.be\/index.php\/wp-json\/wp\/v2\/posts\/2056","targetHints":{"allow":["GET"]}}],"collection":[{"href":"https:\/\/gaetanvangoidsenhoven.be\/index.php\/wp-json\/wp\/v2\/posts"}],"about":[{"href":"https:\/\/gaetanvangoidsenhoven.be\/index.php\/wp-json\/wp\/v2\/types\/post"}],"author":[{"embeddable":true,"href":"https:\/\/gaetanvangoidsenhoven.be\/index.php\/wp-json\/wp\/v2\/users\/2"}],"replies":[{"embeddable":true,"href":"https:\/\/gaetanvangoidsenhoven.be\/index.php\/wp-json\/wp\/v2\/comments?post=2056"}],"version-history":[{"count":1,"href":"https:\/\/gaetanvangoidsenhoven.be\/index.php\/wp-json\/wp\/v2\/posts\/2056\/revisions"}],"predecessor-version":[{"id":2061,"href":"https:\/\/gaetanvangoidsenhoven.be\/index.php\/wp-json\/wp\/v2\/posts\/2056\/revisions\/2061"}],"wp:featuredmedia":[{"embeddable":true,"href":"https:\/\/gaetanvangoidsenhoven.be\/index.php\/wp-json\/wp\/v2\/media\/2060"}],"wp:attachment":[{"href":"https:\/\/gaetanvangoidsenhoven.be\/index.php\/wp-json\/wp\/v2\/media?parent=2056"}],"wp:term":[{"taxonomy":"category","embeddable":true,"href":"https:\/\/gaetanvangoidsenhoven.be\/index.php\/wp-json\/wp\/v2\/categories?post=2056"},{"taxonomy":"post_tag","embeddable":true,"href":"https:\/\/gaetanvangoidsenhoven.be\/index.php\/wp-json\/wp\/v2\/tags?post=2056"}],"curies":[{"name":"wp","href":"https:\/\/api.w.org\/{rel}","templated":true}]}}