{"id":2059,"date":"2019-02-10T13:54:46","date_gmt":"2019-02-10T12:54:46","guid":{"rendered":"http:\/\/gaetanvangoidsenhoven.be\/?p=2059"},"modified":"2019-02-10T13:54:46","modified_gmt":"2019-02-10T12:54:46","slug":"nouvelle-note-de-politique-generale-a-anderlecht-un-manque-de-leadership-flagrant","status":"publish","type":"post","link":"https:\/\/gaetanvangoidsenhoven.be\/index.php\/2019\/02\/10\/nouvelle-note-de-politique-generale-a-anderlecht-un-manque-de-leadership-flagrant\/","title":{"rendered":"Nouvelle note de politique g\u00e9n\u00e9rale \u00e0 Anderlecht : un manque de leadership flagrant"},"content":{"rendered":"<p>Dans <a href=\"https:\/\/www.lacapitale.be\/337978\/article\/2019-01-25\/avec-un-maieur-en-prepension-il-ny-un-manque-de-leadership?fbclid=IwAR3N8ZoyAiQlDjmTIHrUN1CYuFR2C8w0mSwZT_DHtKgz7HTYRXP3vlFVAI0\" target=\"_blank\" rel=\"noopener\">\u00ab\u00a0La Capitale\u00a0\u00bb<\/a> de ce samedi, mon opinion sur la note de politique g\u00e9n\u00e9rale de la nouvelle majorit\u00e9 anderlechtoise.<\/p>\n<p><a href=\"https:\/\/www.lacapitale.be\/337978\/article\/2019-01-25\/avec-un-maieur-en-prepension-il-ny-un-manque-de-leadership?fbclid=IwAR3N8ZoyAiQlDjmTIHrUN1CYuFR2C8w0mSwZT_DHtKgz7HTYRXP3vlFVAI0\" target=\"_blank\" rel=\"noopener\"><img loading=\"lazy\" decoding=\"async\" class=\"aligncenter wp-image-2063\" src=\"http:\/\/gaetanvangoidsenhoven.be\/wp-content\/uploads\/2019\/02\/Image-note-politique-g\u00e9n\u00e9rale-1070.png\" alt=\"\" width=\"451\" height=\"448\" srcset=\"https:\/\/gaetanvangoidsenhoven.be\/wp-content\/uploads\/2019\/02\/Image-note-politique-g\u00e9n\u00e9rale-1070.png 510w, https:\/\/gaetanvangoidsenhoven.be\/wp-content\/uploads\/2019\/02\/Image-note-politique-g\u00e9n\u00e9rale-1070-150x150.png 150w, https:\/\/gaetanvangoidsenhoven.be\/wp-content\/uploads\/2019\/02\/Image-note-politique-g\u00e9n\u00e9rale-1070-300x298.png 300w, https:\/\/gaetanvangoidsenhoven.be\/wp-content\/uploads\/2019\/02\/Image-note-politique-g\u00e9n\u00e9rale-1070-53x53.png 53w, https:\/\/gaetanvangoidsenhoven.be\/wp-content\/uploads\/2019\/02\/Image-note-politique-g\u00e9n\u00e9rale-1070-85x85.png 85w\" sizes=\"auto, (max-width: 451px) 100vw, 451px\" \/><\/a><\/p>\n","protected":false},"excerpt":{"rendered":"<p>Dans \u00ab\u00a0La Capitale\u00a0\u00bb de ce samedi, mon opinion sur la note de politique [&hellip;]<\/p>\n","protected":false},"author":2,"featured_media":2063,"comment_status":"closed","ping_status":"open","sticky":false,"template":"","format":"standard","meta":{"ngg_post_thumbnail":0,"footnotes":""},"categories":[39],"tags":[],"class_list":["post-2059","post","type-post","status-publish","format-standard","has-post-thumbnail","hentry","category-anderlecht"],"aioseo_notices":[],"_links":{"self":[{"href":"https:\/\/gaetanvangoidsenhoven.be\/index.php\/wp-json\/wp\/v2\/posts\/2059","targetHints":{"allow":["GET"]}}],"collection":[{"href":"https:\/\/gaetanvangoidsenhoven.be\/index.php\/wp-json\/wp\/v2\/posts"}],"about":[{"href":"https:\/\/gaetanvangoidsenhoven.be\/index.php\/wp-json\/wp\/v2\/types\/post"}],"author":[{"embeddable":true,"href":"https:\/\/gaetanvangoidsenhoven.be\/index.php\/wp-json\/wp\/v2\/users\/2"}],"replies":[{"embeddable":true,"href":"https:\/\/gaetanvangoidsenhoven.be\/index.php\/wp-json\/wp\/v2\/comments?post=2059"}],"version-history":[{"count":1,"href":"https:\/\/gaetanvangoidsenhoven.be\/index.php\/wp-json\/wp\/v2\/posts\/2059\/revisions"}],"predecessor-version":[{"id":2065,"href":"https:\/\/gaetanvangoidsenhoven.be\/index.php\/wp-json\/wp\/v2\/posts\/2059\/revisions\/2065"}],"wp:featuredmedia":[{"embeddable":true,"href":"https:\/\/gaetanvangoidsenhoven.be\/index.php\/wp-json\/wp\/v2\/media\/2063"}],"wp:attachment":[{"href":"https:\/\/gaetanvangoidsenhoven.be\/index.php\/wp-json\/wp\/v2\/media?parent=2059"}],"wp:term":[{"taxonomy":"category","embeddable":true,"href":"https:\/\/gaetanvangoidsenhoven.be\/index.php\/wp-json\/wp\/v2\/categories?post=2059"},{"taxonomy":"post_tag","embeddable":true,"href":"https:\/\/gaetanvangoidsenhoven.be\/index.php\/wp-json\/wp\/v2\/tags?post=2059"}],"curies":[{"name":"wp","href":"https:\/\/api.w.org\/{rel}","templated":true}]}}