{"id":2068,"date":"2019-02-10T14:03:38","date_gmt":"2019-02-10T13:03:38","guid":{"rendered":"http:\/\/gaetanvangoidsenhoven.be\/?p=2068"},"modified":"2019-02-10T14:03:38","modified_gmt":"2019-02-10T13:03:38","slug":"satisfait-davoir-pu-soutenir-le-westland-dans-leur-futur-projet","status":"publish","type":"post","link":"https:\/\/gaetanvangoidsenhoven.be\/index.php\/2019\/02\/10\/satisfait-davoir-pu-soutenir-le-westland-dans-leur-futur-projet\/","title":{"rendered":"Satisfait d&rsquo;avoir pu soutenir le Westland dans leur futur projet !"},"content":{"rendered":"<p>Je les ai accompagn\u00e9s dans le cadre de leurs demandes de permis, en vue de voir \u00e9merger le meilleur projet possible. J&rsquo;ai \u00e9galement insist\u00e9 afin que cette mue prenne tout son sens au travers d&rsquo;une attention particuli\u00e8re apport\u00e9e \u00e0 la qualit\u00e9 et \u00e0 la diversit\u00e9 des commerces implant\u00e9s.<\/p>\n<p>J&rsquo;esp\u00e8re avoir \u00e9t\u00e9 entendu car les qualit\u00e9s d&rsquo;am\u00e9nagement ne peuvent rem\u00e9dier \u00e0 une offre commerciale m\u00e9diocre.<\/p>\n<p><a href=\"https:\/\/www.lalibre.be\/economie\/libre-entreprise\/le-westland-shopping-entamera-sa-renovation-fin-mars-pour-devenir-un-lieu-de-vie-video-5c51cde17b50a607243082aa?fbclid=IwAR36Q93GoFwWmear2YDxoz6V_ZcIlp4cj8MZePycwamQfu-JYxn9hkcL5o4#.XFHh0_fSnk0.facebook\" target=\"_blank\" rel=\"noopener\"><img loading=\"lazy\" decoding=\"async\" class=\"aligncenter wp-image-2070\" src=\"http:\/\/gaetanvangoidsenhoven.be\/wp-content\/uploads\/2019\/02\/Westland-janvier-2019.png\" alt=\"\" width=\"630\" height=\"438\" srcset=\"https:\/\/gaetanvangoidsenhoven.be\/wp-content\/uploads\/2019\/02\/Westland-janvier-2019.png 728w, https:\/\/gaetanvangoidsenhoven.be\/wp-content\/uploads\/2019\/02\/Westland-janvier-2019-300x209.png 300w\" sizes=\"auto, (max-width: 630px) 100vw, 630px\" \/><\/a><\/p>\n","protected":false},"excerpt":{"rendered":"<p>Je les ai accompagn\u00e9s dans le cadre de leurs demandes de permis, en [&hellip;]<\/p>\n","protected":false},"author":2,"featured_media":2070,"comment_status":"closed","ping_status":"open","sticky":false,"template":"","format":"standard","meta":{"ngg_post_thumbnail":0,"footnotes":""},"categories":[39,19],"tags":[],"class_list":["post-2068","post","type-post","status-publish","format-standard","has-post-thumbnail","hentry","category-anderlecht","category-presse"],"aioseo_notices":[],"_links":{"self":[{"href":"https:\/\/gaetanvangoidsenhoven.be\/index.php\/wp-json\/wp\/v2\/posts\/2068","targetHints":{"allow":["GET"]}}],"collection":[{"href":"https:\/\/gaetanvangoidsenhoven.be\/index.php\/wp-json\/wp\/v2\/posts"}],"about":[{"href":"https:\/\/gaetanvangoidsenhoven.be\/index.php\/wp-json\/wp\/v2\/types\/post"}],"author":[{"embeddable":true,"href":"https:\/\/gaetanvangoidsenhoven.be\/index.php\/wp-json\/wp\/v2\/users\/2"}],"replies":[{"embeddable":true,"href":"https:\/\/gaetanvangoidsenhoven.be\/index.php\/wp-json\/wp\/v2\/comments?post=2068"}],"version-history":[{"count":1,"href":"https:\/\/gaetanvangoidsenhoven.be\/index.php\/wp-json\/wp\/v2\/posts\/2068\/revisions"}],"predecessor-version":[{"id":2071,"href":"https:\/\/gaetanvangoidsenhoven.be\/index.php\/wp-json\/wp\/v2\/posts\/2068\/revisions\/2071"}],"wp:featuredmedia":[{"embeddable":true,"href":"https:\/\/gaetanvangoidsenhoven.be\/index.php\/wp-json\/wp\/v2\/media\/2070"}],"wp:attachment":[{"href":"https:\/\/gaetanvangoidsenhoven.be\/index.php\/wp-json\/wp\/v2\/media?parent=2068"}],"wp:term":[{"taxonomy":"category","embeddable":true,"href":"https:\/\/gaetanvangoidsenhoven.be\/index.php\/wp-json\/wp\/v2\/categories?post=2068"},{"taxonomy":"post_tag","embeddable":true,"href":"https:\/\/gaetanvangoidsenhoven.be\/index.php\/wp-json\/wp\/v2\/tags?post=2068"}],"curies":[{"name":"wp","href":"https:\/\/api.w.org\/{rel}","templated":true}]}}