{"id":2129,"date":"2019-03-20T17:14:17","date_gmt":"2019-03-20T16:14:17","guid":{"rendered":"http:\/\/gaetanvangoidsenhoven.be\/?p=2129"},"modified":"2019-03-20T17:14:17","modified_gmt":"2019-03-20T16:14:17","slug":"le-boulevard-sylvain-dupuis-voirie-regionale-dont-la-dangerosite-continue-malheureusement-a-provoquer-de-graves-accidents","status":"publish","type":"post","link":"https:\/\/gaetanvangoidsenhoven.be\/index.php\/2019\/03\/20\/le-boulevard-sylvain-dupuis-voirie-regionale-dont-la-dangerosite-continue-malheureusement-a-provoquer-de-graves-accidents\/","title":{"rendered":"Le boulevard Sylvain Dupuis : voirie r\u00e9gionale dont la dangerosit\u00e9 continue malheureusement \u00e0 provoquer de graves accidents"},"content":{"rendered":"<p>Cela fait des ann\u00e9es que l&rsquo;am\u00e9nagement de cette voirie r\u00e9gionale provoque de graves accidents.<\/p>\n<p>J&rsquo;ai interpell\u00e9 le Ministre Pascal Smet pour savoir quelles dispositions il comptait prendre pour endiguer cette situation.<\/p>\n<p>Voici <a href=\"https:\/\/www.dhnet.be\/regions\/bruxelles\/bruxelles-mobilite\/anderlecht-suite-au-dernier-crash-les-riverains-denoncent-la-dangerosite-devant-le-westland-5c90059b9978e2710eec6c2f?fbclid=IwAR1Wu466HUrCnrT5P8OSgSTN-j66xf8rSkDgbxZJw4W1m-EXG_T2PHBzMLM#.XJDp5O1E3Ic.facebook\" target=\"_blank\" rel=\"noopener\">l&rsquo;article<\/a> de la DH du 19 mars consacr\u00e9 au sujet.<\/p>\n<p>&nbsp;<\/p>\n<p><a href=\"https:\/\/www.dhnet.be\/regions\/bruxelles\/bruxelles-mobilite\/anderlecht-suite-au-dernier-crash-les-riverains-denoncent-la-dangerosite-devant-le-westland-5c90059b9978e2710eec6c2f?fbclid=IwAR1Wu466HUrCnrT5P8OSgSTN-j66xf8rSkDgbxZJw4W1m-EXG_T2PHBzMLM#.XJDp5O1E3Ic.facebook\" target=\"_blank\" rel=\"noopener\"><img loading=\"lazy\" decoding=\"async\" class=\"aligncenter wp-image-2130 size-full\" src=\"http:\/\/gaetanvangoidsenhoven.be\/wp-content\/uploads\/2019\/03\/Crash-westland-photo.png\" alt=\"\" width=\"953\" height=\"669\" srcset=\"https:\/\/gaetanvangoidsenhoven.be\/wp-content\/uploads\/2019\/03\/Crash-westland-photo.png 953w, https:\/\/gaetanvangoidsenhoven.be\/wp-content\/uploads\/2019\/03\/Crash-westland-photo-300x211.png 300w, https:\/\/gaetanvangoidsenhoven.be\/wp-content\/uploads\/2019\/03\/Crash-westland-photo-768x539.png 768w\" sizes=\"auto, (max-width: 953px) 100vw, 953px\" \/><\/a><\/p>\n","protected":false},"excerpt":{"rendered":"<p>Cela fait des ann\u00e9es que l&rsquo;am\u00e9nagement de cette voirie r\u00e9gionale provoque de graves [&hellip;]<\/p>\n","protected":false},"author":2,"featured_media":2130,"comment_status":"closed","ping_status":"open","sticky":false,"template":"","format":"standard","meta":{"ngg_post_thumbnail":0,"footnotes":""},"categories":[39,19,29],"tags":[],"class_list":["post-2129","post","type-post","status-publish","format-standard","has-post-thumbnail","hentry","category-anderlecht","category-presse","category-interpel"],"aioseo_notices":[],"_links":{"self":[{"href":"https:\/\/gaetanvangoidsenhoven.be\/index.php\/wp-json\/wp\/v2\/posts\/2129","targetHints":{"allow":["GET"]}}],"collection":[{"href":"https:\/\/gaetanvangoidsenhoven.be\/index.php\/wp-json\/wp\/v2\/posts"}],"about":[{"href":"https:\/\/gaetanvangoidsenhoven.be\/index.php\/wp-json\/wp\/v2\/types\/post"}],"author":[{"embeddable":true,"href":"https:\/\/gaetanvangoidsenhoven.be\/index.php\/wp-json\/wp\/v2\/users\/2"}],"replies":[{"embeddable":true,"href":"https:\/\/gaetanvangoidsenhoven.be\/index.php\/wp-json\/wp\/v2\/comments?post=2129"}],"version-history":[{"count":1,"href":"https:\/\/gaetanvangoidsenhoven.be\/index.php\/wp-json\/wp\/v2\/posts\/2129\/revisions"}],"predecessor-version":[{"id":2131,"href":"https:\/\/gaetanvangoidsenhoven.be\/index.php\/wp-json\/wp\/v2\/posts\/2129\/revisions\/2131"}],"wp:featuredmedia":[{"embeddable":true,"href":"https:\/\/gaetanvangoidsenhoven.be\/index.php\/wp-json\/wp\/v2\/media\/2130"}],"wp:attachment":[{"href":"https:\/\/gaetanvangoidsenhoven.be\/index.php\/wp-json\/wp\/v2\/media?parent=2129"}],"wp:term":[{"taxonomy":"category","embeddable":true,"href":"https:\/\/gaetanvangoidsenhoven.be\/index.php\/wp-json\/wp\/v2\/categories?post=2129"},{"taxonomy":"post_tag","embeddable":true,"href":"https:\/\/gaetanvangoidsenhoven.be\/index.php\/wp-json\/wp\/v2\/tags?post=2129"}],"curies":[{"name":"wp","href":"https:\/\/api.w.org\/{rel}","templated":true}]}}