{"id":2145,"date":"2019-04-11T20:28:39","date_gmt":"2019-04-11T19:28:39","guid":{"rendered":"http:\/\/gaetanvangoidsenhoven.be\/?p=2145"},"modified":"2019-04-11T20:30:28","modified_gmt":"2019-04-11T19:30:28","slug":"citydev-lorganisme-regional-charge-de-la-renovation-urbaine-laisse-de-cote-certains-biens-abandonnes-depuis-plus-de-dix-ans","status":"publish","type":"post","link":"https:\/\/gaetanvangoidsenhoven.be\/index.php\/2019\/04\/11\/citydev-lorganisme-regional-charge-de-la-renovation-urbaine-laisse-de-cote-certains-biens-abandonnes-depuis-plus-de-dix-ans\/","title":{"rendered":"Citydev, l&rsquo;organisme r\u00e9gional charg\u00e9 de la r\u00e9novation urbaine, d\u00e9laisse certains biens abandonn\u00e9s depuis plus de dix ans !"},"content":{"rendered":"<p>La ferme du Meylemeersch, propri\u00e9t\u00e9 de l&rsquo;organisme r\u00e9gional Citydev, demeure d\u00e9sesp\u00e9r\u00e9ment \u00e0 l&rsquo;abandon.<\/p>\n<p>Comme je le souligne dans cet <a href=\"https:\/\/www.dhnet.be\/regions\/bruxelles\/anderlecht-la-ferme-du-meylemeersch-dans-la-vallee-du-vogelzangbeek-a-l-abandon-5cadd1a57b50a60b45a3d724\" target=\"_blank\" rel=\"noopener\">article<\/a> de la DH, c&rsquo;est en quelque sorte le contre-exemple parfait de bonne gestion publique d&rsquo;un bien immobilier !<\/p>\n<p><a href=\"https:\/\/www.dhnet.be\/regions\/bruxelles\/anderlecht-la-ferme-du-meylemeersch-dans-la-vallee-du-vogelzangbeek-a-l-abandon-5cadd1a57b50a60b45a3d724\" target=\"_blank\" rel=\"noopener\"><img loading=\"lazy\" decoding=\"async\" class=\"wp-image-2146 alignleft\" src=\"http:\/\/gaetanvangoidsenhoven.be\/wp-content\/uploads\/2019\/04\/Ferme-Meylemeersch.png\" alt=\"\" width=\"938\" height=\"744\" srcset=\"https:\/\/gaetanvangoidsenhoven.be\/wp-content\/uploads\/2019\/04\/Ferme-Meylemeersch.png 975w, https:\/\/gaetanvangoidsenhoven.be\/wp-content\/uploads\/2019\/04\/Ferme-Meylemeersch-300x238.png 300w, https:\/\/gaetanvangoidsenhoven.be\/wp-content\/uploads\/2019\/04\/Ferme-Meylemeersch-768x609.png 768w\" sizes=\"auto, (max-width: 938px) 100vw, 938px\" \/><\/a><\/p>\n<p>&nbsp;<\/p>\n","protected":false},"excerpt":{"rendered":"<p>La ferme du Meylemeersch, propri\u00e9t\u00e9 de l&rsquo;organisme r\u00e9gional Citydev, demeure d\u00e9sesp\u00e9r\u00e9ment \u00e0 l&rsquo;abandon. [&hellip;]<\/p>\n","protected":false},"author":2,"featured_media":2146,"comment_status":"closed","ping_status":"open","sticky":false,"template":"","format":"standard","meta":{"ngg_post_thumbnail":0,"footnotes":""},"categories":[39,19,34],"tags":[],"class_list":["post-2145","post","type-post","status-publish","format-standard","has-post-thumbnail","hentry","category-anderlecht","category-presse","category-questions"],"aioseo_notices":[],"_links":{"self":[{"href":"https:\/\/gaetanvangoidsenhoven.be\/index.php\/wp-json\/wp\/v2\/posts\/2145","targetHints":{"allow":["GET"]}}],"collection":[{"href":"https:\/\/gaetanvangoidsenhoven.be\/index.php\/wp-json\/wp\/v2\/posts"}],"about":[{"href":"https:\/\/gaetanvangoidsenhoven.be\/index.php\/wp-json\/wp\/v2\/types\/post"}],"author":[{"embeddable":true,"href":"https:\/\/gaetanvangoidsenhoven.be\/index.php\/wp-json\/wp\/v2\/users\/2"}],"replies":[{"embeddable":true,"href":"https:\/\/gaetanvangoidsenhoven.be\/index.php\/wp-json\/wp\/v2\/comments?post=2145"}],"version-history":[{"count":3,"href":"https:\/\/gaetanvangoidsenhoven.be\/index.php\/wp-json\/wp\/v2\/posts\/2145\/revisions"}],"predecessor-version":[{"id":2149,"href":"https:\/\/gaetanvangoidsenhoven.be\/index.php\/wp-json\/wp\/v2\/posts\/2145\/revisions\/2149"}],"wp:featuredmedia":[{"embeddable":true,"href":"https:\/\/gaetanvangoidsenhoven.be\/index.php\/wp-json\/wp\/v2\/media\/2146"}],"wp:attachment":[{"href":"https:\/\/gaetanvangoidsenhoven.be\/index.php\/wp-json\/wp\/v2\/media?parent=2145"}],"wp:term":[{"taxonomy":"category","embeddable":true,"href":"https:\/\/gaetanvangoidsenhoven.be\/index.php\/wp-json\/wp\/v2\/categories?post=2145"},{"taxonomy":"post_tag","embeddable":true,"href":"https:\/\/gaetanvangoidsenhoven.be\/index.php\/wp-json\/wp\/v2\/tags?post=2145"}],"curies":[{"name":"wp","href":"https:\/\/api.w.org\/{rel}","templated":true}]}}