{"id":2399,"date":"2020-01-23T18:49:26","date_gmt":"2020-01-23T17:49:26","guid":{"rendered":"http:\/\/gaetanvangoidsenhoven.be\/?p=2399"},"modified":"2020-01-24T17:54:49","modified_gmt":"2020-01-24T16:54:49","slug":"le-visage-de-bruxelles-risque-de-profondement-changer-pour-un-moratoire-sur-les-tours-des-pad","status":"publish","type":"post","link":"https:\/\/gaetanvangoidsenhoven.be\/index.php\/2020\/01\/23\/le-visage-de-bruxelles-risque-de-profondement-changer-pour-un-moratoire-sur-les-tours-des-pad\/","title":{"rendered":"Le visage de Bruxelles risque de profond\u00e9ment changer : pour un moratoire sur les tours des PAD"},"content":{"rendered":"<p><img loading=\"lazy\" decoding=\"async\" class=\"aligncenter wp-image-2402\" src=\"http:\/\/gaetanvangoidsenhoven.be\/wp-content\/uploads\/2020\/01\/Photo-GCDB-GVG-PAD.png\" alt=\"\" width=\"952\" height=\"476\" srcset=\"https:\/\/gaetanvangoidsenhoven.be\/wp-content\/uploads\/2020\/01\/Photo-GCDB-GVG-PAD.png 1120w, https:\/\/gaetanvangoidsenhoven.be\/wp-content\/uploads\/2020\/01\/Photo-GCDB-GVG-PAD-300x150.png 300w, https:\/\/gaetanvangoidsenhoven.be\/wp-content\/uploads\/2020\/01\/Photo-GCDB-GVG-PAD-768x384.png 768w, https:\/\/gaetanvangoidsenhoven.be\/wp-content\/uploads\/2020\/01\/Photo-GCDB-GVG-PAD-1024x512.png 1024w, https:\/\/gaetanvangoidsenhoven.be\/wp-content\/uploads\/2020\/01\/Photo-GCDB-GVG-PAD-570x285.png 570w\" sizes=\"auto, (max-width: 952px) 100vw, 952px\" \/><\/p>\n<p>&nbsp;<\/p>\n<p><span class=\"_5mfr\"><span class=\"_6qdm\">&#x2757;<\/span><\/span>&nbsp;Il est encore temps d&rsquo;agir avant de risquer une grave d\u00e9t\u00e9rioration de la qualit\u00e9 de vie des Bruxellois(es).<\/p>\n<p>Les projets de PAD (plan d&rsquo;am\u00e9nagement directeur) qui reconfigureront notre R\u00e9gion sont entr\u00e9s dans la derni\u00e8re phase avant une possible adoption d\u00e9finitive par le&nbsp;<a class=\"_58cn\" href=\"https:\/\/www.facebook.com\/hashtag\/gouvernementbruxellois?epa=HASHTAG\" data-ft=\"{&quot;type&quot;:104,&quot;tn&quot;:&quot;*N&quot;}\">#gouvernementbruxellois<\/a>.<\/p>\n<p>Ces projets urbains pharaoniques vont profond\u00e9ment bouleverser l&rsquo;\u00e9quilibre de quartiers \u00e0&nbsp;<a class=\"_58cn\" href=\"https:\/\/www.facebook.com\/hashtag\/schaerbeek?epa=HASHTAG\" data-ft=\"{&quot;type&quot;:104,&quot;tn&quot;:&quot;*N&quot;}\">#Schaer<span class=\"text_exposed_show\">beek<\/span><\/a><span class=\"text_exposed_show\">,&nbsp;<a class=\"_58cn\" href=\"https:\/\/www.facebook.com\/hashtag\/evere?epa=HASHTAG\" data-ft=\"{&quot;type&quot;:104,&quot;tn&quot;:&quot;*N&quot;}\">#Evere<\/a>,&nbsp;<a class=\"_58cn\" href=\"https:\/\/www.facebook.com\/hashtag\/woluwesaintlambert?epa=HASHTAG\" data-ft=\"{&quot;type&quot;:104,&quot;tn&quot;:&quot;*N&quot;}\">#WoluweSaintLambert<\/a>&nbsp;<a class=\"_58cn\" href=\"https:\/\/www.facebook.com\/hashtag\/villedebruxelles?epa=HASHTAG\" data-ft=\"{&quot;type&quot;:104,&quot;tn&quot;:&quot;*N&quot;}\">#VilledeBruxelles<\/a>,&nbsp;<a class=\"_58cn\" href=\"https:\/\/www.facebook.com\/hashtag\/molenbeek?epa=HASHTAG\" data-ft=\"{&quot;type&quot;:104,&quot;tn&quot;:&quot;*N&quot;}\">#Molenbeek<\/a>,&nbsp;<a class=\"_58cn\" href=\"https:\/\/www.facebook.com\/hashtag\/anderlecht?epa=HASHTAG\" data-ft=\"{&quot;type&quot;:104,&quot;tn&quot;:&quot;*N&quot;}\">#Anderlecht<\/a>,&nbsp;<a class=\"_58cn\" href=\"https:\/\/www.facebook.com\/hashtag\/auderghem?epa=HASHTAG\" data-ft=\"{&quot;type&quot;:104,&quot;tn&quot;:&quot;*N&quot;}\">#Auderghem<\/a>&nbsp;et&nbsp;<a class=\"_58cn\" href=\"https:\/\/www.facebook.com\/hashtag\/boitsfort?epa=HASHTAG\" data-ft=\"{&quot;type&quot;:104,&quot;tn&quot;:&quot;*N&quot;}\">#Boitsfort<\/a>&nbsp;.<\/span><\/p>\n<p>Avec mon coll\u00e8gue Geoffroy Coomans de Brach\u00e8ne, nous proposons concr\u00e8tement :<\/p>\n<p><span class=\"_5mfr\"><span class=\"_6qdm\">&#x2705;<\/span><\/span>&nbsp;de cr\u00e9er une r\u00e9elle d\u00e9mocratie urbaine dans l&rsquo;am\u00e9nagement du territoire, en instituant de v\u00e9ritables m\u00e9canismes de participation citoyenne en amont de l&rsquo;\u00e9laboration des grands projets urbanistiques<br \/>\n<span class=\"_5mfr\"><span class=\"_6qdm\">&#x27a1;<\/span><\/span>&nbsp;nous avons d\u00e9pos\u00e9 une proposition d&rsquo;ordonnance visant \u00e0 cr\u00e9er un \u00ab\u00a0Conseil d&rsquo;am\u00e9nagement urbain\u00a0\u00bb<\/p>\n<p><span class=\"_5mfr\"><span class=\"_6qdm\">&#x2705;<\/span><\/span>&nbsp;de respecter les avis qui ont \u00e9t\u00e9 rendus par les communes, les tr\u00e8s nombreux comit\u00e9s citoyens et associations, les commissions ind\u00e9pendantes,(&nbsp;<a class=\"_58cn\" href=\"https:\/\/www.facebook.com\/hashtag\/crd?epa=HASHTAG\" data-ft=\"{&quot;type&quot;:104,&quot;tn&quot;:&quot;*N&quot;}\">#CRD<\/a>&nbsp;Commission r\u00e9gionale de d\u00e9veloppement,&nbsp;<a class=\"_58cn\" href=\"https:\/\/www.facebook.com\/hashtag\/crms?epa=HASHTAG\" data-ft=\"{&quot;type&quot;:104,&quot;tn&quot;:&quot;*N&quot;}\">#CRMS<\/a>&nbsp;Commission royale des monuments et sites,&nbsp;<a class=\"_58cn\" href=\"https:\/\/www.facebook.com\/hashtag\/crm?epa=HASHTAG\" data-ft=\"{&quot;type&quot;:104,&quot;tn&quot;:&quot;*N&quot;}\">#CRM<\/a>&nbsp;Commission r\u00e9gionale de Mobilit\u00e9)<br \/>\n<span class=\"_5mfr\"><span class=\"_6qdm\">&#x27a1;<\/span><\/span>&nbsp;diminution du niveau disproportionn\u00e9 de densit\u00e9 pr\u00e9vu sur de nombreux sites<\/p>\n<p><span class=\"_5mfr\"><span class=\"_6qdm\">&#x2705;<\/span><\/span>&nbsp;de r\u00e9aliser un moratoire sur les tours de logements pr\u00e9vues par les PAD (70, 90, voire 100 m\u00e8tres par endroit)<br \/>\n<span class=\"_5mfr\"><span class=\"_6qdm\">&#x27a1;<\/span><\/span>&nbsp;un v\u00e9ritable d\u00e9bat doit avoir lieu sur la question de la verticalit\u00e9 et sur son objectivation, associant urbanistes, experts ind\u00e9pendants, citoyens et politiques.<\/p>\n<p>Si le gouvernement continuer \u00e0 fermer les yeux, nous courons effectivement le risque d&rsquo;assister \u00e0 une n\u00e9o-&nbsp;<a class=\"_58cn\" href=\"https:\/\/www.facebook.com\/hashtag\/bruxellisation?epa=HASHTAG\" data-ft=\"{&quot;type&quot;:104,&quot;tn&quot;:&quot;*N&quot;}\">#bruxellisation<\/a>&nbsp;de notre territoire.<\/p>\n<p>C&rsquo; est un enjeu capital pour le futur visage de&nbsp;<a class=\"_58cn\" href=\"https:\/\/www.facebook.com\/hashtag\/bruxelles?epa=HASHTAG\" data-ft=\"{&quot;type&quot;:104,&quot;tn&quot;:&quot;*N&quot;}\">#Bruxelles<\/a>&nbsp;au XXI\u00e8me si\u00e8cle.<\/p>\n<p><img loading=\"lazy\" decoding=\"async\" class=\"aligncenter size-full wp-image-2414\" src=\"http:\/\/gaetanvangoidsenhoven.be\/wp-content\/uploads\/2020\/01\/Image-article-moratorie-tours-1.png\" alt=\"\" width=\"1227\" height=\"608\" srcset=\"https:\/\/gaetanvangoidsenhoven.be\/wp-content\/uploads\/2020\/01\/Image-article-moratorie-tours-1.png 1227w, https:\/\/gaetanvangoidsenhoven.be\/wp-content\/uploads\/2020\/01\/Image-article-moratorie-tours-1-300x149.png 300w, https:\/\/gaetanvangoidsenhoven.be\/wp-content\/uploads\/2020\/01\/Image-article-moratorie-tours-1-768x381.png 768w, https:\/\/gaetanvangoidsenhoven.be\/wp-content\/uploads\/2020\/01\/Image-article-moratorie-tours-1-1024x507.png 1024w\" sizes=\"auto, (max-width: 1227px) 100vw, 1227px\" \/><\/p>\n","protected":false},"excerpt":{"rendered":"<p>&nbsp; &#x2757;&nbsp;Il est encore temps d&rsquo;agir avant de risquer une grave d\u00e9t\u00e9rioration de [&hellip;]<\/p>\n","protected":false},"author":2,"featured_media":2405,"comment_status":"closed","ping_status":"open","sticky":false,"template":"","format":"standard","meta":{"ngg_post_thumbnail":0,"footnotes":""},"categories":[19],"tags":[],"class_list":["post-2399","post","type-post","status-publish","format-standard","has-post-thumbnail","hentry","category-presse"],"aioseo_notices":[],"_links":{"self":[{"href":"https:\/\/gaetanvangoidsenhoven.be\/index.php\/wp-json\/wp\/v2\/posts\/2399","targetHints":{"allow":["GET"]}}],"collection":[{"href":"https:\/\/gaetanvangoidsenhoven.be\/index.php\/wp-json\/wp\/v2\/posts"}],"about":[{"href":"https:\/\/gaetanvangoidsenhoven.be\/index.php\/wp-json\/wp\/v2\/types\/post"}],"author":[{"embeddable":true,"href":"https:\/\/gaetanvangoidsenhoven.be\/index.php\/wp-json\/wp\/v2\/users\/2"}],"replies":[{"embeddable":true,"href":"https:\/\/gaetanvangoidsenhoven.be\/index.php\/wp-json\/wp\/v2\/comments?post=2399"}],"version-history":[{"count":5,"href":"https:\/\/gaetanvangoidsenhoven.be\/index.php\/wp-json\/wp\/v2\/posts\/2399\/revisions"}],"predecessor-version":[{"id":2416,"href":"https:\/\/gaetanvangoidsenhoven.be\/index.php\/wp-json\/wp\/v2\/posts\/2399\/revisions\/2416"}],"wp:featuredmedia":[{"embeddable":true,"href":"https:\/\/gaetanvangoidsenhoven.be\/index.php\/wp-json\/wp\/v2\/media\/2405"}],"wp:attachment":[{"href":"https:\/\/gaetanvangoidsenhoven.be\/index.php\/wp-json\/wp\/v2\/media?parent=2399"}],"wp:term":[{"taxonomy":"category","embeddable":true,"href":"https:\/\/gaetanvangoidsenhoven.be\/index.php\/wp-json\/wp\/v2\/categories?post=2399"},{"taxonomy":"post_tag","embeddable":true,"href":"https:\/\/gaetanvangoidsenhoven.be\/index.php\/wp-json\/wp\/v2\/tags?post=2399"}],"curies":[{"name":"wp","href":"https:\/\/api.w.org\/{rel}","templated":true}]}}