{"id":2501,"date":"2023-11-03T15:13:00","date_gmt":"2023-11-03T14:13:00","guid":{"rendered":"https:\/\/gaetanvangoidsenhoven.be\/?p=2501"},"modified":"2023-11-30T16:37:45","modified_gmt":"2023-11-30T15:37:45","slug":"bien-etre-animal-moment-historique-au-senat","status":"publish","type":"post","link":"https:\/\/gaetanvangoidsenhoven.be\/index.php\/2023\/11\/03\/bien-etre-animal-moment-historique-au-senat\/","title":{"rendered":"Bien-\u00eatre animal : moment historique au S\u00e9nat\u00a0!"},"content":{"rendered":"\n\n\n<p>Moment historique au S\u00e9nat&nbsp;! Et le groupe MR peut s\u2019en f\u00e9liciter&nbsp;!<\/p>\n<p>Ce vendredi 24 novembre au S\u00e9nat, l\u2019int\u00e9gration du bien-\u00eatre animal dans la Constitution avance d\u2019un grand pas.<\/p>\n<p>Notre chef de groupe Ga\u00ebtan Van Goidsenhoven et son coll\u00e8gue le s\u00e9nateur Philippe Dodrimont ont co-sign\u00e9 une proposition de r\u00e9vision de la Constitution afin que les animaux ne soient plus consid\u00e9r\u00e9s comme des choses mais bien comme des \u00ab&nbsp;\u00eatres sensibles&nbsp;\u00bb.<\/p>\n<p>Apr\u00e8s plusieurs ann\u00e9es de discussion et de nombreuses auditions, le S\u00e9nat propose que l\u2019article 7bis de la Constitution soit compl\u00e9t\u00e9 par une disposition r\u00e9dig\u00e9e comme suit :<\/p>\n<p>\u00ab Dans l\u2019exercice de leurs comp\u00e9tences respectives, l\u2019\u00c9tat f\u00e9d\u00e9ral, les communaut\u00e9s et les r\u00e9gions veillent \u00e0 la protection et au bien-\u00eatre des animaux en tant <strong>qu\u2019\u00eatres sensibles<\/strong> \u00bb.<\/p>\n<p>Nos votes ont pu faire la diff\u00e9rence pour des millions d\u2019\u00eatres vivants et il s\u2019agit peut-\u00eatre de la d\u00e9cision la plus importante de cette l\u00e9gislature au S\u00e9nat.<\/p>\n<p><strong>Concr\u00e8tement, qu\u2019est-ce que cela implique&nbsp;?<\/strong><\/p>\n<ul>\n<li>Une obligation des diff\u00e9rentes autorit\u00e9s de prendre les mesures n\u00e9cessaires \u00e0 la r\u00e9alisation de cette reconnaissance.<\/li>\n<li>Une obligation de standstill qui implique que les diff\u00e9rentes autorit\u00e9s ne pourront faire marche arri\u00e8re.<\/li>\n<\/ul>\n<p>En tant que Pr\u00e9sident de la soci\u00e9t\u00e9 royale protectrice des animaux Veeweyde, notre Chef de groupe<strong> Ga\u00ebtan Van Goidsenhoven<\/strong> intervient : parmi tous les chiffres qu\u2019on pourrait avancer, 60.000 animaux sont abandonn\u00e9s chaque ann\u00e9e en Belgique. La maltraitance est un fait av\u00e9r\u00e9. Les animaux sont des \u00eatres sensibles qui doivent \u00eatre respect\u00e9s. Une soci\u00e9t\u00e9 se grandit lorsqu\u2019elle offre \u00e0 ses animaux la possibilit\u00e9 d\u2019\u00eatre pris en compte, et l\u2019inscription du bien-\u00eatre animal dans la Constitution est plus que symbolique. Elle constitue un acte important qui vient renforcer notre d\u00e9mocratie.<\/p>\n<p>Le S\u00e9nat marque une avanc\u00e9e significative vers une soci\u00e9t\u00e9 qui int\u00e8gre pleinement la consid\u00e9ration \u00e9thique envers tous les \u00eatres vivants.<\/p>\n<p><strong>Sabine Laruelle<\/strong> pr\u00e9cise : nous avons pris soin d\u2019\u00eatre pr\u00e9cis dans nos travaux parlementaires afin de ne pas compliquer encore la vie des professionnels du monde agricole dont l\u2019extr\u00eame majorit\u00e9 est respectueuse et attentive au bien-\u00eatre de leurs animaux.<\/p>\n<p>Tout le monde est attach\u00e9 \u00e0 la condition animale. Comme le disait Lamartine&nbsp;: \u00ab&nbsp;<em>On n\u2019a pas deux c\u0153urs, l\u2019un pour l\u2019homme, l\u2019autre pour l\u2019animal\u2026 On a du c\u0153ur ou on n\u2019en a pas.&nbsp;\u00bb.<\/em><\/p>\n<p><strong>Philippe Dodrimont<\/strong> rajoute&nbsp;: \u00ab&nbsp;C\u2019est un jalon important, mais n\u2019oublions pas qu\u2019\u00e0 tous les niveaux de pouvoirs, toutes celles et ceux qui sont aux responsabilit\u00e9s devront r\u00e9pondre de fa\u00e7on concr\u00e8te \u00e0 cet engagement en faveur du bien-\u00eatre des animaux. L\u2019attention \u00e0 porter aux animaux en tant qu\u2019\u00eatres sensibles doit \u00eatre une nouvelle mission des pouvoirs publics au sens large. Je m\u2019y emploie d\u00e9j\u00e0 avec ma casquette de d\u00e9put\u00e9 wallon \u00bb.<\/p>\n<p>Toutefois, plusieurs co-signataires du&nbsp; texte approuv\u00e9 au S\u00e9nat se sont prononc\u00e9s en R\u00e9gion bruxelloise contre l\u2019\u00e9tourdissement avant un abattage.<\/p>\n<p>Outre le fait qu\u2019il s\u2019agisse clairement d\u2019un double langage hypocrite, nous esp\u00e9rons qu\u2019apr\u00e8s notre vote de ce jour, ils pourront dans un souci de coh\u00e9rence, revoir leur position.<\/p>\n<p>Une soci\u00e9t\u00e9 se grandit lorsqu\u2019elle offre \u00e0 ses animaux la possibilit\u00e9 d\u2019\u00eatre pris en compte.<\/p>\n<p><a href=\"https:\/\/www.mrsenat.be\/wp-content\/uploads\/2023\/11\/Design-sans-titre.jpg\"><img loading=\"lazy\" decoding=\"async\" class=\"size-large wp-image-6294\" src=\"https:\/\/www.mrsenat.be\/wp-content\/uploads\/2023\/11\/Design-sans-titre-1030x753.jpg\" alt=\"\" width=\"1030\" height=\"753\"><\/a><\/p>\n","protected":false},"excerpt":{"rendered":"<p>Moment historique au S\u00e9nat&nbsp;! Et le groupe MR peut s\u2019en f\u00e9liciter&nbsp;! Ce vendredi [&hellip;]<\/p>\n","protected":false},"author":2,"featured_media":0,"comment_status":"closed","ping_status":"open","sticky":false,"template":"","format":"standard","meta":{"ngg_post_thumbnail":0,"footnotes":""},"categories":[47,46],"tags":[],"class_list":["post-2501","post","type-post","status-publish","format-standard","hentry","category-actualites-senat","category-senat"],"aioseo_notices":[],"_links":{"self":[{"href":"https:\/\/gaetanvangoidsenhoven.be\/index.php\/wp-json\/wp\/v2\/posts\/2501","targetHints":{"allow":["GET"]}}],"collection":[{"href":"https:\/\/gaetanvangoidsenhoven.be\/index.php\/wp-json\/wp\/v2\/posts"}],"about":[{"href":"https:\/\/gaetanvangoidsenhoven.be\/index.php\/wp-json\/wp\/v2\/types\/post"}],"author":[{"embeddable":true,"href":"https:\/\/gaetanvangoidsenhoven.be\/index.php\/wp-json\/wp\/v2\/users\/2"}],"replies":[{"embeddable":true,"href":"https:\/\/gaetanvangoidsenhoven.be\/index.php\/wp-json\/wp\/v2\/comments?post=2501"}],"version-history":[{"count":1,"href":"https:\/\/gaetanvangoidsenhoven.be\/index.php\/wp-json\/wp\/v2\/posts\/2501\/revisions"}],"predecessor-version":[{"id":2502,"href":"https:\/\/gaetanvangoidsenhoven.be\/index.php\/wp-json\/wp\/v2\/posts\/2501\/revisions\/2502"}],"wp:attachment":[{"href":"https:\/\/gaetanvangoidsenhoven.be\/index.php\/wp-json\/wp\/v2\/media?parent=2501"}],"wp:term":[{"taxonomy":"category","embeddable":true,"href":"https:\/\/gaetanvangoidsenhoven.be\/index.php\/wp-json\/wp\/v2\/categories?post=2501"},{"taxonomy":"post_tag","embeddable":true,"href":"https:\/\/gaetanvangoidsenhoven.be\/index.php\/wp-json\/wp\/v2\/tags?post=2501"}],"curies":[{"name":"wp","href":"https:\/\/api.w.org\/{rel}","templated":true}]}}