{"id":2507,"date":"2023-10-05T17:09:43","date_gmt":"2023-10-05T16:09:43","guid":{"rendered":"https:\/\/gaetanvangoidsenhoven.be\/?p=2507"},"modified":"2023-11-30T17:13:29","modified_gmt":"2023-11-30T16:13:29","slug":"cest-la-rentree-politique-au-senat","status":"publish","type":"post","link":"https:\/\/gaetanvangoidsenhoven.be\/index.php\/2023\/10\/05\/cest-la-rentree-politique-au-senat\/","title":{"rendered":"C&rsquo;est la rentr\u00e9e politique au S\u00e9nat !"},"content":{"rendered":"\n<p><img loading=\"lazy\" decoding=\"async\" src=\"https:\/\/static.xx.fbcdn.net\/images\/emoji.php\/v9\/tcc\/1\/16\/1f4dd.png\" alt=\"&#x1f4dd;\" width=\"16\" height=\"16\"> Dans la presse du jour : c\u2019est aussi la rentr\u00e9e politique au S\u00e9nat !<\/p>\n\n\n\n<p><img loading=\"lazy\" decoding=\"async\" src=\"https:\/\/static.xx.fbcdn.net\/images\/emoji.php\/v9\/tb0\/1\/16\/1f3af.png\" alt=\"&#x1f3af;\" width=\"16\" height=\"16\"> Notre objectif est de recentrer le S\u00e9nat dans le paysage institutionnel afin de renforcer le f\u00e9d\u00e9ralisme de coop\u00e9ration <img loading=\"lazy\" decoding=\"async\" src=\"https:\/\/static.xx.fbcdn.net\/images\/emoji.php\/v9\/t94\/1\/16\/1f1e7_1f1ea.png\" alt=\"&#x1f1e7;&#x1f1ea;\" width=\"16\" height=\"16\"><\/p>\n\n\n\n<p><img loading=\"lazy\" decoding=\"async\" src=\"https:\/\/static.xx.fbcdn.net\/images\/emoji.php\/v9\/t3c\/1\/16\/1f4a1.png\" alt=\"&#x1f4a1;\" width=\"16\" height=\"16\"><img loading=\"lazy\" decoding=\"async\" src=\"https:\/\/static.xx.fbcdn.net\/images\/emoji.php\/v9\/t8e\/1\/16\/1f5de.png\" alt=\"&#x1f5de;&#xfe0f;\" width=\"16\" height=\"16\">Quelques PROPOSITIONS font d\u00e9j\u00e0 consensus \u00e0 ce stade. Retrouvez-les dans le journal l\u2019Avenir pour justement parler de l\u2019Avenir du S\u00e9nat.<\/p>\n\n\n\n<p>L\u2019occasion de faire le point et de saluer l&rsquo;engagement de nos s\u00e9nateurs sur les r\u00e9flexions initi\u00e9es. Elles sont \u00e0 la fois concr\u00e8tes, constitutionnellement possibles et \u00e9laborent notre r\u00e9ponse \u00e0 ceux qui plaident pour la suppression pure et simple de cette institution bicam\u00e9rale.<\/p>\n\n\n\n<p>Nous croyons que notre pays a beaucoup \u00e0 gagner d&rsquo;une r\u00e9forme en profondeur du S\u00e9nat. Cette haute assembl\u00e9e demeure le lieu privil\u00e9gi\u00e9 du dialogue entre les diff\u00e9rentes Communaut\u00e9s.<\/p>\n\n\n\n<p>Y mettre fin ne ferait qu&rsquo;accentuer les divisions au sein de notre pays.<\/p>\n\n\n\n<p>Cela nous ferait passer aussi \u00e0 c\u00f4t\u00e9 de l&rsquo;opportunit\u00e9 d&rsquo;am\u00e9liorer notre syst\u00e8me d\u00e9mocratique <img loading=\"lazy\" decoding=\"async\" src=\"https:\/\/static.xx.fbcdn.net\/images\/emoji.php\/v9\/t9a\/1\/16\/1f5f3.png\" alt=\"&#x1f5f3;&#xfe0f;\" width=\"16\" height=\"16\"><\/p>\n\n\n\n<p>Prochaine s\u00e9ance pl\u00e9ni\u00e8re : le 10 octobre.<\/p>\n\n\n\n<figure class=\"wp-block-image\"><a href=\"https:\/\/www.mrsenat.be\/wp-content\/uploads\/2023\/10\/clipping-page-53684169-png-x2400.jpg\"><img decoding=\"async\" src=\"https:\/\/www.mrsenat.be\/wp-content\/uploads\/2023\/10\/clipping-page-53684169-png-x2400.jpg\" alt=\"\" class=\"wp-image-6223\"\/><\/a><\/figure>\n\n\n\n<figure class=\"wp-block-image\"><a href=\"https:\/\/www.mrsenat.be\/wp-content\/uploads\/2023\/10\/382678257_724532819714750_9016653177210184558_n.jpg\"><img decoding=\"async\" src=\"https:\/\/www.mrsenat.be\/wp-content\/uploads\/2023\/10\/382678257_724532819714750_9016653177210184558_n.jpg\" alt=\"\" class=\"wp-image-6225\"\/><\/a><\/figure>\n","protected":false},"excerpt":{"rendered":"<p>Dans la presse du jour : c\u2019est aussi la rentr\u00e9e politique au S\u00e9nat [&hellip;]<\/p>\n","protected":false},"author":2,"featured_media":0,"comment_status":"closed","ping_status":"open","sticky":false,"template":"","format":"standard","meta":{"ngg_post_thumbnail":0,"footnotes":""},"categories":[47,46],"tags":[],"class_list":["post-2507","post","type-post","status-publish","format-standard","hentry","category-actualites-senat","category-senat"],"aioseo_notices":[],"_links":{"self":[{"href":"https:\/\/gaetanvangoidsenhoven.be\/index.php\/wp-json\/wp\/v2\/posts\/2507","targetHints":{"allow":["GET"]}}],"collection":[{"href":"https:\/\/gaetanvangoidsenhoven.be\/index.php\/wp-json\/wp\/v2\/posts"}],"about":[{"href":"https:\/\/gaetanvangoidsenhoven.be\/index.php\/wp-json\/wp\/v2\/types\/post"}],"author":[{"embeddable":true,"href":"https:\/\/gaetanvangoidsenhoven.be\/index.php\/wp-json\/wp\/v2\/users\/2"}],"replies":[{"embeddable":true,"href":"https:\/\/gaetanvangoidsenhoven.be\/index.php\/wp-json\/wp\/v2\/comments?post=2507"}],"version-history":[{"count":1,"href":"https:\/\/gaetanvangoidsenhoven.be\/index.php\/wp-json\/wp\/v2\/posts\/2507\/revisions"}],"predecessor-version":[{"id":2508,"href":"https:\/\/gaetanvangoidsenhoven.be\/index.php\/wp-json\/wp\/v2\/posts\/2507\/revisions\/2508"}],"wp:attachment":[{"href":"https:\/\/gaetanvangoidsenhoven.be\/index.php\/wp-json\/wp\/v2\/media?parent=2507"}],"wp:term":[{"taxonomy":"category","embeddable":true,"href":"https:\/\/gaetanvangoidsenhoven.be\/index.php\/wp-json\/wp\/v2\/categories?post=2507"},{"taxonomy":"post_tag","embeddable":true,"href":"https:\/\/gaetanvangoidsenhoven.be\/index.php\/wp-json\/wp\/v2\/tags?post=2507"}],"curies":[{"name":"wp","href":"https:\/\/api.w.org\/{rel}","templated":true}]}}