{"id":2509,"date":"2023-09-21T17:10:54","date_gmt":"2023-09-21T16:10:54","guid":{"rendered":"https:\/\/gaetanvangoidsenhoven.be\/?p=2509"},"modified":"2023-11-30T17:12:36","modified_gmt":"2023-11-30T16:12:36","slug":"nous-deposons-une-proposition-de-resolution-pour-une-prise-en-charge-renforcee-de-la-maladie-dalzheimer-et-des-maladies-apparentees","status":"publish","type":"post","link":"https:\/\/gaetanvangoidsenhoven.be\/index.php\/2023\/09\/21\/nous-deposons-une-proposition-de-resolution-pour-une-prise-en-charge-renforcee-de-la-maladie-dalzheimer-et-des-maladies-apparentees\/","title":{"rendered":"Nous d\u00e9posons une proposition de r\u00e9solution pour une prise en charge renforc\u00e9e de la maladie d&rsquo;Alzheimer et des maladies apparent\u00e9es"},"content":{"rendered":"\n\n\n<p>\u00c0 l&rsquo;occasion de la Journ\u00e9e Mondiale d&rsquo;Alzheimer, le groupe MR du S\u00e9nat d\u00e9pose ce jour une proposition de r\u00e9solution d\u2019une part pour <strong>attirer l\u2019attention sur la situation alarmante en Belgique<\/strong> face \u00e0 l\u2019augmentation du nombre de patients atteints de la maladie d\u2019Alzheimer et autres maladies li\u00e9e \u00e0 la d\u00e9mence,&nbsp;et d\u2019autre part pour insister sur l\u2019urgence d\u2019avoir un<strong> plan national d\u2019envergure <\/strong>pour une prise en charge efficace de ces pathologies.<\/p>\n<p>Actuellement, la Belgique compte environ 200 000 personnes atteintes de d\u00e9mence, dont 140 000 sont touch\u00e9es par la maladie d&rsquo;Alzheimer. Ces chiffres sont en constante augmentation, en particulier chez les femmes. Chez les plus de 65 ans, pr\u00e8s de 10 % sont atteints de cette maladie, et ce chiffre atteint 26 % chez les plus de 85 ans, et plus de 35 % chez les plus de 90 ans. Ces statistiques ne tiennent compte que des cas d\u00e9j\u00e0 diagnostiqu\u00e9s. Ils ne repr\u00e9sentent donc que la pointe visible de l&rsquo;iceberg.<\/p>\n<p>Le principal probl\u00e8me r\u00e9side dans <strong>l&rsquo;absence d&rsquo;une approche coordonn\u00e9e des diff\u00e9rents niveaux de pouvoir<\/strong> en Belgique. Ce constat est d\u00e9plor\u00e9 depuis longtemps par la Ligue Alzheimer. Autre constat de taille&nbsp;: <strong>l\u2019absence de recensement des patients atteints de ces maladies, des besoins du terrain et des structures existantes. <\/strong>Ces donn\u00e9es permettraient d\u2019\u00e9tablir une cartographie et de combler les manques l\u00e0 o\u00f9 c\u2019est n\u00e9cessaire, sans n\u00e9cessairement cr\u00e9er du neuf. Il s\u2019agit donc de miser sur la qualit\u00e9, plus que sur la quantit\u00e9 et \u00e0 partir de ce qui existe.<\/p>\n<p>Nos s\u00e9natrices et s\u00e9nateurs se mobilisent pour mettre en place un plan d&rsquo;envergure visant \u00e0 am\u00e9liorer la pr\u00e9vention, la d\u00e9tection et la prise en charge de la maladie d&rsquo;Alzheimer et des maladies apparent\u00e9es. <strong>L\u2019id\u00e9e est de sortir la maladie du tabou qui l\u2019entoure sans jouer sur les peurs. Il importe de changer les mentalit\u00e9s<\/strong> pour l\u2019aborder de mani\u00e8re plus proactive, pr\u00e9ventive et efficace. Il est important de sensibiliser la population et les diff\u00e9rents gouvernements \u00e0 cette cause cruciale.<\/p>\n<p>Les recommandations de notre proposition de r\u00e9solution comprennent des mesures telles que&nbsp;:<\/p>\n<ul>\n<li><strong><u>Le recensement des cas, des besoins et des structures sur tout le territoire<\/u><\/strong>, en collaboration avec les provinces&nbsp;;<\/li>\n<li><strong><u>La coordination<\/u><\/strong> des politiques de sant\u00e9, de soins, de pr\u00e9vention, d\u2019h\u00e9bergement et de soutien aux aidants au niveau belge pour une strat\u00e9gie approuv\u00e9e par tous les gouvernements.<\/li>\n<li><strong><u>L\u2019utilisation des nouvelles technologies<\/u><\/strong> pour le d\u00e9pistage pr\u00e9coce, la gestion de la maladie et la recherche de traitements.<\/li>\n<li><strong><u>Le renforcement de l&rsquo;accompagnement<\/u><\/strong> : accro\u00eetre le soutien aux patients et aux aidants par le soutien d&rsquo;interventions professionnelles, de lieux de vie sp\u00e9cifiques et d&rsquo;une meilleure reconnaissance des m\u00e9tiers de l&rsquo;accompagnement \u00e0 domicile.<\/li>\n<li><strong><u>La promotion de la recherche scientifique et psychosociale<\/u><\/strong> pour mieux comprendre la maladie (avant, pendant et apr\u00e8s), d\u00e9couvrir des traitements actuellement inexistants et mettre en place des strat\u00e9gies innovantes.<\/li>\n<li><strong><u>Les campagnes de pr\u00e9vention<\/u><\/strong> ax\u00e9es sur un mode de vie sain et sur la sensibilisation \u00e0 la maladie d&rsquo;Alzheimer.<\/li>\n<li><strong><u>Une r\u00e9flexion \u00e0 mener sur la loi sur l&rsquo;euthanasie<\/u><\/strong> pour envisager des modifications de la loi pour tenir compte de la situation des patients atteints de d\u00e9mence.<\/li>\n<li><strong><u>Le renforcement de la sensibilisation des acteurs de la sant\u00e9<\/u><\/strong> et particuli\u00e8rement des g\u00e9n\u00e9ralistes, mais aussi de tous les acteurs qui gravitent autour des patients dans leur cadre de vie (commer\u00e7ants, mus\u00e9es, services communaux, etc.)<\/li>\n<\/ul>\n<p><em><strong>Le chef de groupe, Ga\u00ebtan Van Goidsenhoven conclut : \u00ab\u00a0Avec un d\u00e9bat approfondi sur cette th\u00e9matique importante, le S\u00e9nat a l\u2019occasion <\/strong><strong>de rassembler toutes les \u00e9nergies positives au-del\u00e0 des clivages politiques et autour d\u2019un projet commun. <\/strong><strong>Il peut apporter des r\u00e9ponses concr\u00e8tes \u00e0 ce probl\u00e8me de sant\u00e9 publique aux multiples enjeux avec \u00e0 terme la mise en place d\u2019une strat\u00e9gie transversale efficace au profit des patients et de toutes les personnes \u00e0 leurs c\u00f4t\u00e9s\u00a0\u00bb.<\/strong><\/em><\/p>\n<p><a href=\"https:\/\/www.mrsenat.be\/wp-content\/uploads\/2023\/09\/1.jpg\"><img loading=\"lazy\" decoding=\"async\" class=\"alignnone size-medium wp-image-6211\" src=\"https:\/\/www.mrsenat.be\/wp-content\/uploads\/2023\/09\/1-300x300.jpg\" alt=\"\" width=\"300\" height=\"300\"><\/a> <a href=\"https:\/\/www.mrsenat.be\/wp-content\/uploads\/2023\/09\/2.jpg\"><img loading=\"lazy\" decoding=\"async\" class=\"alignnone size-medium wp-image-6212\" src=\"https:\/\/www.mrsenat.be\/wp-content\/uploads\/2023\/09\/2-300x300.jpg\" alt=\"\" width=\"300\" height=\"300\"><\/a> <a href=\"https:\/\/www.mrsenat.be\/wp-content\/uploads\/2023\/09\/3.jpg\"><img loading=\"lazy\" decoding=\"async\" class=\"alignnone size-medium wp-image-6213\" src=\"https:\/\/www.mrsenat.be\/wp-content\/uploads\/2023\/09\/3-300x300.jpg\" alt=\"\" width=\"300\" height=\"300\"><\/a> <a href=\"https:\/\/www.mrsenat.be\/wp-content\/uploads\/2023\/09\/4.jpg\"><img loading=\"lazy\" decoding=\"async\" class=\"alignnone size-medium wp-image-6214\" src=\"https:\/\/www.mrsenat.be\/wp-content\/uploads\/2023\/09\/4-300x300.jpg\" alt=\"\" width=\"300\" height=\"300\"><\/a> <a href=\"https:\/\/www.mrsenat.be\/wp-content\/uploads\/2023\/09\/5.jpg\"><img loading=\"lazy\" decoding=\"async\" class=\"alignnone size-medium wp-image-6215\" src=\"https:\/\/www.mrsenat.be\/wp-content\/uploads\/2023\/09\/5-300x300.jpg\" alt=\"\" width=\"300\" height=\"300\"><\/a><\/p>\n","protected":false},"excerpt":{"rendered":"<p>\u00c0 l&rsquo;occasion de la Journ\u00e9e Mondiale d&rsquo;Alzheimer, le groupe MR du S\u00e9nat d\u00e9pose [&hellip;]<\/p>\n","protected":false},"author":2,"featured_media":0,"comment_status":"closed","ping_status":"open","sticky":false,"template":"","format":"standard","meta":{"ngg_post_thumbnail":0,"footnotes":""},"categories":[47,46],"tags":[],"class_list":["post-2509","post","type-post","status-publish","format-standard","hentry","category-actualites-senat","category-senat"],"aioseo_notices":[],"_links":{"self":[{"href":"https:\/\/gaetanvangoidsenhoven.be\/index.php\/wp-json\/wp\/v2\/posts\/2509","targetHints":{"allow":["GET"]}}],"collection":[{"href":"https:\/\/gaetanvangoidsenhoven.be\/index.php\/wp-json\/wp\/v2\/posts"}],"about":[{"href":"https:\/\/gaetanvangoidsenhoven.be\/index.php\/wp-json\/wp\/v2\/types\/post"}],"author":[{"embeddable":true,"href":"https:\/\/gaetanvangoidsenhoven.be\/index.php\/wp-json\/wp\/v2\/users\/2"}],"replies":[{"embeddable":true,"href":"https:\/\/gaetanvangoidsenhoven.be\/index.php\/wp-json\/wp\/v2\/comments?post=2509"}],"version-history":[{"count":1,"href":"https:\/\/gaetanvangoidsenhoven.be\/index.php\/wp-json\/wp\/v2\/posts\/2509\/revisions"}],"predecessor-version":[{"id":2510,"href":"https:\/\/gaetanvangoidsenhoven.be\/index.php\/wp-json\/wp\/v2\/posts\/2509\/revisions\/2510"}],"wp:attachment":[{"href":"https:\/\/gaetanvangoidsenhoven.be\/index.php\/wp-json\/wp\/v2\/media?parent=2509"}],"wp:term":[{"taxonomy":"category","embeddable":true,"href":"https:\/\/gaetanvangoidsenhoven.be\/index.php\/wp-json\/wp\/v2\/categories?post=2509"},{"taxonomy":"post_tag","embeddable":true,"href":"https:\/\/gaetanvangoidsenhoven.be\/index.php\/wp-json\/wp\/v2\/tags?post=2509"}],"curies":[{"name":"wp","href":"https:\/\/api.w.org\/{rel}","templated":true}]}}