{"id":3572,"date":"2025-06-13T12:18:01","date_gmt":"2025-06-13T11:18:01","guid":{"rendered":"https:\/\/gaetanvangoidsenhoven.be\/?p=3572"},"modified":"2025-11-24T15:23:37","modified_gmt":"2025-11-24T14:23:37","slug":"le-mr-peut-il-se-passer-de-la-n-va-a-bruxelles-on-nest-marie-avec-personne","status":"publish","type":"post","link":"https:\/\/gaetanvangoidsenhoven.be\/index.php\/2025\/06\/13\/le-mr-peut-il-se-passer-de-la-n-va-a-bruxelles-on-nest-marie-avec-personne\/","title":{"rendered":"Le MR peut-il se passer de la N-VA \u00e0 Bruxelles ?"},"content":{"rendered":"<figure>\n<h3>Mercredi, une vaste op\u00e9ration polici\u00e8re a pris place dans la cit\u00e9 du Peterbos.<\/h3>\n<blockquote>\n<h4><strong>\u201c<em style=\"color: #717175; font-family: 'Didact Gothic'; font-size: 16px;\">Il y avait manifestement un besoin&#8230;<\/em><em style=\"color: #717175; font-family: 'Didact Gothic'; font-size: 16px;\">L\u2019\u00c9tat de droit s\u2019exerce partout \u00e0 Bruxelles&#8230;<\/em>&nbsp;<em style=\"color: #717175; font-family: 'Didact Gothic'; font-size: 16px;\">Nous ne reculerons pas.<\/em>\u201c<\/strong><\/h4>\n<\/blockquote>\n<p>Concernant la formation d\u2019un gouvernement bruxellois, Ga\u00ebtan Van Goidsenhoven trouve \u201c<em>hallucinante<\/em>\u201d l\u2019id\u00e9e du PS de former une majorit\u00e9 progressiste \u201c<em>avec les communistes et la Team Fouad Ahidar<\/em>\u201c. Le MR, de son c\u00f4t\u00e9, avait transmis une d\u00e9claration de politique r\u00e9gionale : \u201c<em>Il faut parler du fond, l\u2019urgence est l\u00e0<\/em>\u201c.<\/p>\n<p>Le MR peut-il se passer de la N-VA ? \u201c<em>On n\u2019est mari\u00e9 avec personne<\/em>\u201c, poursuit le d\u00e9put\u00e9 MR. \u201c<em>On n\u2019a forc\u00e9 aucun cadre<\/em>.\u201d<\/p>\n<p>Selon Ga\u00ebtan Van Goidsenhoven, le MR \u201c<em>n\u2019est pas l\u2019\u00e9l\u00e9ment de blocage<\/em>\u201c, mais on leur a mis \u201c<em>des peaux de banane sous les pas<\/em>\u201c.<\/p>\n<\/figure>\n<p><!-- \/wp:post-content --><\/p>\n<p><!-- wp:tadv\/classic-paragraph --><\/p>\n<p><!-- \/wp:tadv\/classic-paragraph --><\/p>\n\n<!-- wp:tadv\/classic-paragraph \/-->","protected":false},"excerpt":{"rendered":"<p>Mercredi, une vaste op\u00e9ration polici\u00e8re a pris place dans la cit\u00e9 du Peterbos. [&hellip;]<\/p>\n","protected":false},"author":2,"featured_media":3573,"comment_status":"closed","ping_status":"open","sticky":false,"template":"","format":"standard","meta":{"ngg_post_thumbnail":0,"footnotes":""},"categories":[19],"tags":[],"class_list":["post-3572","post","type-post","status-publish","format-standard","has-post-thumbnail","hentry","category-presse"],"aioseo_notices":[],"_links":{"self":[{"href":"https:\/\/gaetanvangoidsenhoven.be\/index.php\/wp-json\/wp\/v2\/posts\/3572","targetHints":{"allow":["GET"]}}],"collection":[{"href":"https:\/\/gaetanvangoidsenhoven.be\/index.php\/wp-json\/wp\/v2\/posts"}],"about":[{"href":"https:\/\/gaetanvangoidsenhoven.be\/index.php\/wp-json\/wp\/v2\/types\/post"}],"author":[{"embeddable":true,"href":"https:\/\/gaetanvangoidsenhoven.be\/index.php\/wp-json\/wp\/v2\/users\/2"}],"replies":[{"embeddable":true,"href":"https:\/\/gaetanvangoidsenhoven.be\/index.php\/wp-json\/wp\/v2\/comments?post=3572"}],"version-history":[{"count":22,"href":"https:\/\/gaetanvangoidsenhoven.be\/index.php\/wp-json\/wp\/v2\/posts\/3572\/revisions"}],"predecessor-version":[{"id":3808,"href":"https:\/\/gaetanvangoidsenhoven.be\/index.php\/wp-json\/wp\/v2\/posts\/3572\/revisions\/3808"}],"wp:featuredmedia":[{"embeddable":true,"href":"https:\/\/gaetanvangoidsenhoven.be\/index.php\/wp-json\/wp\/v2\/media\/3573"}],"wp:attachment":[{"href":"https:\/\/gaetanvangoidsenhoven.be\/index.php\/wp-json\/wp\/v2\/media?parent=3572"}],"wp:term":[{"taxonomy":"category","embeddable":true,"href":"https:\/\/gaetanvangoidsenhoven.be\/index.php\/wp-json\/wp\/v2\/categories?post=3572"},{"taxonomy":"post_tag","embeddable":true,"href":"https:\/\/gaetanvangoidsenhoven.be\/index.php\/wp-json\/wp\/v2\/tags?post=3572"}],"curies":[{"name":"wp","href":"https:\/\/api.w.org\/{rel}","templated":true}]}}