{"id":452,"date":"2017-03-02T02:10:19","date_gmt":"2017-03-02T01:10:19","guid":{"rendered":"http:\/\/gaetanvangoidsenhoven.be\/?p=452"},"modified":"2017-03-02T02:22:51","modified_gmt":"2017-03-02T01:22:51","slug":"anderlecht-le-budget-communal-reste-dans-le-vert","status":"publish","type":"post","link":"https:\/\/gaetanvangoidsenhoven.be\/index.php\/2017\/03\/02\/anderlecht-le-budget-communal-reste-dans-le-vert\/","title":{"rendered":"Anderlecht : le budget communal reste dans le vert"},"content":{"rendered":"<h3>La commune a r\u00e9ussi \u00e0 d\u00e9gager un l\u00e9ger boni pour son budget 2017. Elle double le montant de ses investissements.<\/h3>\n<div class=\"article-body\">\n<blockquote>\n<table>\n<tbody>\n<tr>\n<td>\n<h3>Chiffre 8 %<\/h3>\n<p>C\u2019est l\u2019augmentation de la dotation au CPAS. Ce montant est assez \u00e9lev\u00e9 car la commune conna\u00eet une augmentation du nombre de personnes touchant le revenu d\u2019int\u00e9gration sociale. Cela s\u2019explique par la croissance d\u00e9mographique. Des engagements sont pr\u00e9vus pour accro\u00eetre l\u2019aide individualis\u00e9e dans le domaine de l\u2019insertion socioprofessionnelle.<\/td>\n<\/tr>\n<\/tbody>\n<\/table>\n<h3>&nbsp;<\/h3>\n<\/blockquote>\n<p>N<em>ous avons r\u00e9ussi \u00e0 d\u00e9gager un boni \u00e0 l\u2019ordinaire de 800.000 euros. Ce n\u2019est pas \u00e9norme mais au moins nous sommes \u00e0 l\u2019\u00e9quilibre.&nbsp;\u00bb<\/em> Fabrice Cumps (PS), l\u2019\u00e9chevin des Finances d\u2019Anderlecht a le sourire. Ce jeudi soir, il a pu pr\u00e9senter lors du conseil communal un budget en \u00e9quilibre \u00e0 l\u2019ordinaire et un autre qui a doubl\u00e9 pour l\u2019extraordinaire alors que la commune entame son quatri\u00e8me plan triennal. Cela fait des ann\u00e9es que la commune est sous tutelle r\u00e9gionale, une situation qui lui convient car les relations sont bonnes et cela lui permet surtout de recevoir une aide financi\u00e8re visiblement indispensable. Pas de raison donc de sortir prochainement de ce plan de redressement.<\/p>\n<p>A l\u2019ordinaire, les d\u00e9penses de la commune se montent \u00e0 214,1 millions d\u2019euros. Plus de 80&nbsp;% concernent les frais de personnel. La politique de non-remplacement syst\u00e9matique des d\u00e9parts naturels est maintenue et les transferts internes restent privil\u00e9gi\u00e9s. <em>\u00ab&nbsp;Nous avons pr\u00e9vu une enveloppe de 1,5 million d\u2019euros pour permettre le recrutement de nouveaux dans des services qui sont en contact direct avec la population qui augmente fortement \u00e0 Anderlecht,<\/em> commente Frabrice Cumps. <em>Nous avons \u00e9galement d\u00e9cid\u00e9 d\u2019augmenter notre dotation \u00e0 la zone de police de 3&nbsp;%, soit plus que l\u2019indexation logique car nous avons agrandi le cadre de 60 policiers suppl\u00e9mentaires en accord avec les deux autres bourgmestres de la zone.&nbsp;\u00bb<\/em><\/p>\n<p>Au niveau des recettes, les dotations r\u00e9gionales, l\u2019additionnel \u00e0 l\u2019imp\u00f4t des personnes physiques et au pr\u00e9compte immobilier repr\u00e9sentent 55,2&nbsp;% soit 95,2 millions d\u2019euros. <em>\u00ab&nbsp;Nous ne touchons pas aux additionnels<\/em>, pr\u00e9cise le bourgmestre Eric Tomas (PS). <em>Par contre, nous constatons toujours un retard dans la redistribution des additionnels de la part du f\u00e9d\u00e9ral. De nombreux logements ont \u00e9t\u00e9 construits dans la commune depuis trois ans comme ceux au clos des Musiciens mais nos recettes au niveau de pr\u00e9compte immobilier n\u2019ont pas boug\u00e9. Cela n\u2019est pas logique. Le diff\u00e9rentiel entre ce que le f\u00e9d\u00e9ral nous dit et nous verse est d\u2019environ 2 millions d\u2019euros alors que nos co\u00fbts ont d\u00e9j\u00e0 augment\u00e9.&nbsp;\u00bb<\/em><\/p>\n<h4>De nouvelles politiques<\/h4>\n<p>La croissance du budget ordinaire permet de d\u00e9gager des moyens pour de nouvelles initiatives notamment dans l\u2019insertion socioprofessionnelle des plus fragilis\u00e9s. Ainsi, des personnes avec un contrat article 60 ont pu rejoindre la R\u00e9gie des quartiers pour r\u00e9nover les b\u00e2timents publics ou entretenir les espaces verts. Enfin, un cr\u00e9dit de 20.000 euros suppl\u00e9mentaires a \u00e9t\u00e9 d\u00e9gag\u00e9 pour la promotion du march\u00e9 annuel dont la fr\u00e9quentation est en baisse.<\/p>\n<p>Au niveau du budget extraordinaire, les 91 millions servent \u00e9videmment \u00e0 l\u2019entretien du patrimoine communal et des voiries. Pour 2017, plusieurs projets ont \u00e9galement \u00e9t\u00e9 inscrits. Le plus important est sans conteste l\u2019agrandissement de la maison communale et le regroupement des services administratifs dans un b\u00e2timent rue de Veeweyde. <em>\u00ab&nbsp;Le dossier de demande de permis d\u2019urbanisme vient d\u2019\u00eatre jug\u00e9 complet<\/em>, ajoute l\u2019\u00e9chevin de l\u2019Urbanisme, Ga\u00ebtan Van Goidsenhoven (MR). <em>Nous allons aussi travailler sur 4 quartiers&nbsp;: Neerpede, le centre, Cureghem et le canal. Le PPAS (plan particulier d\u2019am\u00e9nagement du sol) Biestebroeck se termine. A terme, ce quartier accueillera une population sup\u00e9rieure \u00e0 celle de Spa.&nbsp;\u00bb<\/em><\/p>\n<p>La commune pr\u00e9voit \u00e9galement la r\u00e9affectation en \u00e9cole du Curo-Hall en face des Abattoirs, la r\u00e9novation d\u2019un b\u00e2timent pour les cours de promotion sociale, les finitions de la nouvelle \u00e9cole et d\u2019une cr\u00e8che \u00e0 Erasme, la r\u00e9novation en profondeur du parc Astrid et la reconstruction du pavillon Fabiola \u00e0 destination des personnes \u00e2g\u00e9es. Enfin, une nouvelle salle des sports et une salle de f\u00eates seront reconstruites \u00e0 Neerpede. Une partie de ce budget sera financ\u00e9e par le RCSA qui doit 900.000 euros \u00e0 la commune.<\/p>\n<\/div>\n<div class=\"panel-region-separator\"><em>Le Soir.be, le 24 f\u00e9vrier 2017, par Vanessa Lhuillier&nbsp;<\/em><\/div>\n<div class=\"panel-region-separator\"><em>Article disponible dans son int\u00e9gralit\u00e9 <a href=\"http:\/\/www.lesoir.be\/1447706\/article\/actualite\/regions\/bruxelles\/2017-02-24\/anderlecht-budget-communal-reste-dans-vert\">disponible ici&nbsp;<\/a><\/em><\/div>\n<div class=\"panel-region-separator\">&nbsp;<\/div>\n<div id=\"lesoir_web_smartbox_article_fr_regions\">&nbsp;<\/div>\n","protected":false},"excerpt":{"rendered":"<p>La commune a r\u00e9ussi \u00e0 d\u00e9gager un l\u00e9ger boni pour son budget 2017. [&hellip;]<\/p>\n","protected":false},"author":2,"featured_media":0,"comment_status":"closed","ping_status":"open","sticky":false,"template":"","format":"standard","meta":{"ngg_post_thumbnail":0,"footnotes":""},"categories":[39,19],"tags":[],"class_list":["post-452","post","type-post","status-publish","format-standard","hentry","category-anderlecht","category-presse"],"aioseo_notices":[],"_links":{"self":[{"href":"https:\/\/gaetanvangoidsenhoven.be\/index.php\/wp-json\/wp\/v2\/posts\/452","targetHints":{"allow":["GET"]}}],"collection":[{"href":"https:\/\/gaetanvangoidsenhoven.be\/index.php\/wp-json\/wp\/v2\/posts"}],"about":[{"href":"https:\/\/gaetanvangoidsenhoven.be\/index.php\/wp-json\/wp\/v2\/types\/post"}],"author":[{"embeddable":true,"href":"https:\/\/gaetanvangoidsenhoven.be\/index.php\/wp-json\/wp\/v2\/users\/2"}],"replies":[{"embeddable":true,"href":"https:\/\/gaetanvangoidsenhoven.be\/index.php\/wp-json\/wp\/v2\/comments?post=452"}],"version-history":[{"count":2,"href":"https:\/\/gaetanvangoidsenhoven.be\/index.php\/wp-json\/wp\/v2\/posts\/452\/revisions"}],"predecessor-version":[{"id":460,"href":"https:\/\/gaetanvangoidsenhoven.be\/index.php\/wp-json\/wp\/v2\/posts\/452\/revisions\/460"}],"wp:attachment":[{"href":"https:\/\/gaetanvangoidsenhoven.be\/index.php\/wp-json\/wp\/v2\/media?parent=452"}],"wp:term":[{"taxonomy":"category","embeddable":true,"href":"https:\/\/gaetanvangoidsenhoven.be\/index.php\/wp-json\/wp\/v2\/categories?post=452"},{"taxonomy":"post_tag","embeddable":true,"href":"https:\/\/gaetanvangoidsenhoven.be\/index.php\/wp-json\/wp\/v2\/tags?post=452"}],"curies":[{"name":"wp","href":"https:\/\/api.w.org\/{rel}","templated":true}]}}