{"id":461,"date":"2017-03-02T02:37:20","date_gmt":"2017-03-02T01:37:20","guid":{"rendered":"http:\/\/gaetanvangoidsenhoven.be\/?p=461"},"modified":"2017-03-02T02:37:47","modified_gmt":"2017-03-02T01:37:47","slug":"declaration-de-politique-generale-a-la-cocof-lopposition-se-demande-comment-la-majorite-financera-sa-politique","status":"publish","type":"post","link":"https:\/\/gaetanvangoidsenhoven.be\/index.php\/2017\/03\/02\/declaration-de-politique-generale-a-la-cocof-lopposition-se-demande-comment-la-majorite-financera-sa-politique\/","title":{"rendered":"D\u00e9claration de politique g\u00e9n\u00e9rale \u00e0 la COCOF : l&rsquo;opposition se demande comment la majorit\u00e9 financera sa politique"},"content":{"rendered":"<header>\n<h1>D\u00e9claration de politique g\u00e9n\u00e9rale \u00e0 la COCOF : l&rsquo;opposition se demande comment la majorit\u00e9 financera sa politique<\/h1>\n<div class=\"chapeau\">\n<p>Le MR et Ecolo ont \u00e9mis mercredi de s\u00e9rieux doutes sur les capacit\u00e9s de la majorit\u00e9 PS-FDF-cdH \u00e0 r\u00e9aliser les engagements qu\u2019elle prend dans sa d\u00e9claration de politique g\u00e9n\u00e9rale sur les mati\u00e8res sociales de la Commission Communautaires fran\u00e7aise de Bruxelles.<\/p>\n<\/div>\n<\/header>\n<div id=\"body_text\">\n<p>La Commission Communautaire fran\u00e7aise g\u00e8re une s\u00e9rie de domaines li\u00e9s au quotidien des quelque 950.000 francophones de la capitale (aide aux personnes handicap\u00e9es, \u00e2g\u00e9es, formation professionnelle, enseignement, sport, coh\u00e9sion sociale, &#8230;).<\/p>\n<p>Ga\u00ebtan Van Goidsenhoven, chef du groupe lib\u00e9ral au parlement francophone bruxellois, a ouvert le d\u00e9bat. Selon lui, plusieurs mesures annonc\u00e9es dans la d\u00e9claration lue dimanche par la nouvelle ministre-pr\u00e9sidente de la CoCof, Fadila Laanan (PS) \u00abont des inspirations bleut\u00e9es\u00bb.<\/p>\n<p>\u00abMais vous nous avez expliqu\u00e9 comment votre gouvernement d\u00e9pensera l\u2019argent qu\u2019il n\u2019a pas\u00bb, a-t-il dit.<\/p>\n<p>Le MR plaide pour qu\u2019une partie des moyens suppl\u00e9mentaires obtenus pour refinancer Bruxelles profitent \u00abaux politiques du coeur de la CoCof\u00bb pour doper massivement l\u2019offre de formation professionnelle et mieux soutenir la politique d\u2019aide aux personnes dont plusieurs pans d\u00e9pendront \u00abdes moyens disponibles\u00bb, a encore dit Ga\u00ebtan Van Goidsenhoven.<\/p>\n<p>Rayon budg\u00e9taire, Zo\u00e9 Genot (Ecolo) a estim\u00e9 \u00e0 un minimum de 20 millions d\u2019euros, les moyens suppl\u00e9mentaires qu\u2019il faudrait engager pour l\u2019accueil des primo-arrivants, la formation professionnelle, le plan cr\u00e8ches, &#8230; L\u2019offre de formation, \u00e0 terme 20.000 par an, restera insuffisante.<\/p>\n<p>L\u2019alliance emploi-environnement a disparu des textes alors qu\u2019elle repr\u00e9sentait pas moins de 120.000 heures de formation en 2011 et 2012, a-t-elle encore regrett\u00e9. Rien n\u2019est pr\u00e9vu pour les travailleurs \u00e2g\u00e9s.<\/p>\n<p>Mme Genot s\u2019est enfin montr\u00e9e plut\u00f4t satisfaite de constater que la politique d\u2019aide aux personnes handicap\u00e9es initi\u00e9e par Evelyne Huytebroeck n\u2019\u00e9tait pas remise en cause.<\/p>\n<p>Pour le PTB, Claire Geraets a soulign\u00e9 que l\u2019accord ne fournissait aucune proposition chiffr\u00e9e en r\u00e9ponse \u00e0 la condamnation de la Belgique en 2013 par le comit\u00e9 europ\u00e9en des Droits sociaux pour l\u2019accueil d\u00e9faillant des personnes handicap\u00e9es de grande d\u00e9pendance.<\/p>\n<\/div>\n<p>Article publi\u00e9 dans La Capitale le 23 juillet 2014.<br \/>\nRetrouvez-le en int\u00e9gralit\u00e9 <a href=\"http:\/\/www.lacapitale.be\/1062577\/article\/2014-07-23\/declaration-de-politique-generale-a-la-cocof-l-opposition-se-demande-comment-la\">ici<\/a>.<\/p>\n","protected":false},"excerpt":{"rendered":"<p>D\u00e9claration de politique g\u00e9n\u00e9rale \u00e0 la COCOF : l&rsquo;opposition se demande comment la [&hellip;]<\/p>\n","protected":false},"author":2,"featured_media":0,"comment_status":"closed","ping_status":"open","sticky":false,"template":"","format":"standard","meta":{"ngg_post_thumbnail":0,"footnotes":""},"categories":[19],"tags":[],"class_list":["post-461","post","type-post","status-publish","format-standard","hentry","category-presse"],"aioseo_notices":[],"_links":{"self":[{"href":"https:\/\/gaetanvangoidsenhoven.be\/index.php\/wp-json\/wp\/v2\/posts\/461","targetHints":{"allow":["GET"]}}],"collection":[{"href":"https:\/\/gaetanvangoidsenhoven.be\/index.php\/wp-json\/wp\/v2\/posts"}],"about":[{"href":"https:\/\/gaetanvangoidsenhoven.be\/index.php\/wp-json\/wp\/v2\/types\/post"}],"author":[{"embeddable":true,"href":"https:\/\/gaetanvangoidsenhoven.be\/index.php\/wp-json\/wp\/v2\/users\/2"}],"replies":[{"embeddable":true,"href":"https:\/\/gaetanvangoidsenhoven.be\/index.php\/wp-json\/wp\/v2\/comments?post=461"}],"version-history":[{"count":1,"href":"https:\/\/gaetanvangoidsenhoven.be\/index.php\/wp-json\/wp\/v2\/posts\/461\/revisions"}],"predecessor-version":[{"id":463,"href":"https:\/\/gaetanvangoidsenhoven.be\/index.php\/wp-json\/wp\/v2\/posts\/461\/revisions\/463"}],"wp:attachment":[{"href":"https:\/\/gaetanvangoidsenhoven.be\/index.php\/wp-json\/wp\/v2\/media?parent=461"}],"wp:term":[{"taxonomy":"category","embeddable":true,"href":"https:\/\/gaetanvangoidsenhoven.be\/index.php\/wp-json\/wp\/v2\/categories?post=461"},{"taxonomy":"post_tag","embeddable":true,"href":"https:\/\/gaetanvangoidsenhoven.be\/index.php\/wp-json\/wp\/v2\/tags?post=461"}],"curies":[{"name":"wp","href":"https:\/\/api.w.org\/{rel}","templated":true}]}}