{"id":471,"date":"2017-03-02T02:55:20","date_gmt":"2017-03-02T01:55:20","guid":{"rendered":"http:\/\/gaetanvangoidsenhoven.be\/?p=471"},"modified":"2017-03-02T02:59:28","modified_gmt":"2017-03-02T01:59:28","slug":"fermeture-du-pont-marchant-la-commune-danderlecht-exige-sa-reconstruction","status":"publish","type":"post","link":"https:\/\/gaetanvangoidsenhoven.be\/index.php\/2017\/03\/02\/fermeture-du-pont-marchant-la-commune-danderlecht-exige-sa-reconstruction\/","title":{"rendered":"Fermeture du Pont Marchant : la commune d&rsquo;Anderlecht exige sa reconstruction"},"content":{"rendered":"<div class=\"row\">\n<div class=\"col-sm-12 block_item__double-sm block_item__triple\">\n<div class=\"article\">\n<header>\n<h1 class=\"article_title\">Fermeture du Pont Marchant: la commune d&rsquo;Anderlecht exige sa reconstruction<\/h1>\n<p class=\"article-productionData\"><img decoding=\"async\" class=\"illustration-img_img\" title=\"\u00a9 IPM\" src=\"http:\/\/r1.llb.be\/image\/70\/5492cc013570e99724f45b70.jpg\" alt=\"\" data-srcset=\"{&quot;140&quot;:&quot;http:\/\/r2.llb.be\/image\/71\/5492cc013570e99724f45b71.jpg&quot;,&quot;300&quot;:&quot;http:\/\/r1.llb.be\/image\/6f\/5492cc013570e99724f45b6f.jpg&quot;,&quot;620&quot;:&quot;http:\/\/r1.llb.be\/image\/6e\/5492cc013570e99724f45b6e.jpg&quot;,&quot;940&quot;:&quot;http:\/\/r1.llb.be\/image\/70\/5492cc013570e99724f45b70.jpg&quot;}\" data-src=\"http:\/\/r1.llb.be\/image\/70\/5492cc013570e99724f45b70.jpg\"><\/p>\n<\/header>\n<div class=\"article-shareBox addthis_sharing_toolbox\">\n<p>&nbsp;La commune d&rsquo;Anderlecht a demand\u00e9 jeudi la reconstruction du pont Marchant, un des cinq ouvrages qui permettent de franchir le canal Bruxelles-Charleroi, sur son territoire. Dans l&rsquo;imm\u00e9diat, elle a demand\u00e9 un \u00e9tan\u00e7onnage permettant le passage partiel du trafic. La fermeture du pont avait \u00e9t\u00e9 d\u00e9cid\u00e9e mercredi par le ministre bruxellois des Travaux publics Pascal Smet \u00e0 la suite de publication des conclusions d&rsquo;une \u00e9tude faisant \u00e9tat de la d\u00e9t\u00e9rioration du b\u00e9ton de l&rsquo;ouvrage.&nbsp;Jeudi, le bourgmestre d&rsquo;Anderlecht Eric Tomas (PS) et le Premier \u00e9chevin, Ga\u00ebtan Van Goidsenhoven (MR), ont rappel\u00e9 que cette commune de l&rsquo;ouest de Bruxelles demandait depuis des ann\u00e9es la reconstruction de ce pont \u00ab\u00a0dont l&rsquo;\u00e9tat ne faisait que se d\u00e9grader\u00a0\u00bb.<\/p>\n<p>D&rsquo;apr\u00e8s eux, la R\u00e9gion bruxelloise a introduit une demande de permis d&rsquo;urbanisme pour la construction d&rsquo;un nouveau pont en 2011. Ce permis a \u00e9t\u00e9 octroy\u00e9 en mai 2011 et prolong\u00e9 en 2013 jusqu&rsquo;au 2 mai 2014.<\/p>\n<p>En juin dernier, la commune d&rsquo;Anderlecht a toutefois appris que le gouvernement bruxellois avait d\u00e9cid\u00e9 de renoncer \u00e0 ce projet.<\/p>\n<p>Pour les autorit\u00e9s anderlechtoises, la fermeture du pont aura des cons\u00e9quences tant sur le trafic au dessus du canal que le long de la voie d&rsquo;eau (Digue du Canal-Nord-Sud).<\/p>\n<p>En concertation entre Bruxelles-Mobilit\u00e9, le cabinet du ministre Smet, la police et le Bourgmestre d&rsquo;Anderlecht, des d\u00e9viations ont \u00e9t\u00e9 mises en place pour \u00e9viter des probl\u00e8mes de trafic dans la zone concern\u00e9e.<\/p>\n<p>Mais \u00e0 court terme, la commune d&rsquo;Anderlecht demande d&rsquo;examiner la possibilit\u00e9 d&rsquo;\u00e9tan\u00e7onner la partie du pont surplombant la digue du Canal, de fa\u00e7on \u00e0 permettre \u00e0 nouveau l&rsquo;utilisation du pont (avec limitation du tonnage), et des modifications de voirie pour r\u00e9tablir une circulation Nord-Sud via la Digue du Canal.<\/p>\n<p>Pour la reconstruction du Pont Marchant, la commune d&rsquo;Anderlecht demande d&rsquo;\u00eatre associ\u00e9e directement \u00e0 l&rsquo;\u00e9laboration des plans, vu l&rsquo;importance de cet axe de circulation dans une zone (Biestebroeck &#8211; Petite-Ile) qui est appel\u00e9e \u00e0 conna\u00eetre dans les ann\u00e9es \u00e0 venir un nouveau d\u00e9veloppement.<\/p>\n<p>&nbsp;<\/p>\n<\/div>\n<p><em>Article mis en ligne le 18 d\u00e9cembre 2014 par La Libre.<\/em><br \/>\n<em>Retrouvez l&rsquo;int\u00e9gralit\u00e9 de l&rsquo;article <a href=\"http:\/\/www.lalibre.be\/regions\/bruxelles\/fermeture-du-pont-marchant-la-commune-d-anderlecht-exige-sa-reconstruction-5492cb50357028b5e9749958\">ici<\/a>.&nbsp;<\/em><\/p>\n<\/div>\n<\/div>\n<\/div>\n<div class=\"row\">&nbsp;<\/div>\n","protected":false},"excerpt":{"rendered":"<p>Fermeture du Pont Marchant: la commune d&rsquo;Anderlecht exige sa reconstruction &nbsp;La commune d&rsquo;Anderlecht [&hellip;]<\/p>\n","protected":false},"author":2,"featured_media":0,"comment_status":"closed","ping_status":"open","sticky":false,"template":"","format":"quote","meta":{"ngg_post_thumbnail":0,"footnotes":""},"categories":[39,19],"tags":[],"class_list":["post-471","post","type-post","status-publish","format-quote","hentry","category-anderlecht","category-presse","post_format-post-format-quote"],"aioseo_notices":[],"_links":{"self":[{"href":"https:\/\/gaetanvangoidsenhoven.be\/index.php\/wp-json\/wp\/v2\/posts\/471","targetHints":{"allow":["GET"]}}],"collection":[{"href":"https:\/\/gaetanvangoidsenhoven.be\/index.php\/wp-json\/wp\/v2\/posts"}],"about":[{"href":"https:\/\/gaetanvangoidsenhoven.be\/index.php\/wp-json\/wp\/v2\/types\/post"}],"author":[{"embeddable":true,"href":"https:\/\/gaetanvangoidsenhoven.be\/index.php\/wp-json\/wp\/v2\/users\/2"}],"replies":[{"embeddable":true,"href":"https:\/\/gaetanvangoidsenhoven.be\/index.php\/wp-json\/wp\/v2\/comments?post=471"}],"version-history":[{"count":1,"href":"https:\/\/gaetanvangoidsenhoven.be\/index.php\/wp-json\/wp\/v2\/posts\/471\/revisions"}],"predecessor-version":[{"id":474,"href":"https:\/\/gaetanvangoidsenhoven.be\/index.php\/wp-json\/wp\/v2\/posts\/471\/revisions\/474"}],"wp:attachment":[{"href":"https:\/\/gaetanvangoidsenhoven.be\/index.php\/wp-json\/wp\/v2\/media?parent=471"}],"wp:term":[{"taxonomy":"category","embeddable":true,"href":"https:\/\/gaetanvangoidsenhoven.be\/index.php\/wp-json\/wp\/v2\/categories?post=471"},{"taxonomy":"post_tag","embeddable":true,"href":"https:\/\/gaetanvangoidsenhoven.be\/index.php\/wp-json\/wp\/v2\/tags?post=471"}],"curies":[{"name":"wp","href":"https:\/\/api.w.org\/{rel}","templated":true}]}}