{"id":476,"date":"2017-03-02T03:04:37","date_gmt":"2017-03-02T02:04:37","guid":{"rendered":"http:\/\/gaetanvangoidsenhoven.be\/?p=476"},"modified":"2017-03-02T03:04:37","modified_gmt":"2017-03-02T02:04:37","slug":"demandeurs-dasile-le-parcours-dintegration-a-lepreuve-des-moyens-budgetaires-de-la-cocof-a-bruxelles","status":"publish","type":"post","link":"https:\/\/gaetanvangoidsenhoven.be\/index.php\/2017\/03\/02\/demandeurs-dasile-le-parcours-dintegration-a-lepreuve-des-moyens-budgetaires-de-la-cocof-a-bruxelles\/","title":{"rendered":"Demandeurs d&rsquo;asile : le parcours d&rsquo;int\u00e9gration \u00e0 l&rsquo;\u00e9preuve des moyens budg\u00e9taires de la Cocof \u00e0 Bruxelles"},"content":{"rendered":"<p><strong>Demandeurs d&rsquo;asile : le parcours d&rsquo;int\u00e9gration \u00e0 l&rsquo;\u00e9preuve des moyens budg\u00e9taires de la Cocof \u00e0 Bruxelles<\/strong><\/p>\n<p>Dans la foul\u00e9e de celle des assembl\u00e9es r\u00e9gionale et bicommunautaire bruxelloises, le parlement francophone bruxellois a fait sa rentr\u00e9e mercredi, se concentrant essentiellement sur la question de l\u2019accueil des r\u00e9fugi\u00e9s et par-del\u00e0, des primo-arrivants, avec au-del\u00e0 plus de questions que de r\u00e9ponses sur les capacit\u00e9s de l\u2019institution francophone bruxelloise \u00e0 y faire face sur le plan budg\u00e9taire dans les prochains mois.<\/p>\n<p>Plus que la veille \u00e0 l\u2019assembl\u00e9e bi-communautaire r\u00e9unissant tous les d\u00e9put\u00e9s bruxellois et qui se penchait aussi sur ce dossier, le d\u00e9bat de mercredi entre les \u00e9lus bruxellois francophones voulu par la pr\u00e9sidente Julie de Groote (cdH) a en effet mis en lumi\u00e8re ce volet \u00e0 terme aussi difficile \u00e0 aborder que l\u2019aspect id\u00e9ologique du caract\u00e8re obligatoire du parcours d\u2019int\u00e9gration \u00e0 Bruxelles, d\u00e9fendu notamment par le MR, depuis plusieurs ann\u00e9es.<\/p>\n<p>Si cela n\u2019avait tenu qu\u2019\u00e0 la pr\u00e9sidente de l\u2019assembl\u00e9e francophone bruxelloise, on aurait pu imaginer un d\u00e9bat intra-bruxellois conjoint sur les questions de l\u2019accueil des r\u00e9fugi\u00e9s et primo-arrivants, mais il \u00e9tait l\u00e9galement obligatoire de voir se succ\u00e9der les troisi\u00e8mes lundi, mardi et mercredi de septembre pour les rentr\u00e9es respectives des assembl\u00e9es bruxelloises, a-t-elle dit.<\/p>\n<p>La ministre-pr\u00e9sidente de la Cocof, Fadila Laanan (PS), a rappel\u00e9 qu\u2019en raison de l\u2019afflux actuel de r\u00e9fugi\u00e9s \u00e0 Bruxelles, le gouvernement francophone bruxellois avait d\u00e9cid\u00e9 l\u2019ouverture de deux Bureaux d\u2019Accueil des primo-arrivants (BAPA), au lieu d\u2019un pour porter \u00e0 4.000 personnes la capacit\u00e9 d\u2019accueil. Ces bureaux devraient ouvrir en d\u00e9cembre, mais au stade actuel, aucun public prioritaire n\u2019a \u00e9t\u00e9 d\u00e9fini. Ils seront donc accessibles \u00e0 toutes les personnes de nationalit\u00e9 \u00e9trang\u00e8re r\u00e9sidant en Belgique depuis moins de trois ans, et plus de trois mois.<\/p>\n<p>Pour Ga\u00ebtan Van Goidsenhoven, il importe en tout cas de rendre ce parcours d\u2019accueil obligatoire, quitte \u00e0 passer par une solidarit\u00e9 intra-bruxelloise.<\/p>\n<p>Selon Catherine Moureaux (PS), si l\u2019on devait ouvrir les BAPA ne serait-ce qu\u2019\u00e0 l\u2019ensemble des primo-arrivants pr\u00e9sents aujourd\u2019hui \u00e0 Bruxelles, il faudrait 29 millions d\u2019euros, ce qui implique que des choix devront \u00eatre effectu\u00e9s en mati\u00e8re de public-cible d\u2019ici 2016. Pour elle, dans une vision plus large, la CoCof et Bruxelles ne peuvent faire face seules \u00e0 l\u2019afflux de r\u00e9fugi\u00e9s. Le MR, seul parti francophone du gouvernement f\u00e9d\u00e9ral, \u00abdoit peser de tout son poids pour obtenir une solidarit\u00e9 \u00e0 l\u2019\u00e9chelle du pays\u00bb, \u00e0 l\u2019image du compromis trouv\u00e9 au niveau europ\u00e9en en mati\u00e8re de r\u00e9partition des r\u00e9fugi\u00e9s.<\/p>\n<p>\u00abIl y a une tension \u00e9norme entre ce que vous dites que vous allez faire et ce que vous avez les moyens de faire\u00bb, a quant \u00e0 lui lanc\u00e9 Alain Maron (Ecolo, opposition) \u00e0 Fadila Laanan, exprimant plus directement sa pr\u00e9occupation sur ce point que Michel Colson (FDF) et Hamza Fassi Fihri (cdH), tous deux dans la majorit\u00e9.<\/p>\n<p>De son c\u00f4t\u00e9, Micha\u00ebl Verbauwheden (PTB) a estim\u00e9 qu\u2019un parcours obligatoire serait peu efficace tant que les besoins de base des populations concern\u00e9es ne sont pas rencontr\u00e9s.<\/p>\n<p>&nbsp;<\/p>\n<p><em>Article r\u00e9dig\u00e9 par La Capitale et mis en ligne le 23 d\u00e9cembre 2015.<\/em><br \/>\n<em>Pour le consulter en int\u00e9gralit\u00e9, <a href=\"http:\/\/www.lacapitale.be\/1381879\/article\/2015-09-23\/demandeurs-d-asile-le-parcours-d-integration-a-l-epreuve-des-moyens-budgetaires\">cliquez ici<\/a>.<\/em><\/p>\n","protected":false},"excerpt":{"rendered":"<p>Demandeurs d&rsquo;asile : le parcours d&rsquo;int\u00e9gration \u00e0 l&rsquo;\u00e9preuve des moyens budg\u00e9taires de la [&hellip;]<\/p>\n","protected":false},"author":2,"featured_media":0,"comment_status":"closed","ping_status":"open","sticky":false,"template":"","format":"standard","meta":{"ngg_post_thumbnail":0,"footnotes":""},"categories":[19],"tags":[],"class_list":["post-476","post","type-post","status-publish","format-standard","hentry","category-presse"],"aioseo_notices":[],"_links":{"self":[{"href":"https:\/\/gaetanvangoidsenhoven.be\/index.php\/wp-json\/wp\/v2\/posts\/476","targetHints":{"allow":["GET"]}}],"collection":[{"href":"https:\/\/gaetanvangoidsenhoven.be\/index.php\/wp-json\/wp\/v2\/posts"}],"about":[{"href":"https:\/\/gaetanvangoidsenhoven.be\/index.php\/wp-json\/wp\/v2\/types\/post"}],"author":[{"embeddable":true,"href":"https:\/\/gaetanvangoidsenhoven.be\/index.php\/wp-json\/wp\/v2\/users\/2"}],"replies":[{"embeddable":true,"href":"https:\/\/gaetanvangoidsenhoven.be\/index.php\/wp-json\/wp\/v2\/comments?post=476"}],"version-history":[{"count":1,"href":"https:\/\/gaetanvangoidsenhoven.be\/index.php\/wp-json\/wp\/v2\/posts\/476\/revisions"}],"predecessor-version":[{"id":477,"href":"https:\/\/gaetanvangoidsenhoven.be\/index.php\/wp-json\/wp\/v2\/posts\/476\/revisions\/477"}],"wp:attachment":[{"href":"https:\/\/gaetanvangoidsenhoven.be\/index.php\/wp-json\/wp\/v2\/media?parent=476"}],"wp:term":[{"taxonomy":"category","embeddable":true,"href":"https:\/\/gaetanvangoidsenhoven.be\/index.php\/wp-json\/wp\/v2\/categories?post=476"},{"taxonomy":"post_tag","embeddable":true,"href":"https:\/\/gaetanvangoidsenhoven.be\/index.php\/wp-json\/wp\/v2\/tags?post=476"}],"curies":[{"name":"wp","href":"https:\/\/api.w.org\/{rel}","templated":true}]}}