{"id":492,"date":"2017-03-02T03:56:07","date_gmt":"2017-03-02T02:56:07","guid":{"rendered":"http:\/\/gaetanvangoidsenhoven.be\/?p=492"},"modified":"2017-03-02T03:56:07","modified_gmt":"2017-03-02T02:56:07","slug":"le-budget-2016-de-la-cocof-revu-a-la-baisse-et-en-equilibre","status":"publish","type":"post","link":"https:\/\/gaetanvangoidsenhoven.be\/index.php\/2017\/03\/02\/le-budget-2016-de-la-cocof-revu-a-la-baisse-et-en-equilibre\/","title":{"rendered":"Le budget 2016 de la Cocof revu \u00e0 la baisse et en \u00e9quilibre"},"content":{"rendered":"<h1 id=\"articleDetailTitle\" class=\"k1 mrg\">Le budget 2016 de la Cocof revu \u00e0 la baisse et en \u00e9quilibre<\/h1>\n<section class=\"str_article_cntr buttons-positioning\">\n<div>\n<p><img decoding=\"async\" class=\"aligncenter\" src=\"http:\/\/static2.7sur7.be\/static\/photo\/2015\/3\/11\/6\/20151211172555\/media_xll_8233026.jpg\" width=\"510\"><\/p>\n<p class=\"intro\" style=\"text-align: center;\">&nbsp;<\/p>\n<p class=\"intro\" style=\"text-align: left;\">Le parlement francophone bruxellois a adopt\u00e9 vendredi \u00e0 majorit\u00e9 (PS-FDF-cdH) contre opposition (MR-Ecolo-PTB) le budget 2016 de la Commission communautaire fran\u00e7aise, revu \u00e0 la baisse de 92 millions d&rsquo;euros par rapport \u00e0 2015, pour atteindre 445,8 millions, certaines institutions ayant bascul\u00e9 vers la Commission communautaire commune, \u00e0 la suite de la r\u00e9forme de l&rsquo;Etat.<\/p>\n<section class=\"clear\">La ministre-pr\u00e9sidente de la Cocof, Fadila Laanan (PS), a d\u00e9fendu le projet des ministres francophones caract\u00e9ris\u00e9 par le renforcement des dispositifs d&rsquo;accompagnement des primo-arrivants, de la formation professionnelle, de la politique d&rsquo;aide aux personnes handicap\u00e9es et de l&rsquo;accueil de la Petite enfance.Dans l&rsquo;opposition, se f\u00e9licitant de l&rsquo;assouplissement de l&rsquo;\u00e9tanch\u00e9it\u00e9 entre institutions bruxelloises, qui a permis d&rsquo;injecter un montant de 9 millions d&rsquo;euros depuis la R\u00e9gion, Ga\u00ebtan Van Goidsenhoven (MR) a regrett\u00e9 que l&rsquo;ex\u00e9cutif n&rsquo;ait pas recherch\u00e9 des pistes de moyens suppl\u00e9mentaires dans le financement alternatif et le partenariat public-priv\u00e9.<\/p>\n<p>Comme lui, Alain Maron (Ecolo) a estim\u00e9 que la cr\u00e9ation de nouvelles places en cr\u00e8ches progressait trop lentement, et manquait de planification pr\u00e9cise. Pour l&rsquo;\u00e9lu \u00e9cologiste, les 9 millions en provenance de la R\u00e9gion n&rsquo;ont pas permis de donner de nouvelle impulsion \u00e0 la politique de coh\u00e9sion sociale qui en a bien besoin. Il est vrai, a-t-il d\u00e9plor\u00e9, que la CoCof r\u00e9serve une nouvelle fois deux millions pour la promotion de Bruxelles au sein de la F\u00e9d\u00e9ration Wallonie-Bruxelles \u00e0 titre de \u00ab\u00a0lot de consolation\u00a0\u00bb pour le ministre Rachid Madrane.<\/p>\n<p>Pour le PTB, le budget de la CoCof pr\u00e9sente des carences graves dans tous les secteurs en regard des besoins de la population.<\/p>\n<p>Mis en ligne le 11 d\u00e9cembre 2015 par 7sur7.<br \/>\nArticle consultable dans son int\u00e9gralit\u00e9<a href=\"http:\/\/www.7sur7.be\/7s7\/fr\/1502\/Belgique\/article\/detail\/2553962\/2015\/12\/11\/Le-budget-2016-de-la-Cocof-revu-a-la-baisse-et-en-equilibre.dhtml\"> ici<\/a>.<\/p>\n<\/section>\n<\/div>\n<article class=\"article art_detail\">\n<div>&nbsp;<\/div>\n<\/article>\n<\/section>\n","protected":false},"excerpt":{"rendered":"<p>Le budget 2016 de la Cocof revu \u00e0 la baisse et en \u00e9quilibre [&hellip;]<\/p>\n","protected":false},"author":2,"featured_media":0,"comment_status":"closed","ping_status":"open","sticky":false,"template":"","format":"standard","meta":{"ngg_post_thumbnail":0,"footnotes":""},"categories":[19],"tags":[],"class_list":["post-492","post","type-post","status-publish","format-standard","hentry","category-presse"],"aioseo_notices":[],"_links":{"self":[{"href":"https:\/\/gaetanvangoidsenhoven.be\/index.php\/wp-json\/wp\/v2\/posts\/492","targetHints":{"allow":["GET"]}}],"collection":[{"href":"https:\/\/gaetanvangoidsenhoven.be\/index.php\/wp-json\/wp\/v2\/posts"}],"about":[{"href":"https:\/\/gaetanvangoidsenhoven.be\/index.php\/wp-json\/wp\/v2\/types\/post"}],"author":[{"embeddable":true,"href":"https:\/\/gaetanvangoidsenhoven.be\/index.php\/wp-json\/wp\/v2\/users\/2"}],"replies":[{"embeddable":true,"href":"https:\/\/gaetanvangoidsenhoven.be\/index.php\/wp-json\/wp\/v2\/comments?post=492"}],"version-history":[{"count":2,"href":"https:\/\/gaetanvangoidsenhoven.be\/index.php\/wp-json\/wp\/v2\/posts\/492\/revisions"}],"predecessor-version":[{"id":494,"href":"https:\/\/gaetanvangoidsenhoven.be\/index.php\/wp-json\/wp\/v2\/posts\/492\/revisions\/494"}],"wp:attachment":[{"href":"https:\/\/gaetanvangoidsenhoven.be\/index.php\/wp-json\/wp\/v2\/media?parent=492"}],"wp:term":[{"taxonomy":"category","embeddable":true,"href":"https:\/\/gaetanvangoidsenhoven.be\/index.php\/wp-json\/wp\/v2\/categories?post=492"},{"taxonomy":"post_tag","embeddable":true,"href":"https:\/\/gaetanvangoidsenhoven.be\/index.php\/wp-json\/wp\/v2\/tags?post=492"}],"curies":[{"name":"wp","href":"https:\/\/api.w.org\/{rel}","templated":true}]}}