{"id":495,"date":"2017-03-02T04:05:12","date_gmt":"2017-03-02T03:05:12","guid":{"rendered":"http:\/\/gaetanvangoidsenhoven.be\/?p=495"},"modified":"2017-03-02T04:05:12","modified_gmt":"2017-03-02T03:05:12","slug":"toujours-aucun-plan-b-pour-le-memorial-van-damme","status":"publish","type":"post","link":"https:\/\/gaetanvangoidsenhoven.be\/index.php\/2017\/03\/02\/toujours-aucun-plan-b-pour-le-memorial-van-damme\/","title":{"rendered":"Toujours aucun plan B pour le M\u00e9morial Van Damme"},"content":{"rendered":"<p><strong>Toujours aucun plan B pour le M\u00e9morial Van Damme<\/strong><\/p>\n<p><img decoding=\"async\" src=\"http:\/\/r2.llb.be\/image\/37\/5556d94d35704bb01c50f137.jpg\"><\/p>\n<p>Principale comp\u00e9tition d\u2019athl\u00e9tisme en R\u00e9gion bruxelloise, le M\u00e9morial Ivo Van Damme ne pourra pas d\u00e9m\u00e9nager dans le futur Grand Stade qui sera \u00e9rig\u00e9 sur le site du parking C \u00e0 Grimbergen. Dans six ans, le meeting devra donc \u00eatre d\u00e9plac\u00e9. Oui, mais vers quelle destination ? C\u2019est la question qui a \u00e9t\u00e9 pos\u00e9e cette semaine par les d\u00e9put\u00e9s Ga\u00ebtan Van Goidsenhoven (MR), Fabian Maingain (FDF), Beno\u00eet Cerexhe (CDH) et Bruno De Lille (Groen) au ministre bruxellois Guy Vanhengel (Open VLD).<\/p>\n<p>Alors que plusieurs lieux potentiels ont d\u00e9j\u00e0 \u00e9t\u00e9 \u00e9voqu\u00e9s tels que le stade Fallon, les Trois Tilleuls ou encore le stade Jesse Owen \u00e0 Anderlecht, les parlementaires ont voulu s\u2019assurer que l\u2019avenir du M\u00e9morial Van Damme se trouve bien en R\u00e9gion bruxelloise et conna\u00eetre les estimations budg\u00e9taires.<\/p>\n<p>La r\u00e9ponse du ministre Guy Vanhengel (Open VLD) &#8211; qui a d\u2019abord longuement vant\u00e9 ses bonnes relations avec l\u2019organisateur du M\u00e9morial Wilfried Meert et retrac\u00e9 l\u2019histoire du meeting d\u2019athl\u00e9tisme avant d\u2019en venir au fait &#8211; a agac\u00e9 le parlementaire lib\u00e9ral Ga\u00ebtan Van Goidsenhoven. \u00ab\u00a0La prochaine fois, je vous interpellerai sur la possibilit\u00e9 de faire une piscine olympique vu votre propension \u00e0 noyer le poisson\u00a0\u00bb, a d\u2019ailleurs r\u00e9pliqu\u00e9 ce dernier.<\/p>\n<p>De la bouche du ministre Vanhengel, on a toutefois appris que le gouvernement bruxellois en est pour l\u2019instant au stade de la prospection et que celle-ci durera encore un an ou deux. Et que contrairement \u00e0 un stade de football, l\u2019infrastructure \u00e0 m\u00eame d\u2019accueillir le M\u00e9morial ne pourra pas \u00eatre financ\u00e9e par le secteur priv\u00e9, car sa rentabilit\u00e9 n\u2019est pas garantie. \u00ab\u00a0Les communaut\u00e9s, comp\u00e9tentes pour la politique sportive dans le pays, devront prendre leurs responsabilit\u00e9s dans ce dossier. La R\u00e9gion bruxelloise ne doit pas \u00eatre la seule institution impliqu\u00e9e\u00a0\u00bb, a-t-il ajout\u00e9.<\/p>\n<p>Pas de quoi rassurer Ga\u00ebtan Van Goidsenhoven : \u00ab\u00a0Le Stade national a envo\u00fbt\u00e9 le gouvernement bruxellois. Le stade de foot monopolise les esprits et le stade d\u2019athl\u00e9tisme est laiss\u00e9 pour compte. Nous n&rsquo;en sommes nulle part : on sait qu\u2019il faudra un stade mais on ne sait pas o\u00f9 ni comment ni avec quel financement. On tra\u00eene alors qu\u2019il y a des permis \u00e0 obtenir, un financement public \u00e0 trouver et des n\u00e9gociations \u00e0 entamer avec les communaut\u00e9s. Six ans, c\u2019est court pour livrer un stade. Vu l\u2019\u00e9troitesse des d\u00e9lais, le gouvernement doit revoir sa m\u00e9thodologie. Cet \u00e9v\u00e9nement majeur est r\u00e9ellement en danger !\u00a0\u00bb<\/p>\n<p>&nbsp;<\/p>\n<p><em>Article publi\u00e9 le 15 mai 2015 par Le Soir.&nbsp;<\/em><br \/>\n<em>Pour le consulter dans son int\u00e9gralit\u00e9, veuillez cliquer <a href=\"http:\/\/www.lalibre.be\/regions\/bruxelles\/toujours-aucun-plan-b-pour-le-memorial-van-damme-555647c335704bb01c4f09c3\">ici<\/a>.<\/em><\/p>\n","protected":false},"excerpt":{"rendered":"<p>Toujours aucun plan B pour le M\u00e9morial Van Damme Principale comp\u00e9tition d\u2019athl\u00e9tisme en [&hellip;]<\/p>\n","protected":false},"author":2,"featured_media":0,"comment_status":"closed","ping_status":"open","sticky":false,"template":"","format":"standard","meta":{"ngg_post_thumbnail":0,"footnotes":""},"categories":[19],"tags":[],"class_list":["post-495","post","type-post","status-publish","format-standard","hentry","category-presse"],"aioseo_notices":[],"_links":{"self":[{"href":"https:\/\/gaetanvangoidsenhoven.be\/index.php\/wp-json\/wp\/v2\/posts\/495","targetHints":{"allow":["GET"]}}],"collection":[{"href":"https:\/\/gaetanvangoidsenhoven.be\/index.php\/wp-json\/wp\/v2\/posts"}],"about":[{"href":"https:\/\/gaetanvangoidsenhoven.be\/index.php\/wp-json\/wp\/v2\/types\/post"}],"author":[{"embeddable":true,"href":"https:\/\/gaetanvangoidsenhoven.be\/index.php\/wp-json\/wp\/v2\/users\/2"}],"replies":[{"embeddable":true,"href":"https:\/\/gaetanvangoidsenhoven.be\/index.php\/wp-json\/wp\/v2\/comments?post=495"}],"version-history":[{"count":1,"href":"https:\/\/gaetanvangoidsenhoven.be\/index.php\/wp-json\/wp\/v2\/posts\/495\/revisions"}],"predecessor-version":[{"id":496,"href":"https:\/\/gaetanvangoidsenhoven.be\/index.php\/wp-json\/wp\/v2\/posts\/495\/revisions\/496"}],"wp:attachment":[{"href":"https:\/\/gaetanvangoidsenhoven.be\/index.php\/wp-json\/wp\/v2\/media?parent=495"}],"wp:term":[{"taxonomy":"category","embeddable":true,"href":"https:\/\/gaetanvangoidsenhoven.be\/index.php\/wp-json\/wp\/v2\/categories?post=495"},{"taxonomy":"post_tag","embeddable":true,"href":"https:\/\/gaetanvangoidsenhoven.be\/index.php\/wp-json\/wp\/v2\/tags?post=495"}],"curies":[{"name":"wp","href":"https:\/\/api.w.org\/{rel}","templated":true}]}}