{"id":497,"date":"2017-03-02T04:16:18","date_gmt":"2017-03-02T03:16:18","guid":{"rendered":"http:\/\/gaetanvangoidsenhoven.be\/?p=497"},"modified":"2017-03-02T04:16:39","modified_gmt":"2017-03-02T03:16:39","slug":"meylemeersch-la-vallee-perdue","status":"publish","type":"post","link":"https:\/\/gaetanvangoidsenhoven.be\/index.php\/2017\/03\/02\/meylemeersch-la-vallee-perdue\/","title":{"rendered":"Meylemeersch, la vall\u00e9e perdue ?"},"content":{"rendered":"<p><strong>Meylemeersch, la vall\u00e9e perdue ?<\/strong><br \/>\n<img decoding=\"async\" src=\"http:\/\/r1.llb.be\/image\/da\/5507c1883570c8b952a8ddda.jpg\"><\/p>\n<p>Une \u00ab\u00a0forme de n\u00e9gligence\u00a0\u00bb et de \u00ab\u00a0m\u00e9connaissance\u00a0\u00bb r\u00e9gionale de la valeur patrimoniale du vallon du Meylemeersch : c\u2019est ce qui a conduit, lundi, Ga\u00ebtan Van Goidsenhoven (MR) \u00e0 s\u2019indigner de la non-gestion de 8 hectares bordant la route de Lennik.<\/p>\n<p>\u00ab\u00a0En 1995, 25 hectares de la vall\u00e9e ont \u00e9t\u00e9 class\u00e9s; et 13 hectares ont \u00e9t\u00e9 agr\u00e9\u00e9s comme r\u00e9serve naturelle\u00a0\u00bb, resitue l\u2019\u00e9dile de l\u2019Urbanisme. Le terrain en question, lui, appartient au CPAS de la Ville, \u00e0 Citydev et \u00e0 l\u2019ULB\/Erasme. En 2012, le CCN Vogelzang, que renfor\u00e7aient 500 signatures, en r\u00e9clamait le classement. Mais&#8230;<\/p>\n<p>\u00ab\u00a0Anderlecht a d\u00e9j\u00e0 pay\u00e9 un lourd tribut au d\u00e9veloppement de la ville !\u00a0\u00bb se d\u00e9sole le premier \u00e9chevin et d\u00e9put\u00e9, en montrant, d\u00e8s l\u2019entr\u00e9e du projet Erasmus Sud, le parking &#8211; sauvage &#8211; que s\u2019approprient 200 voitures. \u00ab\u00a0Veut-on la nature en ville ?\u00a0\u00bb<\/p>\n<p>En l\u2019esp\u00e8ce , Ga\u00ebtan Van Goidsenhoven n\u2019est pas rev\u00eache aux activit\u00e9s \u00e9conomiques. Si ce n\u2019est que l\u00e0-bas, aux confins de la capitale, l\u2019urbanisation para\u00eet outranci\u00e8re, entre extension de l\u2019h\u00f4pital, ambitions d\u2019Erasme Sud ou perspective de kots \u00e9tudiants. Le risque ? \u00ab\u00a0Construire de plus en plus, jusqu\u2019\u00e0 la fronti\u00e8re\u00a0\u00bb avec la Flandre. Et jusqu\u2019\u00e0 la promenade verte, si proche.<\/p>\n<p>\u00ab\u00a0Nous ne voulons pas en faire un sanctuaire.\u00a0\u00bb Mais bien une aire conviviale, une aire de promenade pour tous, Anderlechtois et autres, travailleurs, et promeneurs, d\u00e9taille le mandataire en apportant sciemment de l\u2019eau au moulin du classement de l\u2019endroit. \u00ab\u00a0Il n\u2019y aura plus 50 occasions de pr\u00e9server le Meylemeersch&#8230;\u00a0\u00bb<\/p>\n<p><strong>D\u00e9cision imminente du gouvernement<\/strong><\/p>\n<p>Son v\u0153u environnemental, l\u2019exigence d\u2019une r\u00e9flexion coh\u00e9rente et globale sur la vall\u00e9e du Vogelzang (dans le cadre d\u2019un plan directeur Neerpede\/Sint-Anna-Pede\/Vlezenbeek se tra\u00eenant), la n\u00e9cessit\u00e9 d\u2019une prise en main de l\u2019endroit et d\u2019un acc\u00e8s pi\u00e9ton (reliant route de Lennik et promenade verte), \u00ab\u00a0Van Goids\u00a0\u00bb les a notifi\u00e9s au ministre-Pr\u00e9sident, Rudi Vervoort (PS). Un courrier a formalis\u00e9 une visite in situ. Alors, classera, classera pas ? L\u2019ex\u00e9cutif r\u00e9gional est cens\u00e9 trancher sous peu.<\/p>\n<p>&nbsp;<\/p>\n<p><em>Article r\u00e9dig\u00e9 par Guy Bernard et mis en ligne sur Le Soir le 16 mars 2015.&nbsp;<\/em><br \/>\n<em>Pour consulter l&rsquo;article dans son int\u00e9gralit\u00e9, cliquez <a href=\"http:\/\/www.lalibre.be\/regions\/bruxelles\/meylemeersch-la-vallee-perdue-550729fe3570c8b952a6f532\">ici<\/a>.<\/em><\/p>\n","protected":false},"excerpt":{"rendered":"<p>Meylemeersch, la vall\u00e9e perdue ? Une \u00ab\u00a0forme de n\u00e9gligence\u00a0\u00bb et de \u00ab\u00a0m\u00e9connaissance\u00a0\u00bb r\u00e9gionale [&hellip;]<\/p>\n","protected":false},"author":2,"featured_media":0,"comment_status":"closed","ping_status":"open","sticky":false,"template":"","format":"standard","meta":{"ngg_post_thumbnail":0,"footnotes":""},"categories":[39,19],"tags":[],"class_list":["post-497","post","type-post","status-publish","format-standard","hentry","category-anderlecht","category-presse"],"aioseo_notices":[],"_links":{"self":[{"href":"https:\/\/gaetanvangoidsenhoven.be\/index.php\/wp-json\/wp\/v2\/posts\/497","targetHints":{"allow":["GET"]}}],"collection":[{"href":"https:\/\/gaetanvangoidsenhoven.be\/index.php\/wp-json\/wp\/v2\/posts"}],"about":[{"href":"https:\/\/gaetanvangoidsenhoven.be\/index.php\/wp-json\/wp\/v2\/types\/post"}],"author":[{"embeddable":true,"href":"https:\/\/gaetanvangoidsenhoven.be\/index.php\/wp-json\/wp\/v2\/users\/2"}],"replies":[{"embeddable":true,"href":"https:\/\/gaetanvangoidsenhoven.be\/index.php\/wp-json\/wp\/v2\/comments?post=497"}],"version-history":[{"count":2,"href":"https:\/\/gaetanvangoidsenhoven.be\/index.php\/wp-json\/wp\/v2\/posts\/497\/revisions"}],"predecessor-version":[{"id":499,"href":"https:\/\/gaetanvangoidsenhoven.be\/index.php\/wp-json\/wp\/v2\/posts\/497\/revisions\/499"}],"wp:attachment":[{"href":"https:\/\/gaetanvangoidsenhoven.be\/index.php\/wp-json\/wp\/v2\/media?parent=497"}],"wp:term":[{"taxonomy":"category","embeddable":true,"href":"https:\/\/gaetanvangoidsenhoven.be\/index.php\/wp-json\/wp\/v2\/categories?post=497"},{"taxonomy":"post_tag","embeddable":true,"href":"https:\/\/gaetanvangoidsenhoven.be\/index.php\/wp-json\/wp\/v2\/tags?post=497"}],"curies":[{"name":"wp","href":"https:\/\/api.w.org\/{rel}","templated":true}]}}