{"id":500,"date":"2017-03-02T04:21:48","date_gmt":"2017-03-02T03:21:48","guid":{"rendered":"http:\/\/gaetanvangoidsenhoven.be\/?p=500"},"modified":"2017-03-02T04:21:48","modified_gmt":"2017-03-02T03:21:48","slug":"des-projets-retardes-par-les-lenteurs-administratives","status":"publish","type":"post","link":"https:\/\/gaetanvangoidsenhoven.be\/index.php\/2017\/03\/02\/des-projets-retardes-par-les-lenteurs-administratives\/","title":{"rendered":"Des projets retard\u00e9s par les lenteurs administratives"},"content":{"rendered":"<p><strong>Des projets retard\u00e9s par les lenteurs administratives<\/strong><\/p>\n<p><img decoding=\"async\" class=\"alignleft\" src=\"http:\/\/ls.rosselcdn.net\/sites\/default\/files\/imagecache\/475x317\/2015\/07\/02\/1500553165_B975962989Z.1_20150702170157_000_GRN4PLO88.1-0.jpg\" alt=\"Les promoteurs ayant des projets rue de la Loi s\u2019impatientent. \u00a9 Pierre-Yves Thienpont.\"><\/p>\n<p>&nbsp;<\/p>\n<p>&nbsp;<\/p>\n<p>Des projets de construction seraient retard\u00e9s \u00e0 cause de lenteurs administratives r\u00e9gionales. Des mandats n\u2019auraient pas \u00e9t\u00e9 renouvel\u00e9s, ce qui rend impossible la d\u00e9livrance des documents.<\/p>\n<p>&nbsp;<\/p>\n<p>&nbsp;<\/p>\n<p>Les promoteurs ayant des projets rue de la Loi s\u2019impatientent. \u00a9 Pierre-Yves Thienpont.<br \/>\nLes promoteurs immobiliers font tourner le b\u00e9ton depuis des mois sans pouvoir le faire couler. Leurs projets ne peuvent voir le jour \u00e0 cause notamment de lenteurs administratives. Il manquerait du personnel au sein de la Commission r\u00e9gionale de d\u00e9veloppement et de la Commission royale des monuments et sites, ce qui emp\u00eache la poursuite des proc\u00e9dures comme l\u2019\u00e9laboration des PPAS (plan particulier d\u2019affectation du sol) par les communes.<\/p>\n<p>A la Ville de Bruxelles, la situation devient d\u2019ailleurs critique. Plusieurs dossiers sont \u00e0 l\u2019arr\u00eat pour la rue de la Loi car la commune n\u2019a toujours pas pu r\u00e9aliser son PPAS, alors qu\u2019il y a quelques mois, la R\u00e9gion pressait pour que le plan aboutisse.<br \/>\n\u00ab Nous avons beaucoup de dossiers en cours car nous pouvons nous-m\u00eame r\u00e9aliser les PPAS, explique l\u2019\u00e9chevin de l\u2019Urbanisme, Geoffroy Coomans (MR). On ne peut pas aller de l\u2019avant alors que les promoteurs attendent les garanties urbanistiques n\u00e9cessaires. Ils veulent s\u00e9curiser leurs investissements, ce qui est logique, et nous ne pouvons pas r\u00e9pondre \u00e0 leurs demandes. \u00bb<\/p>\n<p><strong>Perte d\u2019argent<\/strong><br \/>\nCela engendre un manque \u00e0 gagner pour la Ville, puisque les constructions ne peuvent se faire pour le moment. Ainsi, les nouvelles surfaces de bureaux ou de logements ne voient pas le jour. Les taxes ne rentrent donc pas dans les caisses.<\/p>\n<p>\u00ab La question se fera certainement plus pressante quand nous devrons entamer le PPAS pour Neo sur le plateau du Heysel, ajoute l\u2019\u00e9chevin. Si la R\u00e9gion engrange du retard, comment le r\u00e9cup\u00e9ra-t-elle ? Il faudra prendre un ticket comme dans une file d\u2019attente pour savoir quels dossiers seront trait\u00e9s en priorit\u00e9. \u00bb<\/p>\n<p>Visiblement, il n\u2019y a pas que les PPAS qui prennent du retard. A tous les niveaux des proc\u00e9dures urbanistiques, des r\u00e9unions sont annul\u00e9es ou le gouvernement ne se prononce pas sur des recours.<\/p>\n<p>A Anderlecht, on confirme qu\u2019il y a entre 6 et 9 mois de retard pour la d\u00e9livrance des permis d\u2019urbanisme qui disposent d\u2019un rapport d\u2019incidences. \u00ab Avant, ces dossiers \u00e9taient d\u00e9livr\u00e9s par les communes, mais la R\u00e9gion a d\u00e9cid\u00e9 de le faire elle-m\u00eame, rappelle Ga\u00ebtan Van Goidsenhoven (MR), \u00e9chevin de l\u2019Urbanisme \u00e0 Anderlecht. Cette r\u00e9forme \u00e9tait cens\u00e9e acc\u00e9l\u00e9rer les proc\u00e9dures, mais c\u2019est le contraire qui se passe. Comme souvent, on ne s\u2019est pas donn\u00e9 les moyens de ses ambitions et les fonctionnaires de l\u2019ADT (Agence de d\u00e9veloppement territorial) sont d\u00e9bord\u00e9s. On sent qu\u2019il y a un malaise. \u00bb<\/p>\n<p>Le d\u00e9put\u00e9 a ainsi d\u00e9pos\u00e9 une interpellation pour comprendre pourquoi les retards se multiplient. \u00ab On constate que la production de logements en 2014 est moindre. Est-ce d\u00fb \u00e0 un allongement de la proc\u00e9dure de d\u00e9livrance des permis d\u2019urbanisme ou \u00e0 une diminution de l\u2019introduction de dossiers ? \u00bb<\/p>\n<p>A la R\u00e9gion, on dit ne pas \u00eatre au courant de ces retards. Le projet de cr\u00e9ation du bureau de planification et la rationalisation des op\u00e9rateurs d\u2019am\u00e9nagement du territoire suivent en tout cas leur cours.<\/p>\n<p>&nbsp;<\/p>\n<p><em>Vanessa Lhuillier, Le Soir. Mis en ligne jeudi 2 juillet 2015.<\/em><br \/>\n<em>Pour consulter l&rsquo;article dans son int\u00e9gralit\u00e9, cliquez <a href=\"http:\/\/www.lesoir.be\/925520\/article\/actualite\/regions\/bruxelles\/2015-07-02\/des-projets-retardes-par-lenteurs-administratives\">ici<\/a>.<\/em><\/p>\n","protected":false},"excerpt":{"rendered":"<p>Des projets retard\u00e9s par les lenteurs administratives &nbsp; &nbsp; Des projets de construction [&hellip;]<\/p>\n","protected":false},"author":2,"featured_media":0,"comment_status":"closed","ping_status":"open","sticky":false,"template":"","format":"standard","meta":{"ngg_post_thumbnail":0,"footnotes":""},"categories":[39,19],"tags":[],"class_list":["post-500","post","type-post","status-publish","format-standard","hentry","category-anderlecht","category-presse"],"aioseo_notices":[],"_links":{"self":[{"href":"https:\/\/gaetanvangoidsenhoven.be\/index.php\/wp-json\/wp\/v2\/posts\/500","targetHints":{"allow":["GET"]}}],"collection":[{"href":"https:\/\/gaetanvangoidsenhoven.be\/index.php\/wp-json\/wp\/v2\/posts"}],"about":[{"href":"https:\/\/gaetanvangoidsenhoven.be\/index.php\/wp-json\/wp\/v2\/types\/post"}],"author":[{"embeddable":true,"href":"https:\/\/gaetanvangoidsenhoven.be\/index.php\/wp-json\/wp\/v2\/users\/2"}],"replies":[{"embeddable":true,"href":"https:\/\/gaetanvangoidsenhoven.be\/index.php\/wp-json\/wp\/v2\/comments?post=500"}],"version-history":[{"count":1,"href":"https:\/\/gaetanvangoidsenhoven.be\/index.php\/wp-json\/wp\/v2\/posts\/500\/revisions"}],"predecessor-version":[{"id":501,"href":"https:\/\/gaetanvangoidsenhoven.be\/index.php\/wp-json\/wp\/v2\/posts\/500\/revisions\/501"}],"wp:attachment":[{"href":"https:\/\/gaetanvangoidsenhoven.be\/index.php\/wp-json\/wp\/v2\/media?parent=500"}],"wp:term":[{"taxonomy":"category","embeddable":true,"href":"https:\/\/gaetanvangoidsenhoven.be\/index.php\/wp-json\/wp\/v2\/categories?post=500"},{"taxonomy":"post_tag","embeddable":true,"href":"https:\/\/gaetanvangoidsenhoven.be\/index.php\/wp-json\/wp\/v2\/tags?post=500"}],"curies":[{"name":"wp","href":"https:\/\/api.w.org\/{rel}","templated":true}]}}