{"id":502,"date":"2017-03-02T04:26:12","date_gmt":"2017-03-02T03:26:12","guid":{"rendered":"http:\/\/gaetanvangoidsenhoven.be\/?p=502"},"modified":"2017-03-02T04:26:12","modified_gmt":"2017-03-02T03:26:12","slug":"anderlecht-avis-favorable-pour-le-projet-eaglestone","status":"publish","type":"post","link":"https:\/\/gaetanvangoidsenhoven.be\/index.php\/2017\/03\/02\/anderlecht-avis-favorable-pour-le-projet-eaglestone\/","title":{"rendered":"Anderlecht : avis favorable pour le projet Eaglestone"},"content":{"rendered":"<header>\n<h1>Anderlecht : avis favorable pour le projet Eaglestone<\/h1>\n<p class=\"auteur\">Apr\u00e8s deux reports en d\u00e9but d\u2019ann\u00e9e, le projet Eaglestone dont l\u2019ambition est de d\u00e9velopper un projet r\u00e9sidentiel ambitieux sur les bords du canal \u00e0 Anderlecht, est finalement pass\u00e9 jeudi dernier en commission de concertation. Cette derni\u00e8re a rendu un avis positif sur le dossier, assorti toutefois d\u2019une s\u00e9rie de conditions.<\/p>\n<div class=\"chapeau\">&nbsp;<\/div>\n<\/header>\n<aside>\n<div id=\"infos_additionnelles\">\n<aside>\n<div id=\"link\" class=\"infos_box\">&nbsp;<\/div>\n<\/aside>\n<\/div>\n<\/aside>\n<div id=\"picture\">\n<div class=\"allMedias\">\n<div class=\"wrappAllMedia\">\n<div id=\"item1276624\" class=\"item_media\">\n<figure><img loading=\"lazy\" decoding=\"async\" class=\"imagecache imagecache-pagallery_450x300 aligncenter\" title=\" Un projet qui mixera logements et commerces. \" src=\"http:\/\/si.rosselcdn.net\/sites\/default\/files\/imagecache\/pagallery_450x300\/2015\/05\/01\/932577864_B975437409Z.1_20150501182457_000_GIG4E02IL.1-0.jpg\" alt=\" Un projet qui mixera logements et commerces. \" width=\"450\" height=\"300\"><\/figure>\n<p class=\"credit\">&nbsp;<\/p>\n<p class=\"credit\">Eaglestone. Un projet qui mixera logements et commerces.<\/p>\n<\/div>\n<\/div>\n<\/div>\n<\/div>\n<div id=\"body_text\">\n<p>Pour rappel, ce projet, introduit par la SPRL Washington Garden, pr\u00e9voit de d\u00e9molir un immeuble de bureaux sur la digue du Canal en vue de reconstruire un ensemble d\u2019immeubles comprenant deux espaces commerciaux, un \u00e9quipement et des logements (Nautilus). L\u2019espace r\u00e9sidentiel comprendrait 200 appartements et le rez commercial s\u2019\u00e9tendra sur 2.000 m\u00b2.<\/p>\n<p>\u00ab&nbsp; <em>La population de la commune d\u2019Anderlecht affiche en effet une des plus fortes croissances en R\u00e9gion bruxelloise et la demande de logements abordables et de qualit\u00e9 y est de plus en plus grande. Une probl\u00e9matique \u00e0 laquelle Eaglestone souhaite r\u00e9pondre avec ce projet<\/em> &nbsp;\u00bb, expliquent les promoteurs sur leur site internet.<\/p>\n<p>La commission de concertation les a donc suivis, moyennant quelques am\u00e9nagements toutefois. Il s\u2019agira notamment de \u00ab&nbsp; <em>r\u00e9duire le nombre de logements de mani\u00e8re \u00e0 les mettre en ad\u00e9quation au nombre de place de parking<\/em> &nbsp;\u00bb, selon l\u2019\u00e9chevin de l\u2019Urbanisme, Ga\u00ebtan Van Goidsenhoven (MR). Une d\u00e9rogation l\u00e9g\u00e8re pourrait \u00eatre accept\u00e9e s\u2019il y a une compensation en parking v\u00e9los.<\/p>\n<p>Par ailleurs, les promoteurs doivent aussi pr\u00e9voir une plus grande mixit\u00e9 de fonctions en affectant une partie du projet \u00e0 de l\u2019activit\u00e9 de production autre qu\u2019immat\u00e9rielle, principalement sur les rez-de-chauss\u00e9e.<\/p>\n<p>Parmi les autres conditions formul\u00e9es, citons encore la n\u00e9cessit\u00e9 de ne pas mutualiser les parkings, de permettre les sorties des parkings des commerces vers le boulevard Industriel et faire en sorte que les automobilistes rejoignent pr\u00e9f\u00e9rentiellement les boulevards Paepsem et Industriel. Enfin, le demandeur devra proposer un plan paysager pour les abords du projet et racheter ces espaces \u00e0 la commune.<\/p>\n<p>&nbsp;<\/p>\n<p><em>Ch.v. pour La Capitale.<\/em><br \/>\n<em>Article mis en ligne le 2 mai 2015 et consultable <a href=\"http:\/\/www.lacapitale.be\/1276625\/article\/2015-05-01\/anderlecht-avis-favorable-pour-le-projet-eaglestone\">ici<\/a>.<\/em><\/p>\n<\/div>\n","protected":false},"excerpt":{"rendered":"<p>Anderlecht : avis favorable pour le projet Eaglestone Apr\u00e8s deux reports en d\u00e9but [&hellip;]<\/p>\n","protected":false},"author":2,"featured_media":0,"comment_status":"closed","ping_status":"open","sticky":false,"template":"","format":"standard","meta":{"ngg_post_thumbnail":0,"footnotes":""},"categories":[39,19],"tags":[],"class_list":["post-502","post","type-post","status-publish","format-standard","hentry","category-anderlecht","category-presse"],"aioseo_notices":[],"_links":{"self":[{"href":"https:\/\/gaetanvangoidsenhoven.be\/index.php\/wp-json\/wp\/v2\/posts\/502","targetHints":{"allow":["GET"]}}],"collection":[{"href":"https:\/\/gaetanvangoidsenhoven.be\/index.php\/wp-json\/wp\/v2\/posts"}],"about":[{"href":"https:\/\/gaetanvangoidsenhoven.be\/index.php\/wp-json\/wp\/v2\/types\/post"}],"author":[{"embeddable":true,"href":"https:\/\/gaetanvangoidsenhoven.be\/index.php\/wp-json\/wp\/v2\/users\/2"}],"replies":[{"embeddable":true,"href":"https:\/\/gaetanvangoidsenhoven.be\/index.php\/wp-json\/wp\/v2\/comments?post=502"}],"version-history":[{"count":2,"href":"https:\/\/gaetanvangoidsenhoven.be\/index.php\/wp-json\/wp\/v2\/posts\/502\/revisions"}],"predecessor-version":[{"id":504,"href":"https:\/\/gaetanvangoidsenhoven.be\/index.php\/wp-json\/wp\/v2\/posts\/502\/revisions\/504"}],"wp:attachment":[{"href":"https:\/\/gaetanvangoidsenhoven.be\/index.php\/wp-json\/wp\/v2\/media?parent=502"}],"wp:term":[{"taxonomy":"category","embeddable":true,"href":"https:\/\/gaetanvangoidsenhoven.be\/index.php\/wp-json\/wp\/v2\/categories?post=502"},{"taxonomy":"post_tag","embeddable":true,"href":"https:\/\/gaetanvangoidsenhoven.be\/index.php\/wp-json\/wp\/v2\/tags?post=502"}],"curies":[{"name":"wp","href":"https:\/\/api.w.org\/{rel}","templated":true}]}}