{"id":506,"date":"2017-03-02T11:52:01","date_gmt":"2017-03-02T10:52:01","guid":{"rendered":"http:\/\/gaetanvangoidsenhoven.be\/?p=506"},"modified":"2017-03-02T11:52:01","modified_gmt":"2017-03-02T10:52:01","slug":"la-commune-danderlecht-va-taxer-les-batiments-negliges-des-2016","status":"publish","type":"post","link":"https:\/\/gaetanvangoidsenhoven.be\/index.php\/2017\/03\/02\/la-commune-danderlecht-va-taxer-les-batiments-negliges-des-2016\/","title":{"rendered":"La commune d&rsquo;Anderlecht va taxer les b\u00e2timents n\u00e9glig\u00e9s d\u00e8s 2016"},"content":{"rendered":"<header>\n<h1>La commune d&rsquo;Anderlecht va taxer les b\u00e2timents n\u00e9glig\u00e9s d\u00e8s 2016<\/h1>\n<div class=\"chapeau\">\n<p><img loading=\"lazy\" decoding=\"async\" class=\"imagecache imagecache-pagallery_450x300 alignleft\" title=\"\" src=\"http:\/\/si.rosselcdn.net\/sites\/default\/files\/imagecache\/pagallery_450x300\/2015\/11\/08\/694371279_B977013626Z.1_20151108164436_000_GTI5IFALV.1-0.jpg\" alt=\"\" width=\"450\" height=\"300\"><\/p>\n<p>La commune d\u2019Anderlecht se dote d\u2019un nouvel outil pour lutter contre les immeubles d\u00e9labr\u00e9s sur son territoire. En sa s\u00e9ance du 29 octobre dernier, le conseil communal a vot\u00e9 un nouveau r\u00e8glement qui permet de d\u00e9sormais taxer les immeubles n\u00e9glig\u00e9s.<\/p>\n<\/div>\n<\/header>\n<div id=\"body_text\">\n<p>\u00abJusqu\u2019\u00e0 pr\u00e9sent, le r\u00e8glement ne nous permettait que de taxer les immeubles laiss\u00e9s vides et sans affectation\u00bb, contextualise l\u2019\u00e9chevin de l\u2019Urbanisme, Ga\u00ebtan Van Goidsenhoven (MR). \u00abLes propri\u00e9taires qui laissent leur bien se d\u00e9grader alors qu\u2019il est occup\u00e9 \u00e9chappaient \u00e0 ces sanctions. On s\u2019est dit qu\u2019il fallait combler, et cela s\u2019impose \u00e0 Anderlecht, ce vide juridique.\u00bb<\/p>\n<p>\u00c0 partir du 1&nbsp;er&nbsp; janvier prochain, les propri\u00e9taires qui n\u2019entretiennent pas leur fa\u00e7ade devront mettre la main au portefeuille. Le r\u00e8glement pr\u00e9voit une taxe au m\u00e8tre courant de fa\u00e7ade de 50 euros par mois, montant major\u00e9 de deux euros \u00e0 partir de l\u2019ann\u00e9e suivante.<\/p>\n<p>L\u2019objectif \u00e9tant, \u00e9videmment, d\u2019embellir l\u2019espace public. \u00abCertains propri\u00e9taires laissent aller leur fa\u00e7ade \u00e0 vau-l\u2019eau jusqu\u2019\u00e0 ce que leur b\u00e2timent ressemble \u00e0 un v\u00e9ritable chancre. Ces n\u00e9gligences peuvent d\u00e9naturer tout un quartier et on ne peut pas l\u2019accepter\u00bb, ass\u00e8ne encore l\u2019\u00e9dile lib\u00e9ral. Anderlecht n\u2019est pas la premi\u00e8re commune bruxelloise \u00e0 adopter ce type de l\u00e9gislation. Schaerbeek, par exemple, impose depuis 2013 une taxe sur les fa\u00e7ades mal entretenues, \u00e0 hauteur de 55 euros par m\u00e8tre courant de fa\u00e7ade. \u00c0 Bruxelles-Ville, c\u2019est le cas depuis 2010 d\u00e9j\u00e0.<\/p>\n<\/div>\n<p>&nbsp;<\/p>\n<p><em>Mis en ligne le 8 novembre 2015 par La Capitale.<\/em><br \/>\n<em>Retrouvez l&rsquo;article dans son int\u00e9gralit\u00e9 <a href=\"http:\/\/www.lacapitale.be\/1418886\/article\/2015-11-08\/la-commune-d-anderlecht-va-taxer-les-batiments-negliges-des-2016\">ici<\/a>.<\/em><\/p>\n","protected":false},"excerpt":{"rendered":"<p>La commune d&rsquo;Anderlecht va taxer les b\u00e2timents n\u00e9glig\u00e9s d\u00e8s 2016 La commune d\u2019Anderlecht [&hellip;]<\/p>\n","protected":false},"author":2,"featured_media":0,"comment_status":"closed","ping_status":"open","sticky":false,"template":"","format":"standard","meta":{"ngg_post_thumbnail":0,"footnotes":""},"categories":[39,19],"tags":[],"class_list":["post-506","post","type-post","status-publish","format-standard","hentry","category-anderlecht","category-presse"],"aioseo_notices":[],"_links":{"self":[{"href":"https:\/\/gaetanvangoidsenhoven.be\/index.php\/wp-json\/wp\/v2\/posts\/506","targetHints":{"allow":["GET"]}}],"collection":[{"href":"https:\/\/gaetanvangoidsenhoven.be\/index.php\/wp-json\/wp\/v2\/posts"}],"about":[{"href":"https:\/\/gaetanvangoidsenhoven.be\/index.php\/wp-json\/wp\/v2\/types\/post"}],"author":[{"embeddable":true,"href":"https:\/\/gaetanvangoidsenhoven.be\/index.php\/wp-json\/wp\/v2\/users\/2"}],"replies":[{"embeddable":true,"href":"https:\/\/gaetanvangoidsenhoven.be\/index.php\/wp-json\/wp\/v2\/comments?post=506"}],"version-history":[{"count":1,"href":"https:\/\/gaetanvangoidsenhoven.be\/index.php\/wp-json\/wp\/v2\/posts\/506\/revisions"}],"predecessor-version":[{"id":507,"href":"https:\/\/gaetanvangoidsenhoven.be\/index.php\/wp-json\/wp\/v2\/posts\/506\/revisions\/507"}],"wp:attachment":[{"href":"https:\/\/gaetanvangoidsenhoven.be\/index.php\/wp-json\/wp\/v2\/media?parent=506"}],"wp:term":[{"taxonomy":"category","embeddable":true,"href":"https:\/\/gaetanvangoidsenhoven.be\/index.php\/wp-json\/wp\/v2\/categories?post=506"},{"taxonomy":"post_tag","embeddable":true,"href":"https:\/\/gaetanvangoidsenhoven.be\/index.php\/wp-json\/wp\/v2\/tags?post=506"}],"curies":[{"name":"wp","href":"https:\/\/api.w.org\/{rel}","templated":true}]}}