{"id":508,"date":"2017-03-02T11:59:24","date_gmt":"2017-03-02T10:59:24","guid":{"rendered":"http:\/\/gaetanvangoidsenhoven.be\/?p=508"},"modified":"2017-03-02T11:59:24","modified_gmt":"2017-03-02T10:59:24","slug":"bruxelles-future-ville-creative","status":"publish","type":"post","link":"https:\/\/gaetanvangoidsenhoven.be\/index.php\/2017\/03\/02\/bruxelles-future-ville-creative\/","title":{"rendered":"Bruxelles, future ville cr\u00e9ative"},"content":{"rendered":"<h1>Bruxelles, future ville cr\u00e9ative<\/h1>\n<div class=\"meta\">\n<p><strong>Ce n\u2019est pas courant&nbsp;: majorit\u00e9 et opposition vont travailler ensemble sur une proposition lanc\u00e9e par le MR. Le choix de l\u2019union pour redorer l\u2019image de la capitale.<\/strong><\/p>\n<\/div>\n<p><img decoding=\"async\" class=\"alignleft\" src=\"http:\/\/ls.rosselcdn.net\/sites\/default\/files\/imagecache\/475x317\/2015\/12\/10\/207128128_B977296732Z.1_20151210113237_000_G9C5PBTMT.1-0.jpg\" alt=\" La menace terroriste a \u00e9corn\u00e9 l\u2019image de Bruxelles. Les d\u00e9put\u00e9s r\u00e9gionaux veulent r\u00e9agir... ensemble. \u00a9 P.-Y. Thienpont \"><br \/>\nLa menace terroriste a \u00e9corn\u00e9 l\u2019image de Bruxelles. Les d\u00e9put\u00e9s r\u00e9gionaux veulent r\u00e9agir&#8230; ensemble.<br \/>\n\u00a9 P.-Y. Thienpont<\/p>\n<p>C\u2019est assez rare, en politique, pour \u00eatre soulign\u00e9 : en commission d\u00e9veloppement territorial, ce mercredi au parlement bruxellois, majorit\u00e9 et opposition ont d\u00e9cid\u00e9 de travailler main dans la main sur une proposition de r\u00e9solution d\u00e9pos\u00e9e par\u2026 l\u2019opposition.<\/p>\n<p>Le texte est port\u00e9 par plusieurs d\u00e9put\u00e9s MR et vise \u00e0 soutenir la candidature de la R\u00e9gion au r\u00e9seau des \u00ab villes cr\u00e9atives \u00bb de l\u2019Unesco.<\/p>\n<p>Il s\u2019agit d\u2019une initiative lanc\u00e9e en 2004, qui compte aujourd\u2019hui 69 cit\u00e9s-membres r\u00e9parties \u00e0 travers le monde comme Dublin, Edimbourg, Buenos Aires, Shanghai et Sydney. \u00ab L\u2019objectif principal de ce projet est de mettre en valeur, d\u2019une part, le r\u00f4le moteur de la cr\u00e9ativit\u00e9 dans le d\u00e9veloppement \u00e9conomique, social et culturel de collectivit\u00e9s urbaines, et, d\u2019autre part, de favoriser les partenariats de collaboration entre ces derni\u00e8res \u00bb, explique Ga\u00ebtan Van Goidsenhoven (MR).<\/p>\n<p>Le d\u00e9put\u00e9 avait d\u00e9j\u00e0 d\u00e9pos\u00e9 un texte similaire en 2013, mais il n\u2019avait pas \u00e9t\u00e9 pris en consid\u00e9ration. Mercredi, il \u00e9tait attendu que la majorit\u00e9 rejette le nouveau document, comme c\u2019est majoritairement le cas lorsque la proposition \u00e9mane de l\u2019opposition. \u00ab C\u2019est parfois un triste jeu politique \u00bb, remarque le lib\u00e9ral.<\/p>\n<p>Evolution \u00ab miraculeuse \u00bb<br \/>\nMais ce mercredi, au fil des discussions, la situation a \u00e9volu\u00e9 de fa\u00e7on presque \u00ab miraculeuse \u00bb, selon les mots de Van Goidsenhoven. D\u00e9j\u00e0, le partenaire d\u2019opposition du MR, Ecolo, a ralli\u00e9 la proposition. Julie de Groote, pour le CDH, a \u00e9mis quelques critiques (notamment que le texte n\u2019est pas assez actualis\u00e9 et que le MR n\u2019\u00e9tait pas venu en parler \u00e0 la majorit\u00e9 auparavant) mais a reconnu qu\u2019on ne pouvait \u00ab qu\u2019\u00eatre d\u2019accord sur le principe \u00bb. Surtout au vu de l\u2019actualit\u00e9 r\u00e9cente, entre menace terroriste, passage au niveau d\u2019alerte 4 et blind\u00e9 sur la Grand-Place de Bruxelles\u2026 Et elle a propos\u00e9 \u00e0 Ga\u00ebtan Van Goidsenhoven de \u00ab prendre rendez-vous \u00bb pour en discuter.<\/p>\n<p>Le pr\u00e9sident de la commission, Ridouane Chahid (PS), a rebondi en proposant d\u2019annuler le vote et de cr\u00e9er un groupe de travail majorit\u00e9-opposition \u00e0 la rentr\u00e9e. \u00ab Au fil de la discussion, on s\u2019est rendu compte qu\u2019on pouvait trouver un objectif commun, celui de redorer l\u2019image de Bruxelles. Dans le contexte actuel, il faut montrer que nous sommes pr\u00eats \u00e0 d\u00e9passer les clivages politiques pour avancer. Il est possible de cr\u00e9er une dynamique constructive dans l\u2019int\u00e9r\u00eat de notre ville. \u00bb<\/p>\n<p>La derni\u00e8re fois qu\u2019opposition et majorit\u00e9 ont travaill\u00e9 ensemble sur un texte, se rappelle-t-il, c\u2019\u00e9tait sur le projet de RER. Mais cette fois-l\u00e0, l\u2019impulsion initiale \u00e9manait de la majorit\u00e9.<\/p>\n<p>&nbsp;<\/p>\n<p><em>Mis en ligne jeudi 10 d\u00e9cembre 2015 et r\u00e9dig\u00e9 par Anne-Charlotte Bersipont pour Le Soir.<\/em><br \/>\n<em>Pour retrouver l&rsquo;article dans son int\u00e9gralit\u00e9, cliquez <a href=\"http:\/\/www.lesoir.be\/1066100\/article\/actualite\/regions\/bruxelles\/2015-12-10\/bruxelles-future-ville-creative\">ici<\/a>.<\/em><\/p>\n","protected":false},"excerpt":{"rendered":"<p>Bruxelles, future ville cr\u00e9ative Ce n\u2019est pas courant&nbsp;: majorit\u00e9 et opposition vont travailler [&hellip;]<\/p>\n","protected":false},"author":2,"featured_media":0,"comment_status":"closed","ping_status":"open","sticky":false,"template":"","format":"standard","meta":{"ngg_post_thumbnail":0,"footnotes":""},"categories":[19],"tags":[],"class_list":["post-508","post","type-post","status-publish","format-standard","hentry","category-presse"],"aioseo_notices":[],"_links":{"self":[{"href":"https:\/\/gaetanvangoidsenhoven.be\/index.php\/wp-json\/wp\/v2\/posts\/508","targetHints":{"allow":["GET"]}}],"collection":[{"href":"https:\/\/gaetanvangoidsenhoven.be\/index.php\/wp-json\/wp\/v2\/posts"}],"about":[{"href":"https:\/\/gaetanvangoidsenhoven.be\/index.php\/wp-json\/wp\/v2\/types\/post"}],"author":[{"embeddable":true,"href":"https:\/\/gaetanvangoidsenhoven.be\/index.php\/wp-json\/wp\/v2\/users\/2"}],"replies":[{"embeddable":true,"href":"https:\/\/gaetanvangoidsenhoven.be\/index.php\/wp-json\/wp\/v2\/comments?post=508"}],"version-history":[{"count":2,"href":"https:\/\/gaetanvangoidsenhoven.be\/index.php\/wp-json\/wp\/v2\/posts\/508\/revisions"}],"predecessor-version":[{"id":510,"href":"https:\/\/gaetanvangoidsenhoven.be\/index.php\/wp-json\/wp\/v2\/posts\/508\/revisions\/510"}],"wp:attachment":[{"href":"https:\/\/gaetanvangoidsenhoven.be\/index.php\/wp-json\/wp\/v2\/media?parent=508"}],"wp:term":[{"taxonomy":"category","embeddable":true,"href":"https:\/\/gaetanvangoidsenhoven.be\/index.php\/wp-json\/wp\/v2\/categories?post=508"},{"taxonomy":"post_tag","embeddable":true,"href":"https:\/\/gaetanvangoidsenhoven.be\/index.php\/wp-json\/wp\/v2\/tags?post=508"}],"curies":[{"name":"wp","href":"https:\/\/api.w.org\/{rel}","templated":true}]}}