{"id":511,"date":"2017-03-02T12:04:09","date_gmt":"2017-03-02T11:04:09","guid":{"rendered":"http:\/\/gaetanvangoidsenhoven.be\/?p=511"},"modified":"2017-03-02T12:04:09","modified_gmt":"2017-03-02T11:04:09","slug":"anderlecht-la-nouvelle-station-clemenceau-inquiete","status":"publish","type":"post","link":"https:\/\/gaetanvangoidsenhoven.be\/index.php\/2017\/03\/02\/anderlecht-la-nouvelle-station-clemenceau-inquiete\/","title":{"rendered":"Anderlecht : la nouvelle station Clemenceau inqui\u00e8te"},"content":{"rendered":"<div class=\"panel-pane pane-node-content\">\n<div class=\"pane-content\">\n<div id=\"article\">\n<article>\n<header>\n<h1>Anderlecht : la nouvelle station Clemenceau inqui\u00e8te<\/h1>\n<p class=\"auteur\">Le nouvel \u00e9dicule pr\u00e9vu dans les plans de la Stib dans le cadre du r\u00e9am\u00e9nagement de la station de m\u00e9tro Clemenceau, \u00e0 Anderlecht, fait peur aux habitants. \u00ab&nbsp;Ceux-ci craignent qu\u2019il ne serve encore davantage qu\u2019aujourd\u2019hui de base pour la vente de drogues et d\u2019urinoir public&nbsp;\u00bb, dit l\u2019\u00e9chevin Ga\u00ebtan Van Goidsenhoven.<\/p>\n<\/header>\n<div id=\"picture\">\n<div class=\"allMedias\">\n<div class=\"wrappAllMedia\">\n<div id=\"item1451424\" class=\"item_media\">\n<figure><img loading=\"lazy\" decoding=\"async\" class=\"imagecache imagecache-pagallery_450x300 alignleft\" title=\" Il est pr\u00e9vu de refaire l\u2019\u00e9dicule c\u00f4t\u00e9 place Jorez. \" src=\"http:\/\/si.rosselcdn.net\/sites\/default\/files\/imagecache\/pagallery_450x300\/2015\/12\/24\/569100234_B977422749Z.1_20151224155010_000_G565S8SAF.1-0.jpg\" alt=\" Il est pr\u00e9vu de refaire l\u2019\u00e9dicule c\u00f4t\u00e9 place Jorez. \" width=\"450\" height=\"300\"><\/figure>\n<p class=\"pic_description\">Il est pr\u00e9vu de refaire l\u2019\u00e9dicule c\u00f4t\u00e9 place Jorez.<\/p>\n<\/div>\n<\/div>\n<\/div>\n<\/div>\n<div id=\"body_text\">\n<p>La station de m\u00e9tro Clemenceau, \u00e0 Anderlecht, fait l\u2019objet d\u2019un projet de r\u00e9am\u00e9nagement dans le cadre du programme de la Stib visant \u00e0 am\u00e9liorer l\u2019accessibilit\u00e9 des arr\u00eats souterrains aux personnes \u00e0 mobilit\u00e9 r\u00e9duite (PMR). Il est pr\u00e9vu d\u2019y installer deux ascenseurs et de cr\u00e9er un nouvel \u00e9dicule sur la place Jorez. Un \u00e9dicule accueilli avec scepticisme par l\u2019\u00e9chevin local de l\u2019Urbanisme, Ga\u00ebtan Van Goidsenhoven (MR), qui craint notamment qu\u2019il soit \u00e0 l\u2019origine de probl\u00e8mes de\u2026 s\u00e9curit\u00e9.<\/p>\n<p>&nbsp;<\/p>\n<p>\u00ab&nbsp; <em>\u00c0 la consultation des plans de la Stib (NDLR&nbsp;: qui font l\u2019objet d\u2019une demande de permis depuis mai 2015), il semble que la R\u00e9gion opte pour un habillage assez monumental de l\u2019\u00e9dicule \u00e0 la place Jorez, ce qui provoque l\u2019ire d\u2019une partie notable des riverains<\/em> &nbsp;\u00bb, d\u00e9plore l\u2019\u00e9dile lib\u00e9ral. \u00ab&nbsp; <em>Ceux-ci craignent que le nouveau b\u00e2timent serve encore davantage qu\u2019aujourd\u2019hui de base pour la vente de drogues.<\/em> &nbsp;\u00bb<\/p>\n<p>On sait que l\u2019endroit est connu pour ses probl\u00e8mes de trafic de stup\u00e9fiants. En novembre 2014, les dealers s\u2019en \u00e9taient m\u00eame pris aux bornes \u00e9lectriques de Sibelga afin de saboter l\u2019\u00e9clairage public, et ainsi pouvoir op\u00e9rer leur trafic en toute discr\u00e9tion.<\/p>\n<p>Pour \u00e9viter que le nouvel \u00e9dicule n\u2019offre une \u00ab&nbsp;cachette&nbsp;\u00bb suppl\u00e9mentaire pour ce genre de comportement illicite, la proposition des plaignants est int\u00e9ressante. \u00ab<em> &nbsp;Ils plaident, au contraire du projet de la Stib, pour la pose d\u2019un toit transparent afin d\u2019y garantir plus de contr\u00f4le social<\/em> &nbsp;\u00bb, note Ga\u00ebtan Van Goidsenhoven.<\/p>\n<p>Qui craint \u00e9galement que l\u2019endroit ne devienne une sorte d\u2019urinoir public. \u00ab&nbsp; <em>La Stib, par la voix de Brigitte Grouwels&nbsp;\u00e0 l\u2019\u00e9poque, s\u2019\u00e9tait engag\u00e9e \u00e0 installer un syst\u00e8me \u00ab&nbsp;r\u00e9volutionnaire pour dissuader les personnes d\u2019uriner \u00e0 cet endroit<\/em> &nbsp; <em>\u00bb. Ces \u00e9l\u00e9ments ne semblent pas se retrouver dans le projet<\/em> &nbsp;\u00bb, explique encore notre interlocuteur.<\/p>\n<p>Enfin, une r\u00e9flexion plus g\u00e9n\u00e9rale, allant au-del\u00e0 du simple pavillon de la place Jorez, doit \u00eatre entam\u00e9e, conclut Ga\u00ebtan Van Goidsenhoven. Celle-ci permettra d\u2019aborder diverses probl\u00e9matiques qui n\u2019ont pas encore trouv\u00e9 de r\u00e9ponse, comme les probl\u00e8mes de mobilit\u00e9 aux abords de la station de m\u00e9tro les jours de march\u00e9 aux abattoirs ou le flux de circulation des pi\u00e9tons venant de la station.<\/p>\n<\/div>\n<\/article>\n<\/div>\n<\/div>\n<\/div>\n<div class=\"panel-region-separator\"><em>&nbsp;CH.V. pour La Capitale, mis en ligne le 25 d\u00e9cembre 2015.<\/em><br \/>\n<em>Retrouvez l&rsquo;int\u00e9gralit\u00e9 de l&rsquo;article <a href=\"http:\/\/www.lacapitale.be\/1451425\/article\/2015-12-24\/anderlecht-la-nouvelle-station-clemenceau-inquiete\">ici<\/a>.<\/em><\/div>\n","protected":false},"excerpt":{"rendered":"<p>Anderlecht : la nouvelle station Clemenceau inqui\u00e8te Le nouvel \u00e9dicule pr\u00e9vu dans les [&hellip;]<\/p>\n","protected":false},"author":2,"featured_media":0,"comment_status":"closed","ping_status":"open","sticky":false,"template":"","format":"standard","meta":{"ngg_post_thumbnail":0,"footnotes":""},"categories":[39,19],"tags":[],"class_list":["post-511","post","type-post","status-publish","format-standard","hentry","category-anderlecht","category-presse"],"aioseo_notices":[],"_links":{"self":[{"href":"https:\/\/gaetanvangoidsenhoven.be\/index.php\/wp-json\/wp\/v2\/posts\/511","targetHints":{"allow":["GET"]}}],"collection":[{"href":"https:\/\/gaetanvangoidsenhoven.be\/index.php\/wp-json\/wp\/v2\/posts"}],"about":[{"href":"https:\/\/gaetanvangoidsenhoven.be\/index.php\/wp-json\/wp\/v2\/types\/post"}],"author":[{"embeddable":true,"href":"https:\/\/gaetanvangoidsenhoven.be\/index.php\/wp-json\/wp\/v2\/users\/2"}],"replies":[{"embeddable":true,"href":"https:\/\/gaetanvangoidsenhoven.be\/index.php\/wp-json\/wp\/v2\/comments?post=511"}],"version-history":[{"count":2,"href":"https:\/\/gaetanvangoidsenhoven.be\/index.php\/wp-json\/wp\/v2\/posts\/511\/revisions"}],"predecessor-version":[{"id":513,"href":"https:\/\/gaetanvangoidsenhoven.be\/index.php\/wp-json\/wp\/v2\/posts\/511\/revisions\/513"}],"wp:attachment":[{"href":"https:\/\/gaetanvangoidsenhoven.be\/index.php\/wp-json\/wp\/v2\/media?parent=511"}],"wp:term":[{"taxonomy":"category","embeddable":true,"href":"https:\/\/gaetanvangoidsenhoven.be\/index.php\/wp-json\/wp\/v2\/categories?post=511"},{"taxonomy":"post_tag","embeddable":true,"href":"https:\/\/gaetanvangoidsenhoven.be\/index.php\/wp-json\/wp\/v2\/tags?post=511"}],"curies":[{"name":"wp","href":"https:\/\/api.w.org\/{rel}","templated":true}]}}