{"id":514,"date":"2017-03-02T12:14:50","date_gmt":"2017-03-02T11:14:50","guid":{"rendered":"http:\/\/gaetanvangoidsenhoven.be\/?p=514"},"modified":"2017-03-02T12:15:24","modified_gmt":"2017-03-02T11:15:24","slug":"anderlecht-1-000-riverains-prives-de-parking","status":"publish","type":"post","link":"https:\/\/gaetanvangoidsenhoven.be\/index.php\/2017\/03\/02\/anderlecht-1-000-riverains-prives-de-parking\/","title":{"rendered":"Anderlecht : 1.000 riverains priv\u00e9s de parking"},"content":{"rendered":"<div class=\"row\">\n<div class=\"col-sm-12 block_item__double-sm block_item__triple\">\n<div class=\"article\">\n<header>\n<h1 class=\"article_title\">Anderlecht : 1.000 riverains priv\u00e9s de parking<\/h1>\n<p class=\"article-productionData\"><img decoding=\"async\" class=\"illustration-img_img\" title=\"\u00a9 \u00a9 Bernard Demoulin\" src=\"http:\/\/r1.ldh.be\/image\/33\/569a2c933570ed389521d633.jpg\" alt=\"\" data-srcset=\"{&quot;140&quot;:&quot;http:\/\/r1.ldh.be\/image\/9f\/569a2c933570b38a582db59f.jpg&quot;,&quot;300&quot;:&quot;http:\/\/r2.ldh.be\/image\/31\/569a2c933570ed389521d631.jpg&quot;,&quot;620&quot;:&quot;http:\/\/r3.ldh.be\/image\/32\/569a2c933570ed389521d632.jpg&quot;,&quot;940&quot;:&quot;http:\/\/r1.ldh.be\/image\/33\/569a2c933570ed389521d633.jpg&quot;}\" data-src=\"http:\/\/r1.ldh.be\/image\/33\/569a2c933570ed389521d633.jpg\"><\/p>\n<\/header>\n<div class=\"article-shareBox addthis_sharing_toolbox\">&nbsp;<b>Des barri\u00e8res vont \u00eatre install\u00e9es sur le parking d\u2019Aldi, qui a pourtant toujours \u00e9t\u00e9 accessible aux habitants.<\/b><\/div>\n<\/div>\n<\/div>\n<\/div>\n<div class=\"row\">\n<div class=\"col-md-8 block_item__double-md\">\n<div class=\"article\">\n<div id=\"article-text\" class=\"article-text\">\n<p>Haut de 29 niveaux, le building situ\u00e9 au 27 et 27 A de l\u2019avenue Marius Renard, est un des plus \u00e9lev\u00e9s de Bruxelles. Parmi les riverains, c\u2019est la grogne. La raison ? Des barri\u00e8res vont \u00eatre install\u00e9es sur le parking d\u2019Aldi, utilis\u00e9 depuis toujours par les r\u00e9sidents.<\/p>\n<p><i>\u00ab\u00a0L\u2019ann\u00e9e pass\u00e9e, il y avait un second parking que nous pouvions aussi utiliser, mais il a \u00e9t\u00e9 privatis\u00e9 et des barri\u00e8res emp\u00eachent d\u00e9sormais son acc\u00e8s. Le parking d\u2019Aldi \u00e9tait donc le dernier o\u00f9 on pouvait se stationner, mais nous avons appris dimanche qu\u2019il \u00e9tait sous bail emphyt\u00e9otique jusqu\u2019en 2024 aupr\u00e8s de la soci\u00e9t\u00e9 Shop Rent, qui g\u00e8re l\u2019\u00e9quipement commercial, et nous n\u2019y avons d\u00e9sormais plus acc\u00e8s\u00a0\u00bb<\/i>, explique un riverain inquiet.<\/p>\n<p>Les autorit\u00e9s communales sont conscientes de la situation et tentent de trouver une solution pour faciliter l\u2019acc\u00e8s au building.<\/p>\n<p><i>\u00ab\u00a0L\u2019entreprise Shop Rent a d\u00e9cid\u00e9 de mettre des barri\u00e8res, comme c\u2019est le cas dans beaucoup de surfaces commerciales. C\u2019est son droit et il n\u2019y a pas de souci \u00e0 ce niveau-l\u00e0. Mais \u00e9tant donn\u00e9 que l\u2019autre parking contigu \u00e0 l\u2019immeuble a \u00e9galement \u00e9t\u00e9 privatis\u00e9, les habitants peinent \u00e0 se parquer\u00a0\u00bb<\/i>, ajoute Ga\u00ebtan Van Goidsenhoven (MR), \u00e9chevin de l\u2019Urbanisme.<\/p>\n<p>L\u2019\u00e9chevin pr\u00e9cise toutefois qu\u2019aucune erreur juridique n\u2019a \u00e9t\u00e9 commise, mais que le probl\u00e8me r\u00e9side dans le fait que l\u2019immeuble sera d\u00e9sormais isol\u00e9. La question de l\u2019accessibilit\u00e9 se pose donc pour les services de secours ou pour les taxis.<\/p>\n<p>Si la commune n\u2019est pas directement comp\u00e9tente dans ce dossier \u00e9tant donn\u00e9 qu\u2019il s\u2019agit d\u2019un terrain priv\u00e9, elle va cependant tenter de trouver une solution \u00e0 l\u2019amiable en r\u00e9unissant les diff\u00e9rentes parties autour de la table. <i>\u00ab\u00a0On va tenter de trouver une solution de mutualisation du parking en convoquant une r\u00e9union entre Aldi, l\u2019entreprise Shop Rent qui a l\u2019emphyt\u00e9ose, le service de la Mobilit\u00e9 et les habitants pour trouver une solution\u00a0\u00bb<\/i>, a pr\u00e9cis\u00e9 Fran\u00e7oise Carlier (PS), \u00e9chevine de la Mobilit\u00e9. La r\u00e9union devrait se tenir \u00e0 la fin de ce mois de janvier.<\/p>\n<p>&nbsp;<\/p>\n<\/div>\n<p><em>Article mis en ligne par La Capitale le 16 janvier 2016.<\/em><br \/>\n<em>Pour le retrouver dans son int\u00e9gralit\u00e9, cliquez <a href=\"http:\/\/www.dhnet.be\/regions\/bruxelles\/anderlecht-1-000-riverains-prives-de-parking-569970843570b38a582aeff7\">ici<\/a>.<\/em><\/p>\n<\/div>\n<\/div>\n<\/div>\n","protected":false},"excerpt":{"rendered":"<p>Anderlecht : 1.000 riverains priv\u00e9s de parking &nbsp;Des barri\u00e8res vont \u00eatre install\u00e9es sur [&hellip;]<\/p>\n","protected":false},"author":2,"featured_media":0,"comment_status":"closed","ping_status":"open","sticky":false,"template":"","format":"standard","meta":{"ngg_post_thumbnail":0,"footnotes":""},"categories":[39,19],"tags":[],"class_list":["post-514","post","type-post","status-publish","format-standard","hentry","category-anderlecht","category-presse"],"aioseo_notices":[],"_links":{"self":[{"href":"https:\/\/gaetanvangoidsenhoven.be\/index.php\/wp-json\/wp\/v2\/posts\/514","targetHints":{"allow":["GET"]}}],"collection":[{"href":"https:\/\/gaetanvangoidsenhoven.be\/index.php\/wp-json\/wp\/v2\/posts"}],"about":[{"href":"https:\/\/gaetanvangoidsenhoven.be\/index.php\/wp-json\/wp\/v2\/types\/post"}],"author":[{"embeddable":true,"href":"https:\/\/gaetanvangoidsenhoven.be\/index.php\/wp-json\/wp\/v2\/users\/2"}],"replies":[{"embeddable":true,"href":"https:\/\/gaetanvangoidsenhoven.be\/index.php\/wp-json\/wp\/v2\/comments?post=514"}],"version-history":[{"count":1,"href":"https:\/\/gaetanvangoidsenhoven.be\/index.php\/wp-json\/wp\/v2\/posts\/514\/revisions"}],"predecessor-version":[{"id":515,"href":"https:\/\/gaetanvangoidsenhoven.be\/index.php\/wp-json\/wp\/v2\/posts\/514\/revisions\/515"}],"wp:attachment":[{"href":"https:\/\/gaetanvangoidsenhoven.be\/index.php\/wp-json\/wp\/v2\/media?parent=514"}],"wp:term":[{"taxonomy":"category","embeddable":true,"href":"https:\/\/gaetanvangoidsenhoven.be\/index.php\/wp-json\/wp\/v2\/categories?post=514"},{"taxonomy":"post_tag","embeddable":true,"href":"https:\/\/gaetanvangoidsenhoven.be\/index.php\/wp-json\/wp\/v2\/tags?post=514"}],"curies":[{"name":"wp","href":"https:\/\/api.w.org\/{rel}","templated":true}]}}