{"id":522,"date":"2017-03-02T12:40:11","date_gmt":"2017-03-02T11:40:11","guid":{"rendered":"http:\/\/gaetanvangoidsenhoven.be\/?p=522"},"modified":"2017-03-02T12:42:24","modified_gmt":"2017-03-02T11:42:24","slug":"anderlecht-des-syriens-sans-domiciliation","status":"publish","type":"post","link":"https:\/\/gaetanvangoidsenhoven.be\/index.php\/2017\/03\/02\/anderlecht-des-syriens-sans-domiciliation\/","title":{"rendered":"Anderlecht : des Syriens sans domiciliation"},"content":{"rendered":"<h1>Anderlecht : des Syriens sans domiciliation<\/h1>\n<div class=\"meta\">\n<p><strong>Anderlecht contr\u00f4le les logements.&nbsp;<\/p>\n<p><\/strong>En un an, 136 Syriens ont obtenu, \u00e0 Anderlecht, le statut de r\u00e9fugi\u00e9s.&nbsp;\u00a9&nbsp;<span class=\"nglettrine\">P.-Y. Thienpont<\/span><\/p>\n<p><img loading=\"lazy\" decoding=\"async\" class=\"imagecache imagecache-475x317 alignleft\" title=\" En un an, 136 Syriens ont obtenu, \u00e0 Anderlecht, le statut de r\u00e9fugi\u00e9s. \u00a9 P.-Y. Thienpont \" src=\"http:\/\/ls.rosselcdn.net\/sites\/default\/files\/imagecache\/475x317\/2016\/02\/08\/1062526357_B977795573Z.1_20160208141215_000_G2R65GB8I.1-0.jpg\" alt=\" En un an, 136 Syriens ont obtenu, \u00e0 Anderlecht, le statut de r\u00e9fugi\u00e9s. \u00a9 P.-Y. Thienpont \" width=\"475\" height=\"317\"><br \/>\n<span class=\"nglettrine\">U<\/span>ne vingtaine de familles syriennes, ayant obtenu le statut de r\u00e9fugi\u00e9es, n\u2019arrivent pas \u00e0 se faire domicilier de mani\u00e8re d\u00e9finitive \u00e0 Anderlecht. Pourtant, elles disposent d\u2019un logement sur le march\u00e9 priv\u00e9. Il suffit donc que l\u2019agent de quartier constate que la famille occupe bien le domicile mentionn\u00e9. Seulement, dans le quartier du parc de la Ros\u00e9e au b\u00e2ti plut\u00f4t v\u00e9tuste, les familles n\u2019arrivent pas \u00e0 obtenir leur inscription d\u00e9finitive \u00e0 la commune.<\/p>\n<\/div>\n<div class=\"article-body\">\n<p><em><br \/>\n\u00ab&nbsp;Ces familles rencontrent d\u2019importantes difficult\u00e9s car l\u2019agent de quartier refuse de les domicilier ou ne passe tout simplement pas<\/em>, pr\u00e9cise Xavier Polfliet du service Droits des jeunes. <em>Nous avons aid\u00e9 plusieurs familles \u00e0 inscrire les enfants dans les \u00e9coles de la commune, mais elles ont aussi besoin d\u2019une domiciliation compl\u00e8te pour obtenir certaines aides comme les allocations familiales.&nbsp;\u00bb<\/em><\/p>\n<p>Un courrier a ainsi \u00e9t\u00e9 envoy\u00e9 au SPF Int\u00e9rieur et \u00e0 la commune d\u2019Anderlecht, mais la situation n\u2019a pas connu d\u2019avanc\u00e9es. Du coup, des citoyens ont d\u00e9cid\u00e9 de faire le pied de grue devant le cabinet du bourgmestre, Eric Tomas (PS). Celui-ci \u00e9tant \u00e0 l\u2019\u00e9tranger lors de la visite, c\u2019est sa cheffe de cabinet qui a re\u00e7u les familles. Elle promet des changements dans le mois.<\/p>\n<h4>\u00ab&nbsp;Marchands de sommeil&nbsp;\u00bb&nbsp;?<\/h4>\n<p><em>\u00ab&nbsp;Nous ne sommes pas contraires \u00e0 la domiciliation de familles syriennes, contrairement \u00e0 ce que laissent entendre les citoyens,<\/em> explique le bourgmestre faisant fonction, Ga\u00ebtan Van Goidsenhoven (MR). <em>Simplement, les habitations ne sont pas conformes au Code du logement et nous suspectons des cas de marchands de sommeil. Si nous laissons ces familles vivre dans de telles conditions et qu\u2019un incident se d\u00e9roule, on nous accusera \u00e9galement de ne rien avoir fait. Des v\u00e9rifications doivent avoir lieu. Cela peut prendre du temps, mais j\u2019assure qu\u2019il n\u2019y a absolument aucune volont\u00e9 de faire obstruction \u00e0 ces domiciliations.&nbsp;\u00bb<\/em><\/p>\n<p>En un an, Anderlecht a vu arriver sur son territoire environ 600 Syriens dont 136 ont obtenu le statut de r\u00e9fugi\u00e9s.<\/p>\n<\/div>\n<div class=\"panel-region-separator\">&nbsp;<\/div>\n<div class=\"panel-region-separator\"><em>Article mis en ligne le 8 f\u00e9vrier 2016 par Vanessa Lhuillier pour Le Soir.<\/em><br \/>\n<em>Pour retrouver l&rsquo;article dans son int\u00e9gralit\u00e9, suivez le lien <a href=\"http:\/\/www.lesoir.be\/1115248\/article\/actualite\/regions\/bruxelles\/2016-02-08\/anderlecht-des-syriens-sans-domiciliation\">ici<\/a>.<\/em><\/div>\n","protected":false},"excerpt":{"rendered":"<p>Anderlecht : des Syriens sans domiciliation Anderlecht contr\u00f4le les logements.&nbsp; En un an, [&hellip;]<\/p>\n","protected":false},"author":2,"featured_media":0,"comment_status":"closed","ping_status":"open","sticky":false,"template":"","format":"standard","meta":{"ngg_post_thumbnail":0,"footnotes":""},"categories":[39,19],"tags":[],"class_list":["post-522","post","type-post","status-publish","format-standard","hentry","category-anderlecht","category-presse"],"aioseo_notices":[],"_links":{"self":[{"href":"https:\/\/gaetanvangoidsenhoven.be\/index.php\/wp-json\/wp\/v2\/posts\/522","targetHints":{"allow":["GET"]}}],"collection":[{"href":"https:\/\/gaetanvangoidsenhoven.be\/index.php\/wp-json\/wp\/v2\/posts"}],"about":[{"href":"https:\/\/gaetanvangoidsenhoven.be\/index.php\/wp-json\/wp\/v2\/types\/post"}],"author":[{"embeddable":true,"href":"https:\/\/gaetanvangoidsenhoven.be\/index.php\/wp-json\/wp\/v2\/users\/2"}],"replies":[{"embeddable":true,"href":"https:\/\/gaetanvangoidsenhoven.be\/index.php\/wp-json\/wp\/v2\/comments?post=522"}],"version-history":[{"count":4,"href":"https:\/\/gaetanvangoidsenhoven.be\/index.php\/wp-json\/wp\/v2\/posts\/522\/revisions"}],"predecessor-version":[{"id":526,"href":"https:\/\/gaetanvangoidsenhoven.be\/index.php\/wp-json\/wp\/v2\/posts\/522\/revisions\/526"}],"wp:attachment":[{"href":"https:\/\/gaetanvangoidsenhoven.be\/index.php\/wp-json\/wp\/v2\/media?parent=522"}],"wp:term":[{"taxonomy":"category","embeddable":true,"href":"https:\/\/gaetanvangoidsenhoven.be\/index.php\/wp-json\/wp\/v2\/categories?post=522"},{"taxonomy":"post_tag","embeddable":true,"href":"https:\/\/gaetanvangoidsenhoven.be\/index.php\/wp-json\/wp\/v2\/tags?post=522"}],"curies":[{"name":"wp","href":"https:\/\/api.w.org\/{rel}","templated":true}]}}