{"id":527,"date":"2017-03-02T13:28:40","date_gmt":"2017-03-02T12:28:40","guid":{"rendered":"http:\/\/gaetanvangoidsenhoven.be\/?p=527"},"modified":"2017-03-02T13:28:40","modified_gmt":"2017-03-02T12:28:40","slug":"anderlecht-fixe-le-cadre-dun-nouveau-quartier-de-47-ha-qui-sortira-de-terre-dici-10-ans","status":"publish","type":"post","link":"https:\/\/gaetanvangoidsenhoven.be\/index.php\/2017\/03\/02\/anderlecht-fixe-le-cadre-dun-nouveau-quartier-de-47-ha-qui-sortira-de-terre-dici-10-ans\/","title":{"rendered":"Anderlecht fixe le cadre d&rsquo;un nouveau quartier de 47 ha qui sortira de terre d&rsquo;ici 10 ans"},"content":{"rendered":"<header class=\"col-xs-12 clearfix rtbf-article-main__header-main\">\n<h1 class=\"rtbf-article-main__title col-xs-12 col-md-8 www-col-full-width\">Anderlecht fixe le cadre d&rsquo;un nouveau quartier de 47 ha qui sortira de terre d&rsquo;ici 10 ans<\/h1>\n<\/header>\n<figure class=\"col-xs-12 col-md-8 rtbf-article-main__cover rs_skip rs_preserve\">\n<div class=\"rtbf-article-main__img-cover\">\n<div class=\"rtbf-article-main__img-cover\">\n<div class=\"www-img-16by9 rs_skip\"><img decoding=\"async\" class=\"img-responsive www-img-full \" title=\"Anderlecht fixe le cadre d'un nouveau quartier de 47 ha qui sortira de terre d'ici 10 ans\" src=\"https:\/\/ds1.static.rtbf.be\/article\/image\/370x208\/9\/b\/0\/c7da2202001ef3739c67954b4c9dbb31-1466681120.png\" sizes=\"(min-width: 1200px) calc(1200px*0.66), (min-width: 992px) 66vw, 100vw\" srcset=\"https:\/\/ds1.static.rtbf.be\/article\/image\/370x208\/9\/b\/0\/c7da2202001ef3739c67954b4c9dbb31-1466681120.png 370w,https:\/\/ds1.static.rtbf.be\/article\/image\/770x433\/9\/b\/0\/c7da2202001ef3739c67954b4c9dbb31-1466681120.png 770w,https:\/\/ds1.static.rtbf.be\/article\/image\/1248x702\/9\/b\/0\/c7da2202001ef3739c67954b4c9dbb31-1466681120.png 1248w\" alt=\"Anderlecht fixe le cadre d'un nouveau quartier de 47 ha qui sortira de terre d'ici 10 ans\"><\/div>\n<\/div>\n<\/div><figcaption class=\"www-media-caption\"><span class=\"www-media-caption__text\">Anderlecht fixe le cadre d&rsquo;un nouveau quartier de 47 ha qui sortira de terre d&rsquo;ici 10 ans &#8211; \u00a9 Tous droits r\u00e9serv\u00e9s<\/span><\/figcaption><\/figure>\n<aside class=\"col-md-4 www-sidebar--imu-align-article pull-right visible-md-block visible-lg-block www-sidebar js-sidebar-top rs_skip rs_preserve\">\n<div class=\"js-sidebar-widgets clearfix\">&nbsp;Le coll\u00e8ge \u00e9chevinal socialiste-lib\u00e9ral d&rsquo;Anderlecht a d\u00e9fini le profil du futur quartier de 47 hectares qui sortira de terre dans les dix prochaines ann\u00e9es le long du canal, \u00e0 hauteur du bassin de Biestebroeck, dans une zone offrant de tr\u00e8s nombreux espaces, dans une r\u00e9gion-capitale qui en manque.<\/div>\n<\/aside>\n<div class=\"col-xs-12 col-md-8 pull-left rtbf-article-main__content\">\n<div class=\"rtbf-paragraph\">\n<div class=\"rtbf-newsletter-article js-newsletter-article rs_skip rs_preserve js-first-position is-active\" data-favorite_site=\"info\">\n<div class=\"rtbf-newsletter-article__inner\">Le projet de Plan Particulier d&rsquo;Affectation de Sol (PPAS) pr\u00e9sent\u00e9 jeudi par le bourgmestre Eric Tomas (PS), l&rsquo;\u00e9chevin lib\u00e9ral de l&rsquo;Urbanisme Ga\u00ebtan Van Goidsenhoven (MR), et le bureau d&rsquo;\u00e9tudes Ares-Buur laisse augurer la construction d&rsquo;un quartier mixte compos\u00e9 d&rsquo;entreprises de type urbain et de commerces (plus de 100.000 m2) ainsi que de 4.000 logements (415.000 m2) susceptibles d&rsquo;accueillir \u00e0 terme quelque 11.500 habitants, l&rsquo;\u00e9quivalent de la population de Spa et de Durby, a indiqu\u00e9 l&rsquo;\u00e9chevin lib\u00e9ral.<\/div>\n<\/div>\n<p>Ce nouveau morceau de ville sera dot\u00e9 de 25.000 m2 d&rsquo;\u00e9quipements dont deux \u00e9coles (primaire de 300 places et secondaire de 430 places), sans oublier les espaces verts (51.000 m2). Ces \u00e9quipements seront financ\u00e9s via les charges d&rsquo;urbanisme qui devraient rapporter 35 millions d&rsquo;euros.<\/p>\n<p>Le site de Biestebroek se trouve \u00e0 droite (surtout) et \u00e0 gauche du canal dans un p\u00e9rim\u00e8tre form\u00e9 par les rues de la Petite \u00eele, le boulevard industriel, la rue du D\u00e9veloppement, le quai de Biestebroek, et, entre autres, la chauss\u00e9e de Mons au d\u00e9but de son parcours. Autres points de rep\u00e8res, le pont Marchand et le pont de Cureghem.<\/p>\n<p>Le gros du projet sera r\u00e9alis\u00e9 sur la rive droite du canal. Il a d\u00e9j\u00e0 attir\u00e9 plusieurs promoteurs immobiliers en vue. Plusieurs demandes de permis ont d\u00e9j\u00e0 \u00e9t\u00e9 d\u00e9pos\u00e9es.<\/p>\n<p>Le PPAS s&rsquo;inscrit dans le droit fil du Master plan qui a fix\u00e9 en 2013 notamment les principes suivants: revitaliser la zone du canal; recr\u00e9er des liaisons entre les deux rives du canal; et encourager la mixit\u00e9 des fonctions en veillant \u00e0 une meilleure int\u00e9gration des activit\u00e9s productives dans la ville.<\/p>\n<p>&nbsp;<\/p>\n<p><em>Article mis en ligne le 23 juin 2016 par RTBF INFO.<\/em><br \/>\n<em>Pour consulter l&rsquo;article dans son int\u00e9gralit\u00e9, cliquez <a href=\"http:\/\/www.rtbf.be\/info\/regions\/detail_anderlecht-fixe-le-cadre-d-un-nouveau-quartier-de-47-ha-qui-sortira-de-terre-d-ici-10-ans?id=9334753\">ici<\/a>.<\/em><\/p>\n<\/div>\n<\/div>\n","protected":false},"excerpt":{"rendered":"<p>Anderlecht fixe le cadre d&rsquo;un nouveau quartier de 47 ha qui sortira de [&hellip;]<\/p>\n","protected":false},"author":2,"featured_media":0,"comment_status":"closed","ping_status":"open","sticky":false,"template":"","format":"standard","meta":{"ngg_post_thumbnail":0,"footnotes":""},"categories":[39,19],"tags":[],"class_list":["post-527","post","type-post","status-publish","format-standard","hentry","category-anderlecht","category-presse"],"aioseo_notices":[],"_links":{"self":[{"href":"https:\/\/gaetanvangoidsenhoven.be\/index.php\/wp-json\/wp\/v2\/posts\/527","targetHints":{"allow":["GET"]}}],"collection":[{"href":"https:\/\/gaetanvangoidsenhoven.be\/index.php\/wp-json\/wp\/v2\/posts"}],"about":[{"href":"https:\/\/gaetanvangoidsenhoven.be\/index.php\/wp-json\/wp\/v2\/types\/post"}],"author":[{"embeddable":true,"href":"https:\/\/gaetanvangoidsenhoven.be\/index.php\/wp-json\/wp\/v2\/users\/2"}],"replies":[{"embeddable":true,"href":"https:\/\/gaetanvangoidsenhoven.be\/index.php\/wp-json\/wp\/v2\/comments?post=527"}],"version-history":[{"count":1,"href":"https:\/\/gaetanvangoidsenhoven.be\/index.php\/wp-json\/wp\/v2\/posts\/527\/revisions"}],"predecessor-version":[{"id":528,"href":"https:\/\/gaetanvangoidsenhoven.be\/index.php\/wp-json\/wp\/v2\/posts\/527\/revisions\/528"}],"wp:attachment":[{"href":"https:\/\/gaetanvangoidsenhoven.be\/index.php\/wp-json\/wp\/v2\/media?parent=527"}],"wp:term":[{"taxonomy":"category","embeddable":true,"href":"https:\/\/gaetanvangoidsenhoven.be\/index.php\/wp-json\/wp\/v2\/categories?post=527"},{"taxonomy":"post_tag","embeddable":true,"href":"https:\/\/gaetanvangoidsenhoven.be\/index.php\/wp-json\/wp\/v2\/tags?post=527"}],"curies":[{"name":"wp","href":"https:\/\/api.w.org\/{rel}","templated":true}]}}