{"id":529,"date":"2017-03-02T13:33:08","date_gmt":"2017-03-02T12:33:08","guid":{"rendered":"http:\/\/gaetanvangoidsenhoven.be\/?p=529"},"modified":"2017-03-02T13:33:08","modified_gmt":"2017-03-02T12:33:08","slug":"un-nouveau-look-pour-le-westland-shopping-center-danderlecht-en-2020","status":"publish","type":"post","link":"https:\/\/gaetanvangoidsenhoven.be\/index.php\/2017\/03\/02\/un-nouveau-look-pour-le-westland-shopping-center-danderlecht-en-2020\/","title":{"rendered":"Un nouveau look pour le Westland Shopping Center d\u2019Anderlecht en 2020"},"content":{"rendered":"<div class=\"row\">\n<div class=\"col-sm-12 block_item__double-sm block_item__triple\">\n<div class=\"article\">\n<header>\n<h1 class=\"article_title\">Un nouveau look pour le Westland Shopping Center d\u2019Anderlecht en 2020<\/h1>\n<p class=\"article-productionData\"><img decoding=\"async\" class=\"illustration-img_img aligncenter\" title=\"\u00a9 D.R.\" src=\"http:\/\/r1.ldh.be\/image\/1e\/5773801b35708dcfedb9e91e.jpg\" alt=\"\" data-srcset=\"{&quot;140&quot;:&quot;http:\/\/r3.ldh.be\/image\/42\/5773801b35705701fd91b542.jpg&quot;,&quot;300&quot;:&quot;http:\/\/r2.ldh.be\/image\/41\/5773801b35705701fd91b541.jpg&quot;,&quot;620&quot;:&quot;http:\/\/r1.ldh.be\/image\/1c\/5773801b35708dcfedb9e91c.jpg&quot;,&quot;940&quot;:&quot;http:\/\/r1.ldh.be\/image\/1e\/5773801b35708dcfedb9e91e.jpg&quot;}\" data-src=\"http:\/\/r1.ldh.be\/image\/1e\/5773801b35708dcfedb9e91e.jpg\"><\/p>\n<p class=\"article-productionData\"><b>Le site \u00e0 Anderlecht sera compl\u00e8tement transform\u00e9, tant \u00e0 l\u2019ext\u00e9rieur qu\u2019\u00e0 l\u2019int\u00e9rieur. Les travaux d\u00e9buteront en 2018.<\/b><\/p>\n<\/header>\n<\/div>\n<\/div>\n<\/div>\n<div class=\"row\">\n<div class=\"col-md-8 block_item__double-md\">\n<div class=\"article\">\n<div id=\"article-text\" class=\"article-text\">\n<p>Construit en 1973, le Westland Shopping Center d\u2019Anderlecht, situ\u00e9 au n\u00b0 433 du Boulevard Sylvain Dupuis, s\u2019est d\u00e9velopp\u00e9 pour devenir une destination de shopping incontournable \u00e0 l\u2019ouest de la R\u00e9gion bruxelloise. Mais d\u2019ici 2020, le site sera compl\u00e8tement transform\u00e9, tant \u00e0 l\u2019ext\u00e9rieur qu\u2019\u00e0 l\u2019int\u00e9rieur. Les travaux d\u00e9buteront en 2018 pour se terminer en 2020. Voici, en exclusivit\u00e9, les nouveaut\u00e9s pr\u00e9vues par cet ambitieux projet.<\/p>\n<p>Tout d\u2019abord, le plan d\u2019am\u00e9nagement des surfaces du centre commercial sera adapt\u00e9. De nouveaux espaces de rencontre seront cr\u00e9\u00e9s \u00e0 l\u2019int\u00e9rieur du b\u00e2timent, et une augmentation de surface de 12.000 m2 est pr\u00e9vue. La surface commerciale \u00e9tant d\u2019aujourd\u2019hui 38.000m2, il s\u2019agit donc d\u2019une augmentation d\u2019un tiers de surface. Ceci permettra \u00e0 certains commer\u00e7ants actuels d\u2019\u00e9tendre leurs activit\u00e9s, mais aussi d\u2019en accueillir de nouveaux, m\u00eame si aucun nombre pr\u00e9cis n\u2019a pour l\u2019heure \u00e9t\u00e9 communiqu\u00e9.<\/p>\n<p>Des terrasses ext\u00e9rieures verront le jour cr\u00e9ant ainsi des zones de d\u00e9tentes et des emplacements propices \u00e0 la restauration. <i>\u00ab\u00a0Ce plan permet de faire p\u00e9n\u00e9trer une grande quantit\u00e9 de lumi\u00e8re. Le shopping va muter, passant d\u2019un b\u00e2timent introverti \u00e0 un ensemble ouvert et accueillant. Cela va cr\u00e9er un sentiment de qui\u00e9tude auquel les visiteurs sont attach\u00e9s\u00a0\u00bb<\/i>, a comment\u00e9 Gr\u00e9goire de Jerphanion, de DDS &amp; Partners, architecte du projet.<\/p>\n<p>Avec sa superficie de 7 hectares, le site du Westland offre de nombreuses possibilit\u00e9s. Le nouveau plan optimisera l\u2019utilisation de cet espace. <i>\u00ab\u00a0Si le b\u00e9ton et l\u2019asphalte d\u00e9terminent actuellement le look du site, ce ne sera bient\u00f4t plus le cas\u00a0\u00bb<\/i>, explique Alexis Spaas, manager de projet chez AG Real Estate, le propri\u00e9taire du site.<\/p>\n<p>De nouveaux sentiers p\u00e9destres et cyclables seront am\u00e9nag\u00e9s pour les visiteurs et les riverains. <i>\u00ab\u00a0Ces nouveaux espaces verts \u00e9tabliront une jonction naturelle entre le centre commercial et son voisinage\u00a0\u00bb<\/i>, commente Guillaume van der Vaeren de JNC, l\u2019architecte paysagiste qui a con\u00e7u ce nouveau plan vert.<\/p>\n<p>Le projet pr\u00e9voit \u00e9galement l\u2019am\u00e9nagement d\u2019un parc avec plaine de jeux, mais aussi d\u2019une roseli\u00e8re. <i>\u00ab\u00a0En am\u00e9nageant les espaces de verdure, le centre ne sera plus uniquement une destination de shopping<\/i>. <i>Les gens viendront y prendre l\u2019air, se d\u00e9tendre et profiter de la verdure, qu\u2019ils soient clients ou riverains<\/i>\u00ab\u00a0.<\/p>\n<p>Les commer\u00e7ants et riverains ont pris connaissance du projet ce mardi et la demande de permis a \u00e9t\u00e9 introduite aupr\u00e8s de la R\u00e9gion. Une fois la proc\u00e9dure finalis\u00e9e, les travaux devraient d\u00e9buter en 2018 pour durer pr\u00e8s de 24 mois. Le chantier sera phas\u00e9 afin de permettre au Westland de rester ouvert pendant les travaux.<\/p>\n<h2>Une modernisation indispensable<\/h2>\n<p>\u00c9rig\u00e9 il y a 45 ans, le Westland Shopping Center \u00e9tait alors implant\u00e9 sur un terrain situ\u00e9 en pleine campagne. Aujourd\u2019hui, le contexte urbain a \u00e9norm\u00e9ment chang\u00e9 puisque le centre commercial se trouve dans un quartier dens\u00e9ment peupl\u00e9 qui s\u2019est \u00e9norm\u00e9ment d\u00e9velopp\u00e9. Des phases de modernisation du centre commercial ont eu lieu afin de s\u2019adapter \u00e0 cette r\u00e9alit\u00e9, mais sans qu\u2019il ne devienne pour autant un complexe ultramoderne comme on peut le voir dans d\u2019autres grandes villes. <i>\u00ab\u00a0Ce projet de modernisation est indispensable. Si on conserve ce vieux centre commercial en l\u2019\u00e9tat, la concurrence avec le nouveau centre commercial Docks Bruxsel <\/i>(NdlR, qui ouvrira en octobre prochain le long du canal) <i>et le projet Neo entra\u00eenerait une perte de client\u00e8le. Les gens auraient tendance \u00e0 aller faire leurs achats ailleurs\u00a0\u00bb<\/i>, a comment\u00e9 l\u2019\u00e9chevin anderlechtois de l\u2019Urbanisme Ga\u00ebtan Van Goidsenhoven (MR). <i>\u00ab\u00a0Le dimanche, en soir\u00e9e, les commerces du Westland Shopping Center ne sont pas beaucoup fr\u00e9quent\u00e9s donc il faut y cr\u00e9er une activit\u00e9 plus continue en rendant le complexe attrayant pour les clients, mais aussi pour les habitants de ce quartier toujours plus habit\u00e9\u00a0\u00bb<\/i>.<\/p>\n<p>&nbsp;<\/p>\n<\/div>\n<\/div>\n<p><em>Article mis en ligne le 29 juin 2016. Ecrit par Arnaud Farr pour La Derni\u00e8re Heure.<\/em><br \/>\n<em>Pour consulter l&rsquo;article dans son int\u00e9gralit\u00e9, cliquez <a href=\"http:\/\/www.dhnet.be\/regions\/bruxelles\/un-nouveau-look-pour-le-westland-shopping-center-d-anderlecht-en-2020-5772f68c35708dcfedb99b49\">ici<\/a>.<\/em><\/p>\n<\/div>\n<\/div>\n","protected":false},"excerpt":{"rendered":"<p>Un nouveau look pour le Westland Shopping Center d\u2019Anderlecht en 2020 Le site [&hellip;]<\/p>\n","protected":false},"author":2,"featured_media":0,"comment_status":"closed","ping_status":"open","sticky":false,"template":"","format":"standard","meta":{"ngg_post_thumbnail":0,"footnotes":""},"categories":[39,19],"tags":[],"class_list":["post-529","post","type-post","status-publish","format-standard","hentry","category-anderlecht","category-presse"],"aioseo_notices":[],"_links":{"self":[{"href":"https:\/\/gaetanvangoidsenhoven.be\/index.php\/wp-json\/wp\/v2\/posts\/529","targetHints":{"allow":["GET"]}}],"collection":[{"href":"https:\/\/gaetanvangoidsenhoven.be\/index.php\/wp-json\/wp\/v2\/posts"}],"about":[{"href":"https:\/\/gaetanvangoidsenhoven.be\/index.php\/wp-json\/wp\/v2\/types\/post"}],"author":[{"embeddable":true,"href":"https:\/\/gaetanvangoidsenhoven.be\/index.php\/wp-json\/wp\/v2\/users\/2"}],"replies":[{"embeddable":true,"href":"https:\/\/gaetanvangoidsenhoven.be\/index.php\/wp-json\/wp\/v2\/comments?post=529"}],"version-history":[{"count":1,"href":"https:\/\/gaetanvangoidsenhoven.be\/index.php\/wp-json\/wp\/v2\/posts\/529\/revisions"}],"predecessor-version":[{"id":530,"href":"https:\/\/gaetanvangoidsenhoven.be\/index.php\/wp-json\/wp\/v2\/posts\/529\/revisions\/530"}],"wp:attachment":[{"href":"https:\/\/gaetanvangoidsenhoven.be\/index.php\/wp-json\/wp\/v2\/media?parent=529"}],"wp:term":[{"taxonomy":"category","embeddable":true,"href":"https:\/\/gaetanvangoidsenhoven.be\/index.php\/wp-json\/wp\/v2\/categories?post=529"},{"taxonomy":"post_tag","embeddable":true,"href":"https:\/\/gaetanvangoidsenhoven.be\/index.php\/wp-json\/wp\/v2\/tags?post=529"}],"curies":[{"name":"wp","href":"https:\/\/api.w.org\/{rel}","templated":true}]}}