{"id":534,"date":"2017-03-02T13:48:18","date_gmt":"2017-03-02T12:48:18","guid":{"rendered":"http:\/\/gaetanvangoidsenhoven.be\/?p=534"},"modified":"2017-03-02T13:48:18","modified_gmt":"2017-03-02T12:48:18","slug":"rogier-a-nouveau-eventre","status":"publish","type":"post","link":"https:\/\/gaetanvangoidsenhoven.be\/index.php\/2017\/03\/02\/rogier-a-nouveau-eventre\/","title":{"rendered":"Rogier \u00e0 nouveau \u00e9ventr\u00e9"},"content":{"rendered":"<div class=\"row\">\n<div class=\"col-sm-12 block_item__double-sm block_item__triple\">\n<div class=\"article\">\n<header>\n<h1 class=\"article_title\" style=\"text-align: left;\">Rogier \u00e0 nouveau \u00e9ventr\u00e9<\/h1>\n<p class=\"article-productionData\" style=\"text-align: left;\"><img decoding=\"async\" class=\"illustration-img_img alignleft\" title=\"\u00a9 \u00a9 BAUWERAERTS DIDIER\" src=\"http:\/\/r2.llb.be\/image\/44\/577b454835708dcfedbe1744.jpg\" alt=\"\" data-srcset=\"{&quot;140&quot;:&quot;http:\/\/r3.llb.be\/image\/15\/577b454835705701fd966d15.jpg&quot;,&quot;300&quot;:&quot;http:\/\/r1.llb.be\/image\/43\/577b454835708dcfedbe1743.jpg&quot;,&quot;620&quot;:&quot;http:\/\/r2.llb.be\/image\/14\/577b454835705701fd966d14.jpg&quot;,&quot;940&quot;:&quot;http:\/\/r2.llb.be\/image\/44\/577b454835708dcfedbe1744.jpg&quot;}\" data-src=\"http:\/\/r2.llb.be\/image\/44\/577b454835708dcfedbe1744.jpg\"><\/p>\n<\/header>\n<div class=\"article-shareBox addthis_sharing_toolbox\">&nbsp;<\/div>\n<\/div>\n<\/div>\n<\/div>\n<div class=\"row\">\n<div class=\"col-md-8 block_item__double-md\">\n<div class=\"article\">\n<aside class=\"article-highlightedLinksBox\"><\/aside>\n<div id=\"article-text\" class=\"article-text\">\n<p class=\"lettrine1cara\">Le chantier relatif \u00e0 la r\u00e9novation de l\u2019\u00e9tanch\u00e9it\u00e9 du tunnel routier Rogier a d\u00e9but\u00e9 ce lundi. Durant cette premi\u00e8re phase qui doit s\u2019achever le 22 juillet, les travaux se concentrent sur le carrefour entre la rue Gineste et le boulevard du Jardin Botanique. Le tunnel ainsi que le boulevard restent accessibles aux voitures.<\/p>\n<p>Le cabinet du ministre bruxellois des Travaux publics Pascal Smet (SP.A) avait assur\u00e9 que l\u2019impact de ce nouveau chantier sur les am\u00e9nagements d\u00e9j\u00e0 r\u00e9alis\u00e9s en surface aux abords de la place Rogier serait minime. En nous rendant sur les lieux, nous avons constat\u00e9 qu\u2019environ 70 dalles du Strip ont d\u00fb \u00eatre retir\u00e9es. Intactes, celles-ci pourront \u00e0 nouveau \u00eatre pos\u00e9es \u00e0 l\u2019issue des travaux. Pour m\u00e9moire, le Strip est la promenade pi\u00e9tonne longue de 300 m\u00e8tres le long de la Petite Ceinture, sur le tron\u00e7on compris entre la rue Gineste et le boulevard Albert II. Celle-ci avait \u00e9t\u00e9 am\u00e9nag\u00e9e il y a tout juste deux ans.<\/p>\n<p><i>\u00ab\u00a0Vous aviez dit que l\u2019imperm\u00e9abilisation du tunnel n\u2019empi\u00e9terait pas sur les travaux effectu\u00e9s. Mais nous ne pouvons pas consid\u00e9rer que l\u2019impact soit si minime. Mais vous nous direz : faire et d\u00e9faire, c\u2019est toujours travailler\u00a0\u00bb<\/i>, a ironis\u00e9 hier la D\u00e9put\u00e9e bruxelloise C\u00e9line Delforge (Ecolo) en commission Infrastructure du parlement bruxellois. Le Ministre Smet a r\u00e9torqu\u00e9 que l\u2019impact restait local et limit\u00e9 et qu\u2019il n\u2019y avait de toute fa\u00e7on pas d\u2019autre choix.<\/p>\n<p>Egalement interrog\u00e9 par le parlementaire Ga\u00ebtan Van Goidsenhoven (MR) sur le calendrier des travaux de la place Rogier, Pascal Smet a fait part de difficult\u00e9s li\u00e9es \u00e0 l\u2019auvent dont la structure m\u00e9tallique doit \u00eatre recouverte d\u2019une sorte de voile en plastique. <i>\u00ab\u00a0Les points d\u2019attache entre la structure de l\u2019auvent et la feuille ne correspondent pas suffisamment pour permettre la tension n\u00e9cessaire du rev\u00eatement. En fonction des r\u00e9sultats du remplacement et de la pose des secteurs actuels, un nouveau planning adapt\u00e9 pourra \u00eatre fourni pour le rev\u00eatement de l\u2019auvent. C\u2019est le probl\u00e8me de l\u2019entrepreneur. Qui doit le r\u00e9soudre.\u00a0\u00bb<\/i><\/p>\n<p>En clair , plus aucun d\u00e9lai n\u2019est d\u00e9livr\u00e9 par les autorit\u00e9s r\u00e9gionales concernant la r\u00e9ouverture de la place au public. <i>\u00ab\u00a0Apr\u00e8s avoir admis il y a un an que ce chantier est le parfait contre-exemple de ce qu\u2019il ne faut pas faire, Monsieur Smet se montre d\u00e9sormais beaucoup moins loquace concernant les difficult\u00e9s qui s\u2019accumulent. Rogier est le symbole d\u2019un manque de capacit\u00e9 technique \u00e0 suivre un chantier d\u2019envergure. Alors que l\u2019auvent est un truc exp\u00e9rimental qui ne fonctionne pas, le ministre botte en touche en montrant du doigt l\u2019entrepreneur. Mais c\u2019est une r\u00e9ponse trop faible au regard de sa propre responsabilit\u00e9 et de celle de ses services qui peinent \u00e0 encadrer ce projet\u00a0\u00bb<\/i>, a comment\u00e9 Ga\u00ebtan Van Goidsenhoven en marge de la commission.<\/p>\n<p>&nbsp;<\/p>\n<\/div>\n<p><em>Article mis en ligne le 5 juillet 2016, r\u00e9dig\u00e9 par PA. D. pour La Libre.<\/em><br \/>\n<em>Pour consulter l&rsquo;article dans son int\u00e9gralit\u00e9, cliquez <a href=\"http:\/\/www.lalibre.be\/regions\/bruxelles\/rogier-a-nouveau-eventre-577aa08835708dcfedbdbd70\">ici<\/a>.<\/em><\/p>\n<\/div>\n<\/div>\n<\/div>\n","protected":false},"excerpt":{"rendered":"<p>Rogier \u00e0 nouveau \u00e9ventr\u00e9 &nbsp; Le chantier relatif \u00e0 la r\u00e9novation de l\u2019\u00e9tanch\u00e9it\u00e9 [&hellip;]<\/p>\n","protected":false},"author":2,"featured_media":0,"comment_status":"closed","ping_status":"open","sticky":false,"template":"","format":"standard","meta":{"ngg_post_thumbnail":0,"footnotes":""},"categories":[19],"tags":[],"class_list":["post-534","post","type-post","status-publish","format-standard","hentry","category-presse"],"aioseo_notices":[],"_links":{"self":[{"href":"https:\/\/gaetanvangoidsenhoven.be\/index.php\/wp-json\/wp\/v2\/posts\/534","targetHints":{"allow":["GET"]}}],"collection":[{"href":"https:\/\/gaetanvangoidsenhoven.be\/index.php\/wp-json\/wp\/v2\/posts"}],"about":[{"href":"https:\/\/gaetanvangoidsenhoven.be\/index.php\/wp-json\/wp\/v2\/types\/post"}],"author":[{"embeddable":true,"href":"https:\/\/gaetanvangoidsenhoven.be\/index.php\/wp-json\/wp\/v2\/users\/2"}],"replies":[{"embeddable":true,"href":"https:\/\/gaetanvangoidsenhoven.be\/index.php\/wp-json\/wp\/v2\/comments?post=534"}],"version-history":[{"count":1,"href":"https:\/\/gaetanvangoidsenhoven.be\/index.php\/wp-json\/wp\/v2\/posts\/534\/revisions"}],"predecessor-version":[{"id":535,"href":"https:\/\/gaetanvangoidsenhoven.be\/index.php\/wp-json\/wp\/v2\/posts\/534\/revisions\/535"}],"wp:attachment":[{"href":"https:\/\/gaetanvangoidsenhoven.be\/index.php\/wp-json\/wp\/v2\/media?parent=534"}],"wp:term":[{"taxonomy":"category","embeddable":true,"href":"https:\/\/gaetanvangoidsenhoven.be\/index.php\/wp-json\/wp\/v2\/categories?post=534"},{"taxonomy":"post_tag","embeddable":true,"href":"https:\/\/gaetanvangoidsenhoven.be\/index.php\/wp-json\/wp\/v2\/tags?post=534"}],"curies":[{"name":"wp","href":"https:\/\/api.w.org\/{rel}","templated":true}]}}