{"id":538,"date":"2017-03-02T14:16:54","date_gmt":"2017-03-02T13:16:54","guid":{"rendered":"http:\/\/gaetanvangoidsenhoven.be\/?p=538"},"modified":"2017-03-02T14:16:54","modified_gmt":"2017-03-02T13:16:54","slug":"nous-avons-des-problemes-avec-les-migrants-syriens","status":"publish","type":"post","link":"https:\/\/gaetanvangoidsenhoven.be\/index.php\/2017\/03\/02\/nous-avons-des-problemes-avec-les-migrants-syriens\/","title":{"rendered":"\u00ab\u00a0Nous avons des probl\u00e8mes avec les migrants syriens\u00a0\u00bb"},"content":{"rendered":"<div class=\"row\">\n<div class=\"col-sm-12 block_item__double-sm block_item__triple\">\n<div class=\"article\">\n<header>\n<h1 class=\"article_title\">\u00ab\u00a0Nous avons des probl\u00e8mes avec les migrants syriens\u00a0\u00bb<\/h1>\n<p class=\"article-productionData\"><img decoding=\"async\" class=\"illustration-img_img\" title=\"\u00a9 St\u00e9phanie Lecocq\" src=\"http:\/\/r1.ldh.be\/image\/2b\/57ad5c0b35704fe6c1d6002b.jpg\" alt=\"\" data-srcset=\"{&quot;140&quot;:&quot;http:\/\/r1.ldh.be\/image\/ba\/57ad5c0b35709a31055d2fba.jpg&quot;,&quot;300&quot;:&quot;http:\/\/r1.ldh.be\/image\/29\/57ad5c0b35704fe6c1d60029.jpg&quot;,&quot;620&quot;:&quot;http:\/\/r1.ldh.be\/image\/bb\/57ad5c0b35709a31055d2fbb.jpg&quot;,&quot;940&quot;:&quot;http:\/\/r1.ldh.be\/image\/2b\/57ad5c0b35704fe6c1d6002b.jpg&quot;}\" data-src=\"http:\/\/r1.ldh.be\/image\/2b\/57ad5c0b35704fe6c1d6002b.jpg\"><\/p>\n<\/header>\n<\/div>\n<\/div>\n<\/div>\n<div class=\"row\">\n<div class=\"col-md-8 block_item__double-md\">\n<div class=\"article\">\n<div id=\"article-text\" class=\"article-text\">\n<p>La police de la zone Midi est intervenue mardi soir dans le quartier Cureghem \u00e0 Anderlecht pour mettre fin \u00e0 des incidents qui impliquaient des habitants du quartier et des migrants syriens. La police n\u2019a proc\u00e9d\u00e9 \u00e0 aucune interpellation. Les attroupements ont \u00e9t\u00e9 dispers\u00e9s, le calme est revenu apr\u00e8s 21 heures.<\/p>\n<p>Mais ces incidents <i>\u00ab\u00a0avec des r\u00e9fugi\u00e9s syriens\u00a0\u00bb<\/i> ne seraient pas les premiers, comme le confirment des sources polici\u00e8res. Et leur r\u00e9p\u00e9tition inqui\u00e8te le premier \u00e9chevin d\u2019Anderlecht et bourgmestre ff Ga\u00ebtan Van Goidsenhoven.<\/p>\n<p>Hier, ce dernier a donn\u00e9 pour instructions \u00e0 la police de la zone Midi d\u2019\u00eatre <i>\u00ab\u00a0tr\u00e8s attentive\u00a0\u00bb.<\/i><\/p>\n<p>Ga\u00ebtan Van Goidsenhoven est inform\u00e9 de <i>\u00ab\u00a0probl\u00e8mes de coexistence de deux populations, un ph\u00e9nom\u00e8ne qui prend de l\u2019ampleur. La commune fait de son mieux\u00a0\u00bb <\/i>mais, ajoute l\u2019int\u00e9ress\u00e9, <i>\u00ab\u00a0Anderlecht n\u2019est pas pr\u00e9par\u00e9 pour g\u00e9rer toutes les difficult\u00e9s du monde\u00a0\u00bb<\/i> et <i>\u00ab\u00a0la r\u00e9ponse ne peut \u00eatre exclusivement communale\u00a0\u00bb.<\/i><\/p>\n<p>Bagarres, rackets, mises \u00e0 sac d\u2019\u00e9tablissements, coups de feu : des sources polici\u00e8res indiquent que l\u2019arriv\u00e9e en nombre de migrants cr\u00e9e depuis peu des tensions \u00e0 Cureghem.<\/p>\n<p>Le bourgmestre ff parle d\u2019un <i>\u00ab\u00a0ph\u00e9nom\u00e8ne nouveau\u00a0\u00bb<\/i>. Pourquoi des r\u00e9fugi\u00e9s syriens ? Selon M. Van Goidsenhoven, une communaut\u00e9 syrienne petite et paisible vivait d\u00e9j\u00e0 dans ce quartier avant le conflit.<\/p>\n<p>Quand celui-ci a \u00e9clat\u00e9, les nouveaux r\u00e9fugi\u00e9s port\u00e9s par la crise migratoire ont naturellement rejoint le quartier o\u00f9 des compatriotes pouvaient les accueillir. Et les migrants occupent maintenant des logements et d\u00e9veloppent \u00e0 Cureghem des activit\u00e9s qui semblent porter ombrage aux autres. Des policiers parlent de <i>\u00ab\u00a0lutte classique pour le contr\u00f4le d\u2019un territoire\u00a0\u00bb<\/i>.<\/p>\n<p>Dernier en date d\u2019une longue liste, l\u2019incident de mardi soir serait parti d\u2019une dispute au parc de la Ros\u00e9e entre enfants du quartier et enfants de r\u00e9fugi\u00e9s.<\/p>\n<p>Les communaut\u00e9s rameut\u00e9es se sont retrouv\u00e9es rue de la Clinique o\u00f9 <i>\u00ab\u00a0les patrouilles d\u2019intervention ont d\u00fb s\u00e9parer les deux clans et disperser l\u2019attroupement. Il n\u2019y a pas eu d\u2019acte d\u2019agressivit\u00e9 envers elles.\u00a0\u00bb<\/i><\/p>\n<p>Ga\u00ebtan Van Goidsenhoven fait \u00e9tat <i>\u00ab\u00a0de tensions fortes dues \u00e0 l\u2019arriv\u00e9e des migrants. Nos services constatent que le ph\u00e9nom\u00e8ne, loin de se r\u00e9soudre, prend de l\u2019ampleur. C\u2019est un ph\u00e9nom\u00e8ne rapide et mouvant [\u2026] avec des gens qui viennent et qui partent. On sent qu\u2019un petit diff\u00e9rend peut enflammer les populations. Il est hors de question de minimiser. On g\u00e8re dans l\u2019urgence. Apr\u00e8s les incidents (de mardi soir \u00e0 Cureghem), j\u2019ai demand\u00e9 \u00e0 la zone de police de rester particuli\u00e8rement mobilis\u00e9e et vigilante. L\u2019ensemble des maillons de la pr\u00e9vention et de la s\u00e9curit\u00e9 ont quelque chose \u00e0 construire avec les migrants syriens mais c\u2019est lourd \u00e0 g\u00e9rer et la r\u00e9ponse ne peut pas \u00eatre exclusivement communale\u00a0\u00bb.<\/i><\/p>\n<\/div>\n<\/div>\n<\/div>\n<p>&nbsp;<\/p>\n<p><em>Article mis en ligne le 12 ao\u00fbt 2016 et r\u00e9dig\u00e9 par Gilbert Dupont pour La Derni\u00e8re Heure .<\/em><em><br \/>\nPour consulter l&rsquo;article dans son int\u00e9gralit\u00e9, cliquez&nbsp;<\/em><em><a href=\"http:\/\/www.dhnet.be\/actu\/belgique\/nous-avons-des-problemes-avec-les-migrants-syriens-57aca8c535704fe6c1d5b017\">ici<\/a>.<\/em><\/p>\n<\/div>\n","protected":false},"excerpt":{"rendered":"<p>\u00ab\u00a0Nous avons des probl\u00e8mes avec les migrants syriens\u00a0\u00bb La police de la zone [&hellip;]<\/p>\n","protected":false},"author":2,"featured_media":0,"comment_status":"closed","ping_status":"open","sticky":false,"template":"","format":"standard","meta":{"ngg_post_thumbnail":0,"footnotes":""},"categories":[39,19],"tags":[],"class_list":["post-538","post","type-post","status-publish","format-standard","hentry","category-anderlecht","category-presse"],"aioseo_notices":[],"_links":{"self":[{"href":"https:\/\/gaetanvangoidsenhoven.be\/index.php\/wp-json\/wp\/v2\/posts\/538","targetHints":{"allow":["GET"]}}],"collection":[{"href":"https:\/\/gaetanvangoidsenhoven.be\/index.php\/wp-json\/wp\/v2\/posts"}],"about":[{"href":"https:\/\/gaetanvangoidsenhoven.be\/index.php\/wp-json\/wp\/v2\/types\/post"}],"author":[{"embeddable":true,"href":"https:\/\/gaetanvangoidsenhoven.be\/index.php\/wp-json\/wp\/v2\/users\/2"}],"replies":[{"embeddable":true,"href":"https:\/\/gaetanvangoidsenhoven.be\/index.php\/wp-json\/wp\/v2\/comments?post=538"}],"version-history":[{"count":1,"href":"https:\/\/gaetanvangoidsenhoven.be\/index.php\/wp-json\/wp\/v2\/posts\/538\/revisions"}],"predecessor-version":[{"id":539,"href":"https:\/\/gaetanvangoidsenhoven.be\/index.php\/wp-json\/wp\/v2\/posts\/538\/revisions\/539"}],"wp:attachment":[{"href":"https:\/\/gaetanvangoidsenhoven.be\/index.php\/wp-json\/wp\/v2\/media?parent=538"}],"wp:term":[{"taxonomy":"category","embeddable":true,"href":"https:\/\/gaetanvangoidsenhoven.be\/index.php\/wp-json\/wp\/v2\/categories?post=538"},{"taxonomy":"post_tag","embeddable":true,"href":"https:\/\/gaetanvangoidsenhoven.be\/index.php\/wp-json\/wp\/v2\/tags?post=538"}],"curies":[{"name":"wp","href":"https:\/\/api.w.org\/{rel}","templated":true}]}}